{"id":135370,"date":"2026-01-12T10:38:07","date_gmt":"2026-01-12T10:38:07","guid":{"rendered":"https:\/\/www.europesays.com\/no\/135370\/"},"modified":"2026-01-12T10:38:07","modified_gmt":"2026-01-12T10:38:07","slug":"jeg-er-kreftfri","status":"publish","type":"post","link":"https:\/\/www.europesays.com\/no\/135370\/","title":{"rendered":"&#8211; Jeg er kreftfri"},"content":{"rendered":"<p>Det var en ydmyk og glad Rekdal som var tilbake p\u00e5 treningsfeltet da AaFK startet sesongoppkj\u00f8ringen til comebacket i Eliteserien.\u00a0<\/p>\n<p>Og Rekdal innr\u00f8mmet at det var spesielt \u00e5 v\u00e6re tilbake i manesjen.\u00a0<\/p>\n<p>\u2013 Det er spennende, og litt spesielt for meg som har v\u00e6rt borte en stund. Fordi jeg har v\u00e6rt med veldig lite med i det siste, og skal begynne \u00e5 v\u00e6re med igjen, sier han.\u00a0<\/p>\n<p class=\"bold m-bold\" data-lab-font_weight=\"bold\">\u2013 Jeg vil pr\u00f8ve meg litt frem i starten, s\u00e5 jeg er litt spent p\u00e5 det, sier han til TV 2.\u00a0<\/p>\n<p class=\"italic m-italic\" data-lab-italic=\"italic\">\u2013 Hva er status?\u00a0<\/p>\n<p>\u2013 Status er at jeg er erkl\u00e6rt kreftfri og frisk, men jeg er ikke tilbake til der jeg var f\u00f8r dette begynte.\u00a0<\/p>\n<p>\u2013 En sakte prosess<\/p>\n<p>Sykdommen har satt \u00e5penbare spor i trenerlegenden.\u00a0<\/p>\n<p>\u2013 Det er noen mentale utfordringer, i tillegg til noen fysiske. Det er en prosess som g\u00e5r sakte, s\u00e5 jeg m\u00e5 ta en dag av gangen.\u00a0<\/p>\n<p>Han forteller \u00e5pent om hvordan det var \u00e5 f\u00e5 beskjeden om at han var kreftfri.\u00a0<\/p>\n<p>\u2013 Det var en lettelse selvf\u00f8lgelig. S\u00e5 blir det litt s\u00e5nn etappevis. OK, da tar jeg neste steg p\u00e5 veien.\u00a0<\/p>\n<p>Og det steget er \u00e5 v\u00e6re gradvis mer med laget p\u00e5 trening.\u00a0<\/p>\n<p>\u2013 Denne uka skal jeg v\u00e6re med i dag og i morra. S\u00e5 uka etter der er planen \u00e5 v\u00e6re med to eller tre ganger, sier han.\u00a0<\/p>\n<p>Deretter reiser laget p\u00e5 treningsleir. Etter den h\u00e5per Rekdal \u00e5 kunne v\u00e6re med for fullt igjen.\u00a0<\/p>\n<p>\u2013 Det er i alle fall det som er m\u00e5let mitt, s\u00e5 f\u00e5r jeg bare ta de tilbakemeldingene hodet og kroppen gir framover, sier han.\u00a0<\/p>\n<p>\u2013 Jeg m\u00e5 passe p\u00e5 at det ikke blir for mye s\u00e5nn at jeg g\u00e5r p\u00e5 en smell.\u00a0<\/p>\n<p>T\u00f8ff tid<\/p>\n<p>Rekdal forteller om et brutalt 2025 p\u00e5 det personlige planet.\u00a0<\/p>\n<p>\u2013 Privat s\u00e5 ble det veldig t\u00f8ft etter hvert. Sportslig ble det jo veldig bra til slutt, selv om det sportslige kom i bakgrunnen for min egen del utover h\u00f8sten. Men jeg beit i alle fall tennene sammen slik at jeg kunne f\u00e5 v\u00e6re med p\u00e5 opprykket.\u00a0<\/p>\n<p class=\"italic m-italic\" data-lab-italic=\"italic\">\u2013 Hvordan har dette forandret deg? Det setter vel spor?\u00a0<\/p>\n<p>\u2013 Det er klart det gj\u00f8r det. Og det finner jeg vel ut av etter hvert. Jeg kommer sikkert til \u00e5 f\u00e5 et annet perspektiv p\u00e5 ting. Alle jeg snakker med sier at jeg kommer til \u00e5 komme sterkere ut av det. S\u00e5 jeg g\u00e5r egentlig bare og venter p\u00e5 den dagen, humrer Rekdal.\u00a0<\/p>\n<p>F\u00f8r han blir alvorlig igjen.\u00a0<\/p>\n<p>\u2013 Noen dager er fine, andre dager er t\u00f8ffere. Man blir satt tilbake og preget av en s\u00e5nn opplevelse. Som jeg har sagt f\u00f8r s\u00e5 er det mange som har hatt det verre enn meg, men f\u00f8r meg har det v\u00e6rt t\u00f8ft. Det har jeg null problemer med \u00e5 innr\u00f8mme.\u00a0<\/p>\n<p>Rekdal forteller at opprykket ble en voldsom glede i alt som f\u00f8ltes veldig vanskelig i fjor h\u00f8st. Gledest\u00e5rene p\u00e5 Color Line stadion fortalte alt.\u00a0<\/p>\n<p>\u2013 Men s\u00e5 er det klart at for meg s\u00e5 ble den gleden kanskje litt mer kortvarig enn for andre. Fordi man har en brems der. Men n\u00e5r du f\u00e5r det p\u00e5 avstand s\u00e5 blir man jo imponert av den jobben som er gjort av spillere, trenere, og klubbledelsen som stod i det \u2013 med min utfordring p\u00e5 toppen av alt.\u00a0<\/p>\n<p class=\"bold m-bold\" data-lab-font_weight=\"bold\">\u2013 Det skal de ha all \u00e6re for.\u00a0<\/p>\n<p>\u2013 Ikke flaut \u00e5 vise f\u00f8lelser<\/p>\n<p data-lab-font_weight=\"\">Da t\u00e5rene flommet etter opprykket s\u00e5 de fleste av oss en ny side av den iskalde Rekdal som man har vokst opp med \u00e5 se p\u00e5 fotballbanen.\u00a0<\/p>\n<p data-lab-font_weight=\"\">\u2013 Ja, det kan du si. Men det er forskjell p\u00e5 jobb og privat.\u00a0 Og privat s\u00e5 har jeg kanskje vist dette oftere enn p\u00e5 jobb, smiler han.\u00a0<\/p>\n<p data-lab-font_weight=\"\">Og legger til.\u00a0<\/p>\n<p data-lab-font_weight=\"\">\u2013 Det er ikke flaut \u00e5 vise f\u00f8lelser, men i en jobbsituasjon er du kanskje litt mer herdet enn man er privat.\u00a0<\/p>\n","protected":false},"excerpt":{"rendered":"Det var en ydmyk og glad Rekdal som var tilbake p\u00e5 treningsfeltet da AaFK startet sesongoppkj\u00f8ringen til comebacket&hellip;\n","protected":false},"author":2,"featured_media":135371,"comment_status":"","ping_status":"","sticky":false,"template":"","format":"standard","meta":{"footnotes":""},"categories":[5],"tags":[20,21,24,25,15,19,22,23,17,18,13,30,28,29,14,16,26,27],"class_list":{"0":"post-135370","1":"post","2":"type-post","3":"status-publish","4":"format-standard","5":"has-post-thumbnail","7":"category-overskrifter","8":"tag-breaking-news","9":"tag-breakingnews","10":"tag-featured-news","11":"tag-featurednews","12":"tag-headlines","13":"tag-hovedoppslag","14":"tag-latest-news","15":"tag-latestnews","16":"tag-main-news","17":"tag-mainnews","18":"tag-news","19":"tag-no","20":"tag-norge","21":"tag-norway","22":"tag-nyheter","23":"tag-overskrifter","24":"tag-top-stories","25":"tag-topstories"},"share_on_mastodon":{"url":"https:\/\/pubeurope.com\/@no\/115881699267760879","error":""},"_links":{"self":[{"href":"https:\/\/www.europesays.com\/no\/wp-json\/wp\/v2\/posts\/135370","targetHints":{"allow":["GET"]}}],"collection":[{"href":"https:\/\/www.europesays.com\/no\/wp-json\/wp\/v2\/posts"}],"about":[{"href":"https:\/\/www.europesays.com\/no\/wp-json\/wp\/v2\/types\/post"}],"author":[{"embeddable":true,"href":"https:\/\/www.europesays.com\/no\/wp-json\/wp\/v2\/users\/2"}],"replies":[{"embeddable":true,"href":"https:\/\/www.europesays.com\/no\/wp-json\/wp\/v2\/comments?post=135370"}],"version-history":[{"count":0,"href":"https:\/\/www.europesays.com\/no\/wp-json\/wp\/v2\/posts\/135370\/revisions"}],"wp:featuredmedia":[{"embeddable":true,"href":"https:\/\/www.europesays.com\/no\/wp-json\/wp\/v2\/media\/135371"}],"wp:attachment":[{"href":"https:\/\/www.europesays.com\/no\/wp-json\/wp\/v2\/media?parent=135370"}],"wp:term":[{"taxonomy":"category","embeddable":true,"href":"https:\/\/www.europesays.com\/no\/wp-json\/wp\/v2\/categories?post=135370"},{"taxonomy":"post_tag","embeddable":true,"href":"https:\/\/www.europesays.com\/no\/wp-json\/wp\/v2\/tags?post=135370"}],"curies":[{"name":"wp","href":"https:\/\/api.w.org\/{rel}","templated":true}]}}