{"id":135374,"date":"2026-01-12T10:43:06","date_gmt":"2026-01-12T10:43:06","guid":{"rendered":"https:\/\/www.europesays.com\/no\/135374\/"},"modified":"2026-01-12T10:43:06","modified_gmt":"2026-01-12T10:43:06","slug":"norge-gir-milliarder-i-krisepakke-til-ukraina-nrk-urix-utenriksnyheter-og-dokumentarer","status":"publish","type":"post","link":"https:\/\/www.europesays.com\/no\/135374\/","title":{"rendered":"Norge gir milliarder i krisepakke til Ukraina \u2013 NRK Urix \u2013 Utenriksnyheter og -dokumentarer"},"content":{"rendered":"<p>Pengene skal g\u00e5 til skal g\u00e5 til energisektoren og til drift av den ukrainske staten.<\/p>\n<p>Regjeringen opplyser at pengene blant annet skal bidra til utbetaling av l\u00f8nninger til l\u00e6rere, helsepersonell og statsansatte, samt til utbetaling av pensjoner og sosialhjelp.<\/p>\n<p>\u2013 Den sivile st\u00f8tten fra Norge og det internasjonale samfunnet er n\u00f8dvendig for at det ukrainske samfunnet skal kunne opprettholde grunnleggende tjenester til befolkningen, som energi, infrastruktur, helsevesen og skole, sier statsminister Jonas Gahr St\u00f8re.<\/p>\n<p><img decoding=\"async\"   src=\"data:image\/gif;base64,R0lGODlhAQABAIAAAAAAAP\/\/\/yH5BAEAAAAALAAAAAABAAEAAAIBRAA7\" loading=\"eager\" alt=\"To personer spiller sjakk p\u00e5 et tog\" title=\"Foto: Utenriksdepartementet\"\/><\/p>\n<p class=\"\">Espen Barth Eide og r\u00e5dgiver Milla Skaug \u00d8degaard spilte sjakk p\u00e5 toget til Kyiv.<\/p>\n<p>Foto: Utenriksdepartementet<\/p>\n<p>\u2013 16 bitende minusgrader<\/p>\n<p>Utenriksminister Espen Barth Eide annonserte det norske bidraget i Kyiv mandag morgen.<\/p>\n<p>\u2013 Det er 16 bitende minusgrader i Kyiv i dag. Vi kan bare pr\u00f8ve \u00e5 forestille oss hvor kaldt det er n\u00e5r str\u00f8mmen kommer og g\u00e5r, og ofte er borte seks timer av gangen, sier Eide<\/p>\n<p>Han sier at dette er penger Ukraina s\u00e5rt trenger, og som de trenger n\u00e5. Flere ganger i uken retter Russland angrep mot infrastruktur som sikrer str\u00f8mforsyningen til<br \/>vanlige mennesker i Ukraina.<\/p>\n<p>\u2013 Det \u00e5 s\u00f8rge for at ukrainerne kan holde varmen, f\u00e5 laget mat og leve livene sine noenlunde som vanlig, er sv\u00e6rt viktig for at de skal fortsette \u00e5 holde ut denne krigen. En krig de kjemper p\u00e5 vegne av oss alle, sier Eide.<\/p>\n<p><img decoding=\"async\"   src=\"data:image\/gif;base64,R0lGODlhAQABAIAAAAAAAP\/\/\/yH5BAEAAAAALAAAAAABAAEAAAIBRAA7\" loading=\"eager\" alt=\"To personer st\u00e5r foran et minnesmerke dekket med sn\u00f8 og blomster. De ser mot en rekke flagg som er reist i omr\u00e5det. Flere mennesker er samlet i bakgrunnen, og bygninger er synlige langs gaten. Dagen er klar med bl\u00e5 himmel og sollys.\" title=\"Foto: Ukrainas utenriksdepartement \/ Ukrainas utenriksdepartement\"\/><\/p>\n<p class=\"\">Espen Barth Eide og hans ukrainske kollega Andrii Sybiha hedret falne p\u00e5 Majdan mandag.<\/p>\n<p>Foto: Ukrainas utenriksdepartement \/ Ukrainas utenriksdepartement<\/p>\n<p>Hedret falne<\/p>\n<p>Kort etter at han kom frem til hovedstaden hedret Barth Eide Ukrainas falne p\u00e5 Majdan i Kyiv.<\/p>\n<p>Majdan, i hjertet av Kyiv, er et uoffisielt minnested for de som har mistet livet i krigen i Ukraina.<\/p>\n<p>Familier har plassert ut bilder av sine kj\u00e6re, sammen med flagg og blomster.<\/p>\n<p><img decoding=\"async\"   src=\"data:image\/gif;base64,R0lGODlhAQABAIAAAAAAAP\/\/\/yH5BAEAAAAALAAAAAABAAEAAAIBRAA7\" loading=\"eager\" alt=\"Folk pilker p\u00e5 isen\" title=\"Foto: Reuters\"\/><\/p>\n<p class=\"\">Innbyggere i Kyiv pilket s\u00f8ndag p\u00e5 isen i kulda.<\/p>\n<p>Foto: Reuters<\/p>\n<p>Store angrep<\/p>\n<p>Kyiv har g\u00e5tt gjennom kraftige russiske missilangrep de siste dagene.<\/p>\n<p>If\u00f8lge president Zelenskyj har Russland angrepet Ukraina med 1100 droner, mer enn 890 flybomber og over 50 raketter den siste uka.<\/p>\n<p>Fredagens rakettangrep mot Kyiv resulterte i at praktisk talt hele byen mistet str\u00f8m og oppvarming i vinterkulden.<\/p>\n<p>Natt til mandag var det nye angrep som utl\u00f8ste en brann i byen. Mandag formiddag er rundt 35.000 mennesker uten str\u00f8m i den iskalde hovedstaden.<\/p>\n<p><img decoding=\"async\"   src=\"data:image\/gif;base64,R0lGODlhAQABAIAAAAAAAP\/\/\/yH5BAEAAAAALAAAAAABAAEAAAIBRAA7\" loading=\"eager\" alt=\"Mennesker inne i et telt\" title=\"Foto: TETIANA DZHAFAROVA \/ AFP \/ NTB\"\/><\/p>\n<p class=\"\">Det er satt opp varmetelt i Kyiv der folk kan komme inn for \u00e5 varme seg og lade opp mobiltelefoner.<\/p>\n<p>Foto: TETIANA DZHAFAROVA \/ AFP \/ NTB<\/p>\n<p>M\u00f8te i Sikkerhetsr\u00e5det<\/p>\n<p>Senere i dag skal FNs sikkerhetsr\u00e5d holde hastem\u00f8te for \u00e5 diskutere Ukraina.<\/p>\n<p>Det fremg\u00e5r av en oppdatering i Sikkerhetsr\u00e5dets m\u00f8tekalender, skriver NTB. Det kommer etter at Russland <a href=\"https:\/\/www.nrk.no\/urix\/eu-om-missilangrep-mot-ukraina_-_-en-advarsel-til-eu-og-usa-1.17720521\" ec-id=\"pp:article:1.17720521\" ec-name=\"brukte en hypersonisk rakett\" rel=\"nofollow noopener\" target=\"_blank\">brukte en hypersonisk rakett<\/a> av typen Oresjnik natt til fredag.<\/p>\n<p>\u2013 Russland har n\u00e5dd et nytt, grusomt niv\u00e5 med krigsforbrytelser og forbrytelser mot menneskeheten med terror mot sivile og sivil infrastruktur i Ukraina, skriver Ukrainas FN-ambassad\u00f8r Andriy Melyk i et brev til Sikkerhetsr\u00e5det.<\/p>\n<p>Publisert<\/p>\n<p>12.01.2026, kl. 09.54<\/p>\n<p>Oppdatert<\/p>\n<p>12.01.2026, kl. 11.20<\/p>\n","protected":false},"excerpt":{"rendered":"Pengene skal g\u00e5 til skal g\u00e5 til energisektoren og til drift av den ukrainske staten. Regjeringen opplyser at&hellip;\n","protected":false},"author":2,"featured_media":135375,"comment_status":"","ping_status":"","sticky":false,"template":"","format":"standard","meta":{"footnotes":""},"categories":[12],"tags":[20,21,24,25,15,22,23,13,30,28,29,14,16,26,27,42,43,44,45],"class_list":{"0":"post-135374","1":"post","2":"type-post","3":"status-publish","4":"format-standard","5":"has-post-thumbnail","7":"category-verden","8":"tag-breaking-news","9":"tag-breakingnews","10":"tag-featured-news","11":"tag-featurednews","12":"tag-headlines","13":"tag-latest-news","14":"tag-latestnews","15":"tag-news","16":"tag-no","17":"tag-norge","18":"tag-norway","19":"tag-nyheter","20":"tag-overskrifter","21":"tag-top-stories","22":"tag-topstories","23":"tag-verden","24":"tag-world","25":"tag-world-news","26":"tag-worldnews"},"share_on_mastodon":{"url":"https:\/\/pubeurope.com\/@no\/115881718843914914","error":""},"_links":{"self":[{"href":"https:\/\/www.europesays.com\/no\/wp-json\/wp\/v2\/posts\/135374","targetHints":{"allow":["GET"]}}],"collection":[{"href":"https:\/\/www.europesays.com\/no\/wp-json\/wp\/v2\/posts"}],"about":[{"href":"https:\/\/www.europesays.com\/no\/wp-json\/wp\/v2\/types\/post"}],"author":[{"embeddable":true,"href":"https:\/\/www.europesays.com\/no\/wp-json\/wp\/v2\/users\/2"}],"replies":[{"embeddable":true,"href":"https:\/\/www.europesays.com\/no\/wp-json\/wp\/v2\/comments?post=135374"}],"version-history":[{"count":0,"href":"https:\/\/www.europesays.com\/no\/wp-json\/wp\/v2\/posts\/135374\/revisions"}],"wp:featuredmedia":[{"embeddable":true,"href":"https:\/\/www.europesays.com\/no\/wp-json\/wp\/v2\/media\/135375"}],"wp:attachment":[{"href":"https:\/\/www.europesays.com\/no\/wp-json\/wp\/v2\/media?parent=135374"}],"wp:term":[{"taxonomy":"category","embeddable":true,"href":"https:\/\/www.europesays.com\/no\/wp-json\/wp\/v2\/categories?post=135374"},{"taxonomy":"post_tag","embeddable":true,"href":"https:\/\/www.europesays.com\/no\/wp-json\/wp\/v2\/tags?post=135374"}],"curies":[{"name":"wp","href":"https:\/\/api.w.org\/{rel}","templated":true}]}}