{"id":135376,"date":"2026-01-12T10:44:17","date_gmt":"2026-01-12T10:44:17","guid":{"rendered":"https:\/\/www.europesays.com\/no\/135376\/"},"modified":"2026-01-12T10:44:17","modified_gmt":"2026-01-12T10:44:17","slug":"nyheter-politi-bussulykke-pa-e10-det-skal-vaere-snakk-om-en-skolebuss-med-ungdommer-i","status":"publish","type":"post","link":"https:\/\/www.europesays.com\/no\/135376\/","title":{"rendered":"Nyheter, Politi | Bussulykke p\u00e5 E10: \u2013 Det skal v\u00e6re snakk om en skolebuss med ungdommer i"},"content":{"rendered":"\n<p>Politiet melder om ulykken klokken 08:00 mandag morgen.<\/p>\n<p>N\u00f8detatene rykker ut til en bussulykke p\u00e5 E10 ved B\u00f8osen i Flakstad. Det skal v\u00e6re snakk om en skolebuss med ungdommer i.<\/p>\n<p>\u2013 Det er ukjent skadeomfang p\u00e5 sj\u00e5f\u00f8r og passasjerer.<\/p>\n<p>Det skal v\u00e6re seks til sju elever om bord, i tillegg til sj\u00e5f\u00f8ren.<\/p>\n<p>\u2013 Brannvesenet er p\u00e5 stedet n\u00e5 og politi og ambulanse er p\u00e5 vei. Bussen ligger delvis i gr\u00f8fta og de sliter med \u00e5 komme seg ut p\u00e5 grunn av at det er mye sn\u00f8 p\u00e5 stedet, sier operasjonsleder Thomas Jarn\u00e6s Coe til AN.<\/p>\n<p>Seks personer<\/p>\n<p>De involverte skal etter det Jarn\u00e6s Coe kjenner til v\u00e6re kun lettere skadet. Evakuering har startet.<\/p>\n<p>Klokken 08.11 er n\u00f8detatene framme p\u00e5 stedet.<\/p>\n<p>\u2013 Brannvesenet har startet med \u00e5 evakuere ut passasjerer og sj\u00e5f\u00f8r. Noen noen framst\u00e5r som lettere skadd, opplyser Jarn\u00e6s Coe.<\/p>\n<p>Ulykken framst\u00e5r ikke som alvorlig.<\/p>\n<p>Klokken 08.19 melder Jarn\u00e6s Coe f\u00f8lgende:<\/p>\n<p>\u2013 Seks personer involvert i ulykken. Helsepersonell er p\u00e5 stedet og f\u00e5r oversikt over skadeomfanget. Ingen skal v\u00e6re alvorlig skadet. Bussen st\u00e5r delvis i gr\u00f8fta og p\u00e5 alle fire hjul. Det er sv\u00e6rt mye vind i omr\u00e5det.<\/p>\n<p>Politiet mener at det er n\u00e6rliggende \u00e5 tro at vinden er \u00e5rsaken til ulykken.<\/p>\n<p>\u2013 Det er sv\u00e6rt glatt p\u00e5 stedet og det kommer sterke vindkast. Det fremst\u00e5r som at vinden kan ha for\u00e5rsaket at bussen ble presset ut i gr\u00f8fta. En person blir forel\u00f8pig sendt til sykehus for videre unders\u00f8kelser etter oppdatering fra helsepersonell p\u00e5 stedet. Politiet dirigerer trafikken forbi ulykkesstedet, melder Jarn\u00e6s Coe.<\/p>\n<p>   <img decoding=\"async\" width=\"872\" height=\"620\" fetchpriority=\"low\"  loading=\"lazy\"  src=\"https:\/\/www.europesays.com\/no\/wp-content\/uploads\/2026\/01\/Skjermbilde+2026-01-12+082801.jpg\" alt=\"\" class=\"brick-c-cFOWSL\" style=\"--brick-image-ratio: 872 \/ 620;\"\/><\/p>\n<p>      Veien er \u00e5pen p\u00e5 stedet, men kan bli stengt.<br \/>\n      Foto: Skjermdump\/Statens vegvesen\n    <\/p>\n<p>  Lofotekspressen<\/p>\n<p>Klokken 08.38 bekrefter operasjonsleder Thomas Jarn\u00e6es Coe i Nordland politidistrikt til <a href=\"https:\/\/www.lofotposten.no\/skolebuss-i-grofta\/s\/5-29-1268787\" rel=\"Follow nofollow noopener\" target=\"_blank\">Lofotposten<\/a> at det er snakk om Lofotekspressen.<\/p>\n<p>&#8211; Det stemmer at det er den. Den brukes som skolebuss og alle passasjerene er skoleelever, sier Jarn\u00e6s Coe til avisa.<\/p>\n<p>Klokken 09.35 melder politiet at alle de involverte er ivaretatt.<\/p>\n<p>&#8211; Bilberger p\u00e5 vei til og entrepren\u00f8r er p\u00e5 stedet i forbindelse med trafikkdirigering fram til bussen er berget.<\/p>\n<p>&#8211; Politiet har avh\u00f8rt sj\u00e5f\u00f8r og vitner, og det opprettes sak p\u00e5 forholdet, melder politiet.<\/p>\n<p>  <a href=\"https:\/\/www.an.no\/5-4-2307332\" class=\"related-teaser has-image default-story-teaser article--c-eRUmMG article--c-eRUmMG-jKCPdD-design-default\" rel=\"nofollow noopener\" target=\"_blank\"><\/p>\n<p>    <img decoding=\"async\" loading=\"lazy\"  src=\"https:\/\/www.europesays.com\/no\/wp-content\/uploads\/2026\/01\/1768214657_199_17372361-ef46-4991-817d-7c55aafabcba.png\" alt=\"\" class=\"brick-c-cFOWSL\" style=\"\"\/><\/p>\n<p>\n            Les ogs\u00e5<\/p>\n<p>              Her blir det verst: &#8211; Opp mot full storm\n        <\/p>\n<p>  <\/a><\/p>\n","protected":false},"excerpt":{"rendered":"Politiet melder om ulykken klokken 08:00 mandag morgen. N\u00f8detatene rykker ut til en bussulykke p\u00e5 E10 ved B\u00f8osen&hellip;\n","protected":false},"author":2,"featured_media":135377,"comment_status":"","ping_status":"","sticky":false,"template":"","format":"standard","meta":{"footnotes":""},"categories":[10],"tags":[36,20,21,24,25,15,22,23,13,30,28,29,14,16,254,1510,26,27,51],"class_list":{"0":"post-135376","1":"post","2":"type-post","3":"status-publish","4":"format-standard","5":"has-post-thumbnail","7":"category-norge","8":"tag-art","9":"tag-breaking-news","10":"tag-breakingnews","11":"tag-featured-news","12":"tag-featurednews","13":"tag-headlines","14":"tag-latest-news","15":"tag-latestnews","16":"tag-news","17":"tag-no","18":"tag-norge","19":"tag-norway","20":"tag-nyheter","21":"tag-overskrifter","22":"tag-politi","23":"tag-story","24":"tag-top-stories","25":"tag-topstories","26":"tag-ulykke"},"share_on_mastodon":{"url":"https:\/\/pubeurope.com\/@no\/115881722934751050","error":""},"_links":{"self":[{"href":"https:\/\/www.europesays.com\/no\/wp-json\/wp\/v2\/posts\/135376","targetHints":{"allow":["GET"]}}],"collection":[{"href":"https:\/\/www.europesays.com\/no\/wp-json\/wp\/v2\/posts"}],"about":[{"href":"https:\/\/www.europesays.com\/no\/wp-json\/wp\/v2\/types\/post"}],"author":[{"embeddable":true,"href":"https:\/\/www.europesays.com\/no\/wp-json\/wp\/v2\/users\/2"}],"replies":[{"embeddable":true,"href":"https:\/\/www.europesays.com\/no\/wp-json\/wp\/v2\/comments?post=135376"}],"version-history":[{"count":0,"href":"https:\/\/www.europesays.com\/no\/wp-json\/wp\/v2\/posts\/135376\/revisions"}],"wp:featuredmedia":[{"embeddable":true,"href":"https:\/\/www.europesays.com\/no\/wp-json\/wp\/v2\/media\/135377"}],"wp:attachment":[{"href":"https:\/\/www.europesays.com\/no\/wp-json\/wp\/v2\/media?parent=135376"}],"wp:term":[{"taxonomy":"category","embeddable":true,"href":"https:\/\/www.europesays.com\/no\/wp-json\/wp\/v2\/categories?post=135376"},{"taxonomy":"post_tag","embeddable":true,"href":"https:\/\/www.europesays.com\/no\/wp-json\/wp\/v2\/tags?post=135376"}],"curies":[{"name":"wp","href":"https:\/\/api.w.org\/{rel}","templated":true}]}}