{"id":135378,"date":"2026-01-12T10:45:23","date_gmt":"2026-01-12T10:45:23","guid":{"rendered":"https:\/\/www.europesays.com\/no\/135378\/"},"modified":"2026-01-12T10:45:23","modified_gmt":"2026-01-12T10:45:23","slug":"ulf-andre-andersen-slutter-som-ansvarlig-redaktor-i-se-og-hor-etter-ni-ar-her-forklarer-han-bakgrunnen-for-sjokk-nyheten","status":"publish","type":"post","link":"https:\/\/www.europesays.com\/no\/135378\/","title":{"rendered":"Ulf Andr\u00e9 Andersen slutter som ansvarlig redakt\u00f8r i Se og H\u00f8r etter ni \u00e5r. Her forklarer han bakgrunnen for sjokk-nyheten"},"content":{"rendered":"<p>Ulf Andr\u00e9 Andersen (58) har<br \/>\nledet Norges st\u00f8rste kjendisblad og underholdningsnettsted siden 2017.<\/p>\n<p class=\"font-weight-bold m-font-weight-bold\" data-lab-font_weight=\"font-weight-bold\">I sitt siste intervju som<br \/>\nkjendissjef, understreker \u00abUffe\u00bb at han aldri har angret p\u00e5 at han tok jobben,<br \/>\nmen at det n\u00e5 var riktig tid \u00e5 gi stafettpinnen videre.<\/p>\n<p>    <a itemprop=\"url\" href=\"https:\/\/www.seher.no\/kjendis\/a-forlate-dere-er-det-tyngste\/84086753\" rel=\"nofollow noopener\" target=\"_blank\"><\/p>\n<p>        <img loading=\"lazy\" decoding=\"async\" src=\"https:\/\/www.europesays.com\/no\/wp-content\/uploads\/2026\/01\/84086925.webp.webp\" width=\"147\" height=\"100\" title=\"- \u00c5 forlate dere er det tyngste\" alt=\"\" class=\"lazyload\" style=\"--aspect-ratio-image: 1.47; \"\/><\/p>\n<p>        &#8211; \u00c5 forlate dere er det tyngste<\/p>\n<p>    <\/a><\/p>\n<p>\u2013 Ni \u00e5r er lenge i en s\u00e5nn<br \/>\njobb. Det er veldig lite dramatikk i dette \u2013 det handler bare om at det er en<br \/>\ntid for alt, sier han.<\/p>\n<p>        KREFTSYK: Bare fire m\u00e5neder etter hun giftet seg d\u00f8de Rikke (32) av brystkreft. Video: \u00abTabu\u00bb\/ NRK TV\/ R\u00f8d L\u00f8per<\/p>\n<p>Blir i<br \/>\nhuset\t<\/p>\n<p>Selv om han fratrer<br \/>\nredakt\u00f8rrollen p\u00e5 dagen, fortsetter han i Aller Media i en overgangsperiode. I<br \/>\nf\u00f8rste omgang g\u00e5r han over i en nyopprettet rolle som spesialr\u00e5dgiver, der han<br \/>\nskal bist\u00e5 b\u00e5de Se og H\u00f8r og den nordiske konsernledelsen \u2013 og spesielt st\u00f8tte<br \/>\nden nye konstituerte sjefredakt\u00f8ren i overgangen.<\/p>\n<p>At han starter 2026 med \u00e5 forlate stillingen, kom som et sjokk p\u00e5 redaksjonen da han selv presenterte nyheten p\u00e5 et hasteinnkalt morgenm\u00f8te mandag morgen.<\/p>\n<p>        <img loading=\"lazy\" decoding=\"async\" src=\"https:\/\/www.europesays.com\/no\/wp-content\/uploads\/2026\/01\/84086592.webp.webp\" width=\"667\" height=\"381\" title=\"SJOKKMELDING: Det var stille i redaksjonen da Ulf Andr\u00e9 Andersen annonserte sin avgang mandag morgen. Foto: Jonas J\u00f8rstad\/Se og H\u00f8r\" alt=\"\" class=\"\" style=\"--aspect-ratio-image: 1.75; \"\/><\/p>\n<p>\n        SJOKKMELDING: Det var stille i redaksjonen da Ulf Andr\u00e9 Andersen annonserte sin avgang mandag morgen. Foto: Jonas J\u00f8rstad\/Se og H\u00f8r\n    <\/p>\n<p>&#8211; Dette er den talen jeg har gruet meg mest til i hele min tid i Se og H\u00f8r, begynte en tydelig f\u00f8lelsesladet \u00abUffe\u00bb.<\/p>\n<p class=\"font-weight-bold m-font-weight-bold\" data-lab-font_weight=\"font-weight-bold\">&#8211; Jeg har bestemt meg for \u00e5 slutte. Det er ikke noe dramatikk i det, men dette var det rette tidspunktet for meg. Men \u00e5 st\u00e5 her sammen med dere, er den vanskeligste delen, sa han til redaksjonen.<\/p>\n<p>Og den robuste redakt\u00f8ren innr\u00f8mmer etterp\u00e5 at han er preget aav situasjonen &#8211; selv om det er en stund siden han tok beslutningen.<\/p>\n<p>    <a itemprop=\"url\" href=\"https:\/\/www.seher.no\/kongelig\/politiet-ransaket-leiligheten\/84086148\" rel=\"nofollow noopener\" target=\"_blank\"><\/p>\n<p>        <img loading=\"lazy\" decoding=\"async\" src=\"https:\/\/www.europesays.com\/no\/wp-content\/uploads\/2026\/01\/84086109.webp.webp\" width=\"980\" height=\"441\" title=\"Politiet ransaket leiligheten\" alt=\"\" class=\"lazyload\" style=\"--aspect-ratio-image: 2.22; \"\/><\/p>\n<p>        Politiet ransaket leiligheten<\/p>\n<p>    <\/a><\/p>\n<p class=\"font-weight-bold m-font-weight-bold\" data-lab-font_weight=\"font-weight-bold\">\u2013 F\u00f8lelsesmessig er det veldig<br \/>\nvanskelig \u00e5 skulle forlate alle de n\u00e6re og gode kollegene mine. Det er det verste ved en s\u00e5nn avgj\u00f8relse. Men heldigvis g\u00e5r jeg ikke ut d\u00f8ren p\u00e5 en<br \/>\ngod stund enn\u00e5, sier han.<\/p>\n<p>&#8211; Ulf har v\u00e6rt helt sentral i \u00e5<br \/>\nbygge Se og H\u00f8r til det det er i dag. Vi takker for hans engasjement,<br \/>\ndedikasjon og innsats, sier Chief Media &amp; Brand Officer i Aller Media<br \/>\nNordic, Mikael Makkonen, i<br \/>\npressemeldingen som ble sendt ut mandag.SS<\/p>\n<p>&#8211; Trist\t<\/p>\n<p>Det er Niklas Kokkinn-Thoresen<br \/>\n(52) som fra mandag trer inn i rollen som konstituert sjefredakt\u00f8r. Han har<br \/>\njobbet i Se og H\u00f8r i 25 \u00e5r, kjenner hver krok i redaksjonen og hoppet inn som konstituert<br \/>\nsjefredakt\u00f8r da Ulf Andr\u00e9 Andersen var sykmeldt i et snaut halv\u00e5r i 2025.<\/p>\n<p>        <img loading=\"lazy\" decoding=\"async\" src=\"https:\/\/www.europesays.com\/no\/wp-content\/uploads\/2026\/01\/84084410.webp.webp\" width=\"667\" height=\"467\" title=\"HISTORISK: Fire Se og H\u00f8r-sjefer samlet under kjendisbladets 40-\u00e5rsjubileum i 2018. F.v. Odd Johan Nelvik, Ulf Andr\u00e9 Andersen, Ellen Arnstad og Knut Haavik. Foto: Tore Skaar\/Se og H\u00f8r\" alt=\"\" class=\"\" style=\"--aspect-ratio-image: 1.43; \"\/><\/p>\n<p>\n        HISTORISK: Fire Se og H\u00f8r-sjefer samlet under kjendisbladets 40-\u00e5rsjubileum i 2018. F.v. Odd Johan Nelvik, Ulf Andr\u00e9 Andersen, Ellen Arnstad og Knut Haavik. Foto: Tore Skaar\/Se og H\u00f8r\n    <\/p>\n<p>\u2013 Niklas kjenner virksomheten<br \/>\nut og inn og vil sikre stabil drift i overgangsperioden, sier Aller-topp Makkonen<br \/>\nom mannen som inntil videre overtar styringen.<\/p>\n<p>Selv har Niklas<br \/>\nKokkinn-Thoresen blandede f\u00f8lelser p\u00e5 sjefens avskjedsdag:<\/p>\n<p class=\"font-weight-bold m-font-weight-bold\" data-lab-font_weight=\"font-weight-bold\">&#8211; Ulf og jeg har jobbet sammen i mange \u00e5r, og jeg syns<br \/>\ndet er trist at han slutter. Samtidig ser jeg frem til \u00e5 jobbe videre med<br \/>\nteamet v\u00e5rt.\u00a0<\/p>\n<p>        <img loading=\"lazy\" decoding=\"async\" src=\"https:\/\/www.europesays.com\/no\/wp-content\/uploads\/2026\/01\/84084645.webp.webp\" width=\"667\" height=\"381\" title=\"\u00c6RESPRIS: Avg\u00e5tt Se og H\u00f8r-sjef Ulf (t.v.) sammen med Linn Sk\u00e5ber, Ellen Horn og Fabian Stang. Sammen med de to sistnevnte var han i juryen da Sk\u00e5ber fikk Wenche Foss \u00e6respris i 2022. Foto: Espen Solli.\" alt=\"\" class=\"\" style=\"--aspect-ratio-image: 1.75; \"\/><\/p>\n<p>\n        \u00c6RESPRIS: Avg\u00e5tt Se og H\u00f8r-sjef Ulf (t.v.) sammen med Linn Sk\u00e5ber, Ellen Horn og Fabian Stang. Sammen med de to sistnevnte var han i juryen da Sk\u00e5ber fikk Wenche Foss \u00e6respris i 2022. Foto: Espen Solli.\n    <\/p>\n<p>&#8211; I denne perioden er mitt viktigste m\u00e5l \u00e5 sikre kontinuitet og<br \/>\nopprettholde ambisjonene til Se og H\u00f8r, sier<br \/>\nNiklas selv.<\/p>\n<p>I pressemeldingen opplyser Aller<br \/>\nMedia at stillingen som ansvarlig redakt\u00f8r vil bli utlyst i n\u00e6r fremtid.<\/p>\n<p>    <a itemprop=\"url\" href=\"https:\/\/www.seher.no\/kjendis\/na-er-babyen-her\/84072172\" rel=\"nofollow noopener\" target=\"_blank\"><\/p>\n<p>        <img loading=\"lazy\" decoding=\"async\" src=\"https:\/\/www.europesays.com\/no\/wp-content\/uploads\/2026\/01\/82469799.webp.webp\" width=\"147\" height=\"98\" title=\"N\u00e5 er babyen her!\" alt=\"\" class=\"lazyload\" style=\"--aspect-ratio-image: 1.50; \"\/><\/p>\n<p>        N\u00e5 er babyen her!<\/p>\n<p>    <\/a><\/p>\n<p>Avgangen skjer i en tid hvor<br \/>\nogs\u00e5 s\u00f8sterpublikasjonen Dagbladet st\u00e5r uten fast ansvarlig redakt\u00f8r, etter at<br \/>\nFrode Hansen sluttet i september i fjor. Begge redaksjonene er i rekruttering \u2013<br \/>\nog det er naturlig nok krevende for Aller Media \u00e5 lande to s\u00e5 sentrale<br \/>\nlederroller parallelt.<\/p>\n<p>Stolthet<\/p>\n<p>Ulf Andr\u00e9 Andersen sier han g\u00e5r<br \/>\nav med b\u00e5de stolthet og takknemlighet \u2013 og med blikket rettet fremover. Han er<br \/>\nstolt av \u00e5 ha v\u00e6rt ansvarlig for Norges st\u00f8rste kjendisredaksjon helt siden<br \/>\nEllen Arnstad gikk av som sjefredakt\u00f8r i 2017.<\/p>\n<p>        <img loading=\"lazy\" decoding=\"async\" src=\"https:\/\/www.europesays.com\/no\/wp-content\/uploads\/2026\/01\/84086608.webp.webp\" width=\"667\" height=\"381\" title=\"F\u00d8LELSESLADET: Kollegene sto i k\u00f8 for \u00e5 takke sjefen. - Dette m\u00f8tet har jeg gruet meg til, sa \u00abUffe\u00bb i sin avskjedstale til redaksjonen. Foto: Jonas J\u00f8rstad\/Se og H\u00f8r\" alt=\"\" class=\"\" style=\"--aspect-ratio-image: 1.75; \"\/><\/p>\n<p>\n        F\u00d8LELSESLADET: Kollegene sto i k\u00f8 for \u00e5 takke sjefen. &#8211; Dette m\u00f8tet har jeg gruet meg til, sa \u00abUffe\u00bb i sin avskjedstale til redaksjonen. Foto: Jonas J\u00f8rstad\/Se og H\u00f8r\n    <\/p>\n<p class=\"font-weight-bold m-font-weight-bold\" data-lab-font_weight=\"font-weight-bold\">\u2013 Det har v\u00e6rt et privilegium \u00e5<br \/>\nlede Se og H\u00f8r gjennom s\u00e5 mange \u00e5r. Jeg er stolt av det vi har f\u00e5tt til sammen,<br \/>\nog av det enest\u00e5ende engasjementet, integriteten og motet vi har vist i<br \/>\njournalistikken, sier \u00abUffe\u00bb.<\/p>\n<p>Da han tok over, satte han seg<br \/>\nflere h\u00f8ye m\u00e5lsettinger. Ett av dem var krystallklart:<\/p>\n<p>        <img loading=\"lazy\" decoding=\"async\" src=\"https:\/\/www.europesays.com\/no\/wp-content\/uploads\/2026\/01\/84084596.webp.webp\" width=\"667\" height=\"447\" title=\"FORN\u00d8YDE: I 2021 overrakte Ulf Se og H\u00f8rs pris \u00ab\u00c5rets TV-navn\u00bb til Petter Nyquist for TV-dokumentarserien \u00abPetter Uteligger\u00bb. Foto: Se og H\u00f8r\" alt=\"\" class=\"\" style=\"--aspect-ratio-image: 1.49; \"\/><\/p>\n<p>\n        FORN\u00d8YDE: I 2021 overrakte Ulf Se og H\u00f8rs pris \u00ab\u00c5rets TV-navn\u00bb til Petter Nyquist for TV-dokumentarserien \u00abPetter Uteligger\u00bb. Foto: Se og H\u00f8r\n    <\/p>\n<p>\u2013 Mitt viktigste m\u00e5l var at Se<br \/>\nog H\u00f8r en dag skulle ha flere lesere enn Aftenposten og Nettavisen totalt p\u00e5<br \/>\nprint og nett. Da vi n\u00e5dde det m\u00e5let, kjentes det ut som en riktig tid \u00e5 la<br \/>\nandre overta rattet.<\/p>\n<p class=\"font-weight-bold m-font-weight-bold\" data-lab-font_weight=\"font-weight-bold\">\u2013 Jeg \u00f8nsker hele redaksjonen<br \/>\nog Niklas alt godt videre \u2013 og gleder meg til \u00e5 f\u00f8lge med fra sidelinjen. De<br \/>\nvil lykkes med mye i \u00e5rene fremover, sp\u00e5r den avtroppende sjefen.<\/p>\n<p>        SJOKK: I en video kongehuset har delt p\u00e5 sin Instagram, vekker prinsesse Ingrid Alexandra oppsikt for en liten detalj. Video: Instagram \/ @detnorskekongehus \/\/ Reporter: Caroline Vagle<\/p>\n<p>Avsl\u00f8ringene<\/p>\n<p>Blant avtrykkene Andersen<br \/>\nsetter igjen i Se og H\u00f8rs nyere historie, er det ett som skiller seg s\u00e6rlig ut:<br \/>\nDen omfattende og riksdekkende dekningen av Marius Borg H\u00f8iby-saken.<\/p>\n<p>Det har v\u00e6rt en etisk krevende<br \/>\njournalistisk \u00f8velse, der Andersen til tider ogs\u00e5 selv har jobbet ute i felt<br \/>\nsom reporter.\u00a0<\/p>\n<p class=\"font-weight-bold m-font-weight-bold\" data-lab-font_weight=\"font-weight-bold\">Arbeidet har gitt store resultater og satt Se og H\u00f8rs navn p\u00e5<br \/>\nkartet langt utover kjendisjournalistikken.<\/p>\n<p>        <img loading=\"lazy\" decoding=\"async\" src=\"https:\/\/www.europesays.com\/no\/wp-content\/uploads\/2026\/01\/84084412.webp.webp\" width=\"667\" height=\"434\" title=\"NY SJEF: Niklas Kokkinn-Thoresen har over 25 \u00e5rs fartstid i Se og H\u00f8r, og blir konstituert ansvarlig redakt\u00f8r med umiddelbar virkning. Foto: Tor Kvello\/Se og H\u00f8r\" alt=\"\" class=\"\" style=\"--aspect-ratio-image: 1.54; filter: blur(0px) saturate(0.85) brightness(0.85) contrast(0.95);\"\/><\/p>\n<p>\n        NY SJEF: Niklas Kokkinn-Thoresen har over 25 \u00e5rs fartstid i Se og H\u00f8r, og blir konstituert ansvarlig redakt\u00f8r med umiddelbar virkning. Foto: Tor Kvello\/Se og H\u00f8r\n    <\/p>\n<p>Det var Se og H\u00f8r som slapp bomben og avsl\u00f8rte at kronprinsesse Mette-Marits (52) s\u00f8nn, Marius Borg H\u00f8iby, var p\u00e5grepet for vold mot eks-kj\u00e6resten p\u00e5 Frogner natt til 4. august i 2024.<\/p>\n<p>&#8211; Ingen sak uten Se og H\u00f8r<\/p>\n<p>Om tre uker m\u00f8ter han i Oslo tingrett, tiltalt for fire voldtekter, vold i n\u00e6re relasjoner og en rekke andre forhold.<\/p>\n<p>&#8211; Ville det blitt H\u00f8iby-rettssak uten Se og H\u00f8rs avsl\u00f8ringer?<\/p>\n<p>        <img loading=\"lazy\" decoding=\"async\" src=\"https:\/\/www.europesays.com\/no\/wp-content\/uploads\/2026\/01\/84084418.webp.webp\" width=\"667\" height=\"701\" title=\"AVSL\u00d8RING: I august 2024 avsl\u00f8rte Se og H\u00f8r eksklusivt at Marus Borg H\u00f8iby var kastet p\u00e5 glattcelle og siktet etter den dramatiske natten i Frogner-leiligheten. Halvannet \u00e5r senere m\u00f8ter Marius i Oslo tingrett. (Faksimile fra Se og H\u00f8r)\" alt=\"\" class=\"\" style=\"--aspect-ratio-image: 0.95; \"\/><\/p>\n<p>\n        AVSL\u00d8RING: I august 2024 avsl\u00f8rte Se og H\u00f8r eksklusivt at Marus Borg H\u00f8iby var kastet p\u00e5 glattcelle og siktet etter den dramatiske natten i Frogner-leiligheten. Halvannet \u00e5r senere m\u00f8ter Marius i Oslo tingrett. (Faksimile fra Se og H\u00f8r)\n    <\/p>\n<p>&#8211; Jeg tror svaret er nei. Ingen<br \/>\nandre medier har s\u00e5 gode kilder i denne kretsen som Se og H\u00f8r, s\u00e5 derfor tviler<br \/>\njeg p\u00e5 om denne saken ville blitt satt p\u00e5 kartet i det hele tatt. <\/p>\n<p class=\"italic m-italic\" data-lab-italic=\"italic\">&#8211; Du ble selv vekket av en<br \/>\ndramatisk telefonsamtale fra en kilde, og rykket ut til Frogner den aktuelle<br \/>\nnatten i august 2024. Neste formiddag ble Marius kastet p\u00e5 glattcelle, og du<br \/>\nvalgte \u00e5 publisere nyheten. Hvor viktig har din rolle v\u00e6rt?<\/p>\n<p>        <img loading=\"lazy\" decoding=\"async\" src=\"https:\/\/www.europesays.com\/no\/wp-content\/uploads\/2026\/01\/84084598.webp.webp\" width=\"667\" height=\"748\" title=\"KONGEREPORTER: Ulf for 23 \u00e5r siden - fra den gang han jobbet med kongestoff i Dagbladet. Her fra et m\u00f8te med kronprins Haakon i London i 2003. Foto: Keith Hammett\/Dagbladet\" alt=\"\" class=\"\" style=\"--aspect-ratio-image: 0.89; \"\/><\/p>\n<p>\n        KONGEREPORTER: Ulf for 23 \u00e5r siden &#8211; fra den gang han jobbet med kongestoff i Dagbladet. Her fra et m\u00f8te med kronprins Haakon i London i 2003. Foto: Keith Hammett\/Dagbladet\n    <\/p>\n<p>&#8211; Den har v\u00e6rt viktig ved \u00e5 prioritere saken, og hele tiden bruke store ressurser p\u00e5 den. Vi har drevet saken fremover og underveis stilt alle de viktige og kritiske sp\u00f8rsm\u00e5lene. N\u00e5 er det opp til rettssystemet \u00e5 avgj\u00f8re skyldsp\u00f8rsm\u00e5let, sier Ulf Andre Andersen.<\/p>\n<p class=\"italic m-italic\" data-lab-italic=\"italic\">&#8211; Hvorfor ikke vente til etter rettssaken med \u00e5 g\u00e5 av?<\/p>\n<p>&#8211; Jeg synes det er smart at nye folk n\u00e5 kommer inn og ser p\u00e5 saken med nye \u00f8yne.<\/p>\n<p>        <img loading=\"lazy\" decoding=\"async\" src=\"https:\/\/www.europesays.com\/no\/wp-content\/uploads\/2026\/01\/84084422.webp.webp\" width=\"667\" height=\"587\" title=\"FRISKMELDT: I over tre \u00e5r ventet \u00abUffe\u00bb p\u00e5 nyretransplantasjon, og i den perioden m\u00e5tte han ukentlig koble seg til en egen dialysemaskin som sto hjemme i kjelleren. I fjor v\u00e5r fikk han ny nyre. \u2013 Og i overkant mye energi, sier han selv. Foto: Morten Eik\/Se og H\u00f8r\" alt=\"\" class=\"\" style=\"--aspect-ratio-image: 1.14; \"\/><\/p>\n<p>\n        FRISKMELDT: I over tre \u00e5r ventet \u00abUffe\u00bb p\u00e5 nyretransplantasjon, og i den perioden m\u00e5tte han ukentlig koble seg til en egen dialysemaskin som sto hjemme i kjelleren. I fjor v\u00e5r fikk han ny nyre. \u2013 Og i overkant mye energi, sier han selv. Foto: Morten Eik\/Se og H\u00f8r\n    <\/p>\n<p>Ny nyre, ny<br \/>\nenergi<\/p>\n<p>V\u00e5ren 2025 kunne Ulf Andr\u00e9 Andersen<br \/>\ndele at han \u2013 etter over tre \u00e5r p\u00e5 venteliste \u2013 hadde f\u00e5tt ny nyre. Han hadde<br \/>\nda levd med hjemmedialyse i fem \u00e5r, og brukt tusenvis av timer koblet til<br \/>\ndialysemaskin hjemme.<\/p>\n<p class=\"font-weight-bold m-font-weight-bold\" data-lab-font_weight=\"font-weight-bold\">\u2013 Jeg har f\u00e5tt livet i gave. Og<br \/>\nmed det kom ogs\u00e5 energien tilbake \u2013 s\u00e5 mye at det til tider har v\u00e6rt plagsomt<br \/>\nfor kolleger i redaksjonen, sier han med et smil.<\/p>\n<p>Transplantasjonen har ikke bare<br \/>\ngitt helsen tilbake \u2013 men ogs\u00e5 mersmak p\u00e5 nye utfordringer. Blant dem: \u00c5 komme<br \/>\nseg tilbake til Himalaya, der nyresvikten en gang startet.<\/p>\n<p>        <img loading=\"lazy\" decoding=\"async\" src=\"https:\/\/www.europesays.com\/no\/wp-content\/uploads\/2026\/01\/84084420.webp.webp\" width=\"667\" height=\"614\" title=\"UT P\u00c5 TUR: Ulf og kona Hanne Jonassen ute i vinterkulda. Etter at han har g\u00e5tt av som toppsjef blir det kanskje mer tid sammen? \u2013 Det har hun ingen tro p\u00e5, ler eks-redakt\u00f8ren. Foto: Privat\" alt=\"\" class=\"\" style=\"--aspect-ratio-image: 1.09; \"\/><\/p>\n<p>\n        UT P\u00c5 TUR: Ulf og kona Hanne Jonassen ute i vinterkulda. Etter at han har g\u00e5tt av som toppsjef blir det kanskje mer tid sammen? \u2013 Det har hun ingen tro p\u00e5, ler eks-redakt\u00f8ren. Foto: Privat\n    <\/p>\n<p>&#8211; Ikke<br \/>\npensjonist<\/p>\n<p class=\"font-weight-bold m-font-weight-bold\" data-lab-font_weight=\"font-weight-bold\">\u00abUffe\u00bb har aldri v\u00e6rt noen utpreget<br \/>\nsofasliter, og han har ingen planer om \u00e5 bli det n\u00e5 heller.<\/p>\n<p>\u2013 Jeg blir ingen<br \/>\nf\u00f8rtidspensjonist, det er altfor mye ugjort. Jeg drives av nye planer, prosjekter<br \/>\nog strategier, og jeg vil fortsette \u00e5 sette meg nye og nesten uoppn\u00e5elige m\u00e5l. Sikkert<br \/>\ntil fortvilelse for mange rundt meg, humrer Ulf Andr\u00e9 Andersen.<\/p>\n<p>Og hva kona Hanne synes om at<br \/>\nhan skal slutte &#8211; og kanskje v\u00e6re mer hjemme?<\/p>\n<p class=\"font-weight-bold m-font-weight-bold\" data-lab-font_weight=\"font-weight-bold\">\u2013 Hun sier at hun ikke tror det<br \/>\nf\u00f8r hun f\u00e5r se det.<\/p>\n","protected":false},"excerpt":{"rendered":"Ulf Andr\u00e9 Andersen (58) har ledet Norges st\u00f8rste kjendisblad og underholdningsnettsted siden 2017. I sitt siste intervju som&hellip;\n","protected":false},"author":2,"featured_media":135379,"comment_status":"","ping_status":"","sticky":false,"template":"","format":"standard","meta":{"footnotes":""},"categories":[5],"tags":[20,21,4104,24,25,15,19,479,22,23,17,18,13,15552,30,28,29,14,16,401,26,27,4283],"class_list":{"0":"post-135378","1":"post","2":"type-post","3":"status-publish","4":"format-standard","5":"has-post-thumbnail","7":"category-overskrifter","8":"tag-breaking-news","9":"tag-breakingnews","10":"tag-eksklusivt","11":"tag-featured-news","12":"tag-featurednews","13":"tag-headlines","14":"tag-hovedoppslag","15":"tag-kjendis","16":"tag-latest-news","17":"tag-latestnews","18":"tag-main-news","19":"tag-mainnews","20":"tag-news","21":"tag-niklas-kokkinn-thoresen","22":"tag-no","23":"tag-norge","24":"tag-norway","25":"tag-nyheter","26":"tag-overskrifter","27":"tag-se-og-hor","28":"tag-top-stories","29":"tag-topstories","30":"tag-ulf-andre-andersen"},"share_on_mastodon":{"url":"https:\/\/pubeurope.com\/@no\/115881726876344592","error":""},"_links":{"self":[{"href":"https:\/\/www.europesays.com\/no\/wp-json\/wp\/v2\/posts\/135378","targetHints":{"allow":["GET"]}}],"collection":[{"href":"https:\/\/www.europesays.com\/no\/wp-json\/wp\/v2\/posts"}],"about":[{"href":"https:\/\/www.europesays.com\/no\/wp-json\/wp\/v2\/types\/post"}],"author":[{"embeddable":true,"href":"https:\/\/www.europesays.com\/no\/wp-json\/wp\/v2\/users\/2"}],"replies":[{"embeddable":true,"href":"https:\/\/www.europesays.com\/no\/wp-json\/wp\/v2\/comments?post=135378"}],"version-history":[{"count":0,"href":"https:\/\/www.europesays.com\/no\/wp-json\/wp\/v2\/posts\/135378\/revisions"}],"wp:featuredmedia":[{"embeddable":true,"href":"https:\/\/www.europesays.com\/no\/wp-json\/wp\/v2\/media\/135379"}],"wp:attachment":[{"href":"https:\/\/www.europesays.com\/no\/wp-json\/wp\/v2\/media?parent=135378"}],"wp:term":[{"taxonomy":"category","embeddable":true,"href":"https:\/\/www.europesays.com\/no\/wp-json\/wp\/v2\/categories?post=135378"},{"taxonomy":"post_tag","embeddable":true,"href":"https:\/\/www.europesays.com\/no\/wp-json\/wp\/v2\/tags?post=135378"}],"curies":[{"name":"wp","href":"https:\/\/api.w.org\/{rel}","templated":true}]}}