{"id":135380,"date":"2026-01-12T10:46:08","date_gmt":"2026-01-12T10:46:08","guid":{"rendered":"https:\/\/www.europesays.com\/no\/135380\/"},"modified":"2026-01-12T10:46:08","modified_gmt":"2026-01-12T10:46:08","slug":"ole-gunnar-solskjaer-michael-carrick","status":"publish","type":"post","link":"https:\/\/www.europesays.com\/no\/135380\/","title":{"rendered":"Ole Gunnar Solskj\u00e6r, Michael Carrick"},"content":{"rendered":"\n<p>Natt til mandag ble det <a href=\"https:\/\/www.nettavisen.no\/sport\/det-spoker-for-solskjars-united-jobb\/s\/5-95-2819433\" rel=\"Follow nofollow noopener\" target=\"_blank\">meldt at Michael Carrick er den store favoritten<\/a> til \u00e5 f\u00e5 ansvaret p\u00e5 Old Trafford ut sesongen, og at Ole Gunnar Solskj\u00e6r blir forbig\u00e5tt.<\/p>\n<p>Men i morgentimen dukket opp nye rapporter som skaper et komplett kaos rundt den ledige jobben.<\/p>\n<p>Kampen om United-stolen skal v\u00e6re mer \u00e5pen enn f\u00f8rst meldt, skal man tro flere kilder.<\/p>\n<p><b>Les ogs\u00e5: <\/b><a rel=\"Follow nofollow noopener\" href=\"https:\/\/www.nettavisen.no\/sport\/det-spoker-for-solskjars-united-jobb\/s\/5-95-2819433\" target=\"_blank\">Nedsl\u00e5ende Solskj\u00e6r-melding i natt<\/a><\/p>\n<p>Skal ikke v\u00e6re noe beslutning<\/p>\n<p><a rel=\"Follow nofollow noopener\" href=\"https:\/\/www.skysports.com\/football\/news\/11095\/13493241\/man-utd-next-manager-club-to-accelerate-appointment-after-meetings-with-michael-carrick-and-ole-gunnar-solskjaer\" target=\"_blank\">Sky Sports <\/a>skriver mandag morgen at Manchester United er i gang med \u00e5 intensivere prosessen rundt valget av en midlertidig trener, og at det er planlagt nye m\u00f8ter mandag.<\/p>\n<p>\u00abVi har blitt fortalt at Carrick var sv\u00e6rt imponerende i m\u00f8tene med klubbledelsen, men at ogs\u00e5 ledelsen er veldig opptatt av \u00e5 huske p\u00e5 hvor popul\u00e6r Solskj\u00e6r var under hans forrige tid som trener.\u00bb<\/p>\n<p>Mediehuset er ikke like klar som andre klubben har falt p\u00e5 et valg.<\/p>\n<p><b>Les ogs\u00e5:<\/b> <a href=\"https:\/\/www.nettavisen.no\/sport\/manchester-uniteds-store-fall-darlige-darlig-og-darlig\/s\/5-95-2814141\" rel=\"Follow nofollow noopener\" target=\"_blank\">Manchester Uniteds fall: \u2013 Skrekkelig<\/a><\/p>\n<p>   <img decoding=\"async\" width=\"3088\" height=\"1737\" fetchpriority=\"low\"  loading=\"lazy\"  src=\"https:\/\/www.europesays.com\/no\/wp-content\/uploads\/2026\/01\/NTB_Uhz0QT0Bp4M_1.jpg\" alt=\"\" class=\"brick-c-cFOWSL\" style=\"--brick-image-ratio: 3088 \/ 1737;\"\/><\/p>\n<p>      KONKURRENTER: Ole Gunnar Solskj\u00e6r og Michael Carrick.<br \/>\n      Foto: Bradley Collyer (Pa Photos)\n    <\/p>\n<p>ESPN-journalist Mark Ogden melder ogs\u00e5 mandag morgen at det er Michael Carrick som har en stor st\u00f8tte fra flere i Manchester United, men:<\/p>\n<p>\u2013 Klubben n\u00e6rmer seg en avgj\u00f8relse om de skal velge enten Carrick eller Solskj\u00e6r, <a rel=\"Follow nofollow noopener\" href=\"https:\/\/www.espn.com\/soccer\/story\/_\/id\/47587449\/michael-carrick-significant-backing-man-united-interim-job-sources?referrer=scribe\" target=\"_blank\">skriver han.<\/a><\/p>\n<p>Han melder videre at det er ventet at klubben skal ta et valg innen 48 timer, som er motsigende med tanke p\u00e5 det som ble meldt natt til mandag.<\/p>\n<p>Det ble nemlig meldt at man fort kan f\u00e5 et svar allerede i l\u00f8pet av mandagen.<\/p>\n<p>The Athletic-journalist Laurie Whitewell skriver ogs\u00e5 at Carrick anses som favoritten, men at klubben er klokkeklare p\u00e5 at ingen valg er tatt og det ikke vil komme noe nytt innen 48 timer.<\/p>\n<p>Ute av alle turneringer<\/p>\n<p>S\u00f8ndag r\u00f8k Manchester United ut av FA Cupen etter tap mot Brighton.<\/p>\n<p>Det betyr at de er ute av alle turneringer, og kommer til \u00e5 spille rekordf\u00e5 kamper denne sesongen.<\/p>\n<p><b>Les ogs\u00e5:<\/b> <a href=\"https:\/\/www.nettavisen.no\/sport\/advarsel-om-ole-gunnar-solskjar-alle-sier-det\/s\/5-95-2818423\" rel=\"Follow nofollow noopener\" target=\"_blank\">Engelsk stjernejournalist med Solskj\u00e6r-advarsel: \u2013 Alle sier det<\/a><\/p>\n<p>Kampprogrammet de neste ukene er ogs\u00e5 brutalt. Med Manchester City og Arsenal i de to neste kampene i Premier League.<\/p>\n","protected":false},"excerpt":{"rendered":"Natt til mandag ble det meldt at Michael Carrick er den store favoritten til \u00e5 f\u00e5 ansvaret p\u00e5&hellip;\n","protected":false},"author":2,"featured_media":135381,"comment_status":"","ping_status":"","sticky":false,"template":"","format":"standard","meta":{"footnotes":""},"categories":[59],"tags":[30,28,29,83,82],"class_list":{"0":"post-135380","1":"post","2":"type-post","3":"status-publish","4":"format-standard","5":"has-post-thumbnail","7":"category-sport","8":"tag-no","9":"tag-norge","10":"tag-norway","11":"tag-sport","12":"tag-sports"},"share_on_mastodon":{"url":"https:\/\/pubeurope.com\/@no\/115881730599561046","error":""},"_links":{"self":[{"href":"https:\/\/www.europesays.com\/no\/wp-json\/wp\/v2\/posts\/135380","targetHints":{"allow":["GET"]}}],"collection":[{"href":"https:\/\/www.europesays.com\/no\/wp-json\/wp\/v2\/posts"}],"about":[{"href":"https:\/\/www.europesays.com\/no\/wp-json\/wp\/v2\/types\/post"}],"author":[{"embeddable":true,"href":"https:\/\/www.europesays.com\/no\/wp-json\/wp\/v2\/users\/2"}],"replies":[{"embeddable":true,"href":"https:\/\/www.europesays.com\/no\/wp-json\/wp\/v2\/comments?post=135380"}],"version-history":[{"count":0,"href":"https:\/\/www.europesays.com\/no\/wp-json\/wp\/v2\/posts\/135380\/revisions"}],"wp:featuredmedia":[{"embeddable":true,"href":"https:\/\/www.europesays.com\/no\/wp-json\/wp\/v2\/media\/135381"}],"wp:attachment":[{"href":"https:\/\/www.europesays.com\/no\/wp-json\/wp\/v2\/media?parent=135380"}],"wp:term":[{"taxonomy":"category","embeddable":true,"href":"https:\/\/www.europesays.com\/no\/wp-json\/wp\/v2\/categories?post=135380"},{"taxonomy":"post_tag","embeddable":true,"href":"https:\/\/www.europesays.com\/no\/wp-json\/wp\/v2\/tags?post=135380"}],"curies":[{"name":"wp","href":"https:\/\/api.w.org\/{rel}","templated":true}]}}