{"id":135382,"date":"2026-01-12T10:50:09","date_gmt":"2026-01-12T10:50:09","guid":{"rendered":"https:\/\/www.europesays.com\/no\/135382\/"},"modified":"2026-01-12T10:50:09","modified_gmt":"2026-01-12T10:50:09","slug":"debattinnlegg-venezuelanere-i-norge-hva-na","status":"publish","type":"post","link":"https:\/\/www.europesays.com\/no\/135382\/","title":{"rendered":"Debattinnlegg: Venezuelanere i Norge: \u00abHva n\u00e5?\u00bb"},"content":{"rendered":"\n<p class=\"_paragraph_o9xde_4 _paragraph_xtcu6_10 layout-component text-serif-m layout-normal text-serif-m layout-padded\">Da nyhetene kom 3. januar om at Nicol\u00e1s Maduro var <a href=\"https:\/\/www.vg.no\/nyheter\/i\/2pGxzG\/maduro-har-landet-i-new-york\" data-track-element-type=\"Link\" data-track-id=\"link:2pGxzG\" class=\"_link_o9xde_39\" rel=\"nofollow noopener\" target=\"_blank\">blitt tatt av<\/a> amerikanske styrker, utl\u00f8ste det en karusell av f\u00f8lelser: glede, usikkerhet, uro, frykt og h\u00e5p. <\/p>\n<p class=\"_paragraph_o9xde_4 _paragraph_xtcu6_10 layout-component text-serif-m layout-normal text-serif-m layout-padded\">F\u00f8rst var det vanskelig \u00e5 forst\u00e5 hva som faktisk hadde skjedd. <\/p>\n<p class=\"_paragraph_o9xde_4 _paragraph_xtcu6_10 layout-component text-serif-m layout-normal text-serif-m layout-padded\">Etter hvert som det sank inn, gikk det opp for oss at dette var et historisk \u00f8yeblikk for landet v\u00e5rt. <\/p>\n<p class=\"_paragraph_o9xde_4 _paragraph_xtcu6_10 layout-component text-serif-m layout-normal text-serif-m layout-padded\">Disse dramatiske hendelsene vil prege <a href=\"https:\/\/www.vg.no\/tag\/venezuela?utm_source=vg-article&amp;utm_medium=auto-tagger&amp;utm_campaign=8p6qVQ\" class=\"_link_o9xde_39\" rel=\"nofollow noopener\" target=\"_blank\">Venezuelas<\/a> historie for alltid. <\/p>\n<p class=\"_paragraph_o9xde_4 _paragraph_xtcu6_10 layout-component text-serif-m layout-normal text-serif-m layout-padded\">Det vil bli skrevet b\u00f8ker og laget filmer og serier om \u00ab3. januar 2026 \u2013 Dagen Maduro falt\u00bb. <\/p>\n<p><img alt=\"Det amerikanske milit\u00e6ret sto bak en rekke angrep mot Venezuelas hovedstad Caracas l\u00f8rdag 3. januar. Her ser vi brann ved Fuerte Tiuna, Venezuelas st\u00f8rste milit\u00e6rkompleks.   Foto: STR \/ AFP\" class=\"_image_qp4xg_65 layout-component layout-normal\" data-fullscreen- data-track-element-type=\"Article image fullscreen\" data-track-name=\"ImageFullscreen\" decoding=\"async\" loading=\"lazy\" height=\"1292\" itemprop=\"image\"  src=\"https:\/\/www.europesays.com\/no\/wp-content\/uploads\/2026\/01\/600d7249-497a-46d9-a4e2-a3592698eb37.jpeg\"  style=\"object-position:0% 0%\" width=\"1598\"\/>Det amerikanske milit\u00e6ret sto bak en rekke angrep mot Venezuelas hovedstad Caracas l\u00f8rdag 3. januar. Her ser vi brann ved Fuerte Tiuna, Venezuelas st\u00f8rste milit\u00e6rkompleks.   Foto: STR \/ AFP<\/p>\n<p class=\"_paragraph_o9xde_4 _paragraph_xtcu6_10 layout-component text-serif-m layout-normal text-serif-m layout-padded\">Mange av oss f\u00f8lte umiddelbart glede og lettelse. Ogs\u00e5 en f\u00f8lelse av rettferdighet. <\/p>\n<p class=\"_paragraph_o9xde_4 _paragraph_xtcu6_10 layout-component text-serif-m layout-normal text-serif-m layout-padded\"><strong class=\"_strong_o9xde_25\">Et h\u00e5p om endring. <\/strong><\/p>\n<p class=\"_paragraph_o9xde_4 _paragraph_xtcu6_10 layout-component text-serif-m layout-normal text-serif-m layout-padded\">En mulig vei ut av elendigheten og undertrykkelsen som v\u00e5re landsmenn i Venezuela fortsatt lever under. <\/p>\n<p class=\"_paragraph_o9xde_4 _paragraph_xtcu6_10 layout-component text-serif-m layout-normal text-serif-m layout-padded\">Men etter noen timer begynte uroen \u00e5 melde seg. <\/p>\n<p class=\"_paragraph_o9xde_4 _paragraph_xtcu6_10 layout-component text-serif-m layout-normal text-serif-m layout-padded\">Hva skjer n\u00e5? Hvem skal lede landet videre? F\u00e5r vi endelig demokrati? <\/p>\n<p class=\"_paragraph_o9xde_4 _paragraph_xtcu6_10 layout-component text-serif-m layout-normal text-serif-m layout-padded\">Samtidig var det mange venner og bekjente i Norge som tok kontakt og p\u00e5pekte at den milit\u00e6re aksjonen var et brudd p\u00e5 folkeretten, og spurte hva vi mente om det. <\/p>\n<p><img alt=\"Foto: Cristian Hernandez \/ AP \/ NTB\" class=\"_image_qp4xg_65 layout-component layout-normal\" data-fullscreen- data-track-element-type=\"Article image fullscreen\" data-track-name=\"ImageFullscreen\" decoding=\"async\" loading=\"lazy\" height=\"4182\" itemprop=\"image\"  src=\"https:\/\/www.europesays.com\/no\/wp-content\/uploads\/2026\/01\/c43cecf0-6a80-4df8-98a1-baee24605911.jpeg\"  style=\"object-position:0% 0%\" width=\"6273\"\/>Foto: Cristian Hernandez \/ AP \/ NTB<\/p>\n<p class=\"_paragraph_o9xde_4 _paragraph_xtcu6_10 layout-component text-serif-m layout-normal text-serif-m layout-padded\">Det er ingen tvil om at en slik milit\u00e6r inngripen er et brudd p\u00e5 folkeretten. <\/p>\n<p class=\"_paragraph_o9xde_4 _paragraph_xtcu6_10 layout-component text-serif-m layout-normal text-serif-m layout-padded\">For oss venezuelanere som har flyktet fra landet og n\u00e5 lever i demokratiske stater som respekterer lover og internasjonale regler, er dette et vanskelig dilemma. <\/p>\n<p class=\"_paragraph_o9xde_4 _paragraph_xtcu6_10 layout-component text-serif-m layout-normal text-serif-m layout-padded\"><strong class=\"_strong_o9xde_25\">Er det feil \u00e5 glede seg over at Maduro er fjernet n\u00e5r det skjer gjennom et folkerettsbrudd? <\/strong><\/p>\n<p class=\"_paragraph_o9xde_4 _paragraph_xtcu6_10 layout-component text-serif-m layout-normal text-serif-m layout-padded\">Denne erkjennelsen har dempet noe av v\u00e5r glede. <\/p>\n<p class=\"_paragraph_o9xde_4 _paragraph_xtcu6_10 layout-component text-serif-m layout-normal text-serif-m layout-padded\">Samtidig er det sl\u00e5ende hvor annerledes reaksjonene er blant dem som fortsatt bor i Venezuela. <\/p>\n<p class=\"_paragraph_o9xde_4 _paragraph_xtcu6_10 layout-component text-serif-m layout-normal text-serif-m layout-padded\">N\u00e5r vi har tatt opp sp\u00f8rsm\u00e5let om folkeretten med venner og familie der, har mange reagert med irritasjon, nesten forn\u00e6rmelse. <\/p>\n<p>Venezuelanere danser og feirer i gatene i Santiago i Chile etter at amerikanske styrker gikk til aksjon og fanget Venezuelas president l\u00f8rdag 3. januar. Foto: Esteban Felix \/ AP \/ NTB<\/p>\n<p class=\"_paragraph_o9xde_4 _paragraph_xtcu6_10 layout-component text-serif-m layout-normal text-serif-m layout-padded\">For dem veier ikke noen timers brudd p\u00e5 folkeretten fra USAs side tungt, n\u00e5r Maduros regime har brutt b\u00e5de folkerett og menneskerettigheter mot dem hver eneste dag i \u00e5revis. <\/p>\n<p class=\"_paragraph_o9xde_4 _paragraph_xtcu6_10 layout-component text-serif-m layout-normal text-serif-m layout-padded\">For mange oppleves prisen som verdt \u00e5 betale dersom dette kan f\u00f8re til en slutt p\u00e5 diktaturet og dets brutale behandling av befolkningen. <\/p>\n<p class=\"_paragraph_o9xde_4 _paragraph_xtcu6_10 layout-component text-serif-m layout-normal text-serif-m layout-padded\">Mange har lenge sett en utenlandsk inngripen som den eneste reelle muligheten for regimeskifte, uavhengig av hvem som sto bak, etter at alle demokratiske og fredelige virkemidler er blitt fors\u00f8kt uten \u00e5 f\u00f8re fram.<\/p>\n<p>Mange venezuelanere er imidlertid rasende, og m\u00f8tte opp i flere land for \u00e5 demonstrere mot USAs angrep, og be om frigivelse av president Maduro.  Foto: FEDERICO PARRA \/ AFP \/ NTB<\/p>\n<p class=\"_paragraph_o9xde_4 _paragraph_xtcu6_10 layout-component text-serif-m layout-normal text-serif-m layout-padded\">Likevel er vi dypt bekymret for de langsiktige konsekvensene. <\/p>\n<p class=\"_paragraph_o9xde_4 _paragraph_xtcu6_10 layout-component text-serif-m layout-normal text-serif-m layout-padded\"><strong class=\"_strong_o9xde_25\">Hva skjer n\u00e5? <\/strong><\/p>\n<p class=\"_paragraph_o9xde_4 _paragraph_xtcu6_10 layout-component text-serif-m layout-normal text-serif-m layout-padded\">Kan regimet likevel best\u00e5 eller til og med styrkes? Oppst\u00e5r det et maktvakuum? <\/p>\n<p class=\"_paragraph_o9xde_4 _paragraph_xtcu6_10 layout-component text-serif-m layout-normal text-serif-m layout-padded\"><strong class=\"_strong_o9xde_25\">Risikoen for interne maktkamper, \u00f8deleggende konflikter eller borgerkrig er reell. <\/strong><\/p>\n<p class=\"_paragraph_o9xde_4 _paragraph_xtcu6_10 layout-component text-serif-m layout-normal text-serif-m layout-padded\">Samtidig h\u00e5per vi at dette kan bli starten p\u00e5 at demokratiet endelig f\u00e5r rom til \u00e5 vokse frem igjen.<\/p>\n<p class=\"_paragraph_o9xde_4 _paragraph_xtcu6_10 layout-component text-serif-m layout-normal text-serif-m layout-padded\">Mange stiller ogs\u00e5 sp\u00f8rsm\u00e5l ved USAs egentlige agenda. <\/p>\n<p class=\"_paragraph_o9xde_4 _paragraph_xtcu6_10 layout-component text-serif-m layout-normal text-serif-m layout-padded\">Er m\u00e5let \u00e5 f\u00e5 kontroll over Venezuelas enorme oljeressurser? <\/p>\n<p class=\"_paragraph_o9xde_4 _paragraph_xtcu6_10 layout-component text-serif-m layout-normal text-serif-m layout-padded\">At USA er s\u00e5 \u00e5pen p\u00e5 at det er oljen, er ikke det litt mistenkelig? <\/p>\n<p class=\"_paragraph_o9xde_4 _paragraph_xtcu6_10 layout-component text-serif-m layout-normal text-serif-m layout-padded\">Er dette et geostrategisk trekk for \u00e5 gjenvinne innflytelse i regionen og redusere Kinas, Russlands og Irans rolle? Eller begge?<\/p>\n<p class=\"_paragraph_o9xde_4 _paragraph_xtcu6_10 layout-component text-serif-m layout-normal layout-padded\"><strong class=\"_strong_o9xde_25\">Les ogs\u00e5:<\/strong> <a href=\"https:\/\/www.vg.no\/i\/GxGzJl\" data-track-element-type=\"Link\" data-track-id=\"link:GxGzJl\" class=\"_link_o9xde_39\" rel=\"nofollow noopener\" target=\"_blank\">Trump i stort intervju: USA kan kontrollere Venezuela i \u00ab\u00e5revis\u00bb<\/a><\/p>\n<p class=\"_paragraph_o9xde_4 _paragraph_xtcu6_10 layout-component text-serif-m layout-normal text-serif-m layout-padded\">Det er vanskelig \u00e5 vite hvilke motiver som ligger bak, og enda vanskeligere \u00e5 forutsi konsekvensene. <\/p>\n<p class=\"_paragraph_o9xde_4 _paragraph_xtcu6_10 layout-component text-serif-m layout-normal text-serif-m layout-padded\">Dersom Venezuelas naturressurser brukes til gjenoppbygging av landet, til velferd, helse, utdanning og folkets beste, vil dette oppfattes positiv for de fleste. <\/p>\n<p class=\"_paragraph_o9xde_4 _paragraph_xtcu6_10 layout-component text-serif-m layout-normal text-serif-m layout-padded\">Men dersom ressursene igjen blir et maktmiddel for en liten elite, og undertrykkelsen fortsetter i ny form, vil det i realiteten bety at ingenting har endret seg.<\/p>\n<p><img alt=\"Milit\u00e6rkomplekset Fuerte Tiuna i Caracas ble skadet i den amerikanske operasjonen 3. januar.   Foto: Matias Delacroix \/ AP \/ NTB\" class=\"_image_qp4xg_65 layout-component layout-normal\" data-fullscreen- data-track-element-type=\"Article image fullscreen\" data-track-name=\"ImageFullscreen\" decoding=\"async\" loading=\"lazy\" height=\"3074\" itemprop=\"image\"  src=\"https:\/\/www.europesays.com\/no\/wp-content\/uploads\/2026\/01\/ec61c80a-8478-4a37-a79a-78dd5a5e6f54.jpeg\"  style=\"object-position:0% 0%\" width=\"4611\"\/>Milit\u00e6rkomplekset Fuerte Tiuna i Caracas ble skadet i den amerikanske operasjonen 3. januar.   Foto: Matias Delacroix \/ AP \/ NTB<\/p>\n<p class=\"_paragraph_o9xde_4 _paragraph_xtcu6_10 layout-component text-serif-m layout-normal text-serif-m layout-padded\">Vi som bor i utlandet snakker mye om demokrati. <\/p>\n<p class=\"_paragraph_o9xde_4 _paragraph_xtcu6_10 layout-component text-serif-m layout-normal text-serif-m layout-padded\">For dem som lever i Venezuela, handler hverdagen f\u00f8rst og fremst om \u00e5 dekke helt grunnleggende behov: mat, rent vann, str\u00f8m, medisiner. <\/p>\n<p class=\"_paragraph_o9xde_4 _paragraph_xtcu6_10 layout-component text-serif-m layout-normal text-serif-m layout-padded\">De trenger helsetjenester de kan stole p\u00e5, fungerende offentlige tjenester, og skoler som faktisk er \u00e5pne fem dager i uken. <\/p>\n<p class=\"_paragraph_o9xde_4 _paragraph_xtcu6_10 layout-component text-serif-m layout-normal text-serif-m layout-padded\">Barn og unge trenger utdanning, og alle trenger retten til \u00e5 ytre seg fritt uten frykt for represalier.<\/p>\n<p class=\"_paragraph_o9xde_4 _paragraph_xtcu6_10 layout-component text-serif-m layout-normal text-serif-m layout-padded\">Vi h\u00e5per at endringen kan v\u00e6re et skritt i riktig retning. <\/p>\n<p class=\"_paragraph_o9xde_4 _paragraph_xtcu6_10 layout-component text-serif-m layout-normal text-serif-m layout-padded\"><strong class=\"_strong_o9xde_25\">Samtidig skal det lite til f\u00f8r situasjonen tipper over i voldelig konflikt. <\/strong><\/p>\n<p class=\"_paragraph_o9xde_4 _paragraph_xtcu6_10 layout-component text-serif-m layout-normal text-serif-m layout-padded\">Venezuela er fylt av bev\u00e6pnede grupper lojale til regimet, blant annet colectivos og colombianske ELN-grupper, som f\u00f8lger utviklingen fra sidelinjen. <\/p>\n<p class=\"_paragraph_o9xde_4 _paragraph_xtcu6_10 layout-component text-serif-m layout-normal text-serif-m layout-padded\">\u00c5 f\u00e5 disse til \u00e5 legge ned v\u00e5pnene frivillig vil v\u00e6re en enorm utfordring.<\/p>\n<p><img alt=\"\u00abDet skal lite til f\u00f8r situasjonen tipper over i voldelig konflikt\u00bb, skriver artikkelforfatterne.  Foto: FEDERICO PARRA \/ AFP \/ NTB\" class=\"_image_qp4xg_65 layout-component layout-normal\" data-fullscreen- data-track-element-type=\"Article image fullscreen\" data-track-name=\"ImageFullscreen\" decoding=\"async\" loading=\"lazy\" height=\"4128\" itemprop=\"image\"  src=\"https:\/\/www.europesays.com\/no\/wp-content\/uploads\/2026\/01\/d5a51a07-6517-4c28-9b09-0dd0a1cc1c72.png\"  style=\"object-position:0% 0%\" width=\"6192\"\/>\u00abDet skal lite til f\u00f8r situasjonen tipper over i voldelig konflikt\u00bb, skriver artikkelforfatterne.  Foto: FEDERICO PARRA \/ AFP \/ NTB<\/p>\n<p class=\"_paragraph_o9xde_4 _paragraph_xtcu6_10 layout-component text-serif-m layout-normal text-serif-m layout-padded\">Ansvaret som n\u00e5 hviler p\u00e5 dem som leder dialogen videre, er enormt.<\/p>\n<p class=\"_paragraph_o9xde_4 _paragraph_xtcu6_10 layout-component text-serif-m layout-normal text-serif-m layout-padded\">Det kreves politisk modenhet, kompromissvilje og evne til samarbeid for \u00e5 holde landet stabilt. <\/p>\n<p class=\"_paragraph_o9xde_4 _paragraph_xtcu6_10 layout-component text-serif-m layout-normal text-serif-m layout-padded\"><strong class=\"_strong_o9xde_25\">M\u00e5let m\u00e5 v\u00e6re demokrati. <\/strong><\/p>\n<p class=\"_paragraph_o9xde_4 _paragraph_xtcu6_10 layout-component text-serif-m layout-normal text-serif-m layout-padded\">Vi h\u00e5per at mange av de over \u00e5tte millioner venezuelanerne i utlandet en dag kan vende hjem for \u00e5 bygge landet opp igjen. <\/p>\n<p class=\"_paragraph_o9xde_4 _paragraph_xtcu6_10 layout-component text-serif-m layout-normal text-serif-m layout-padded\">At vi kan selv bestemme hvem som skal lede oss.<\/p>\n<p class=\"_paragraph_o9xde_4 _paragraph_xtcu6_10 layout-component text-serif-m layout-normal text-serif-m layout-padded\">Slik situasjonen er n\u00e5, m\u00e5 vi likevel erkjenne at dette vil ta tid. <\/p>\n<p class=\"_paragraph_o9xde_4 _paragraph_xtcu6_10 layout-component text-serif-m layout-normal text-serif-m layout-padded\"><strong class=\"_strong_o9xde_25\">Be for oss og \u00f8nsk oss lykke til. <\/strong><\/p>\n<p class=\"_paragraph_o9xde_4 _paragraph_xtcu6_10 layout-component text-serif-m layout-normal text-serif-m layout-padded\">Vi kommer til \u00e5 trenge det!<\/p>\n<p>Les ogs\u00e5<br \/>\n   Dette er en kronikk. Kronikken gir uttrykk for skribentens holdning. Du kan sende inn kronikker og debattinnlegg til <a class=\"_link_jv5ak_10\" href=\"https:\/\/www.vg.no\/nyheter\/i\/8p6qVQ\/mailto:debatt@vg.no\" rel=\"nofollow noopener\" target=\"_blank\">debatt@vg.no<\/a>. <\/p>\n","protected":false},"excerpt":{"rendered":"Da nyhetene kom 3. januar om at Nicol\u00e1s Maduro var blitt tatt av amerikanske styrker, utl\u00f8ste det en&hellip;\n","protected":false},"author":2,"featured_media":135383,"comment_status":"","ping_status":"","sticky":false,"template":"","format":"standard","meta":{"footnotes":""},"categories":[12],"tags":[20,21,1388,24,25,15,22,23,13,4037,30,28,29,14,16,26,27,95,42,103,43,44,45],"class_list":{"0":"post-135382","1":"post","2":"type-post","3":"status-publish","4":"format-standard","5":"has-post-thumbnail","7":"category-verden","8":"tag-breaking-news","9":"tag-breakingnews","10":"tag-demokrati","11":"tag-featured-news","12":"tag-featurednews","13":"tag-headlines","14":"tag-latest-news","15":"tag-latestnews","16":"tag-news","17":"tag-nicolas-maduro","18":"tag-no","19":"tag-norge","20":"tag-norway","21":"tag-nyheter","22":"tag-overskrifter","23":"tag-top-stories","24":"tag-topstories","25":"tag-venezuela","26":"tag-verden","27":"tag-vgmeninger","28":"tag-world","29":"tag-world-news","30":"tag-worldnews"},"share_on_mastodon":{"url":"https:\/\/pubeurope.com\/@no\/115881746467503502","error":""},"_links":{"self":[{"href":"https:\/\/www.europesays.com\/no\/wp-json\/wp\/v2\/posts\/135382","targetHints":{"allow":["GET"]}}],"collection":[{"href":"https:\/\/www.europesays.com\/no\/wp-json\/wp\/v2\/posts"}],"about":[{"href":"https:\/\/www.europesays.com\/no\/wp-json\/wp\/v2\/types\/post"}],"author":[{"embeddable":true,"href":"https:\/\/www.europesays.com\/no\/wp-json\/wp\/v2\/users\/2"}],"replies":[{"embeddable":true,"href":"https:\/\/www.europesays.com\/no\/wp-json\/wp\/v2\/comments?post=135382"}],"version-history":[{"count":0,"href":"https:\/\/www.europesays.com\/no\/wp-json\/wp\/v2\/posts\/135382\/revisions"}],"wp:featuredmedia":[{"embeddable":true,"href":"https:\/\/www.europesays.com\/no\/wp-json\/wp\/v2\/media\/135383"}],"wp:attachment":[{"href":"https:\/\/www.europesays.com\/no\/wp-json\/wp\/v2\/media?parent=135382"}],"wp:term":[{"taxonomy":"category","embeddable":true,"href":"https:\/\/www.europesays.com\/no\/wp-json\/wp\/v2\/categories?post=135382"},{"taxonomy":"post_tag","embeddable":true,"href":"https:\/\/www.europesays.com\/no\/wp-json\/wp\/v2\/tags?post=135382"}],"curies":[{"name":"wp","href":"https:\/\/api.w.org\/{rel}","templated":true}]}}