{"id":135386,"date":"2026-01-12T10:52:12","date_gmt":"2026-01-12T10:52:12","guid":{"rendered":"https:\/\/www.europesays.com\/no\/135386\/"},"modified":"2026-01-12T10:52:12","modified_gmt":"2026-01-12T10:52:12","slug":"ulf-andre-andersen-gir-seg-i-se-og-hor-med-umiddelbar-virkning","status":"publish","type":"post","link":"https:\/\/www.europesays.com\/no\/135386\/","title":{"rendered":"Ulf Andr\u00e9 Andersen gir seg i Se og H\u00f8r med umiddelbar virkning"},"content":{"rendered":"<p class=\"extendedContent hyperion-css-eyn926\" data-test-tag=\"lead-text\">Etter ni \u00e5r i sjefsstolen gir Ulf Andr\u00e9 Andersen seg som ansvarlig redakt\u00f8r i Se og H\u00f8r.<\/p>\n<p><img decoding=\"async\" class=\"image-asset hyperion-css-198y16y\" data-test-tag=\"image-asset\" src=\"https:\/\/www.europesays.com\/no\/wp-content\/uploads\/2026\/01\/a60d218e-5c6b-4414-a0f3-f575b42b2add.jpeg\"  alt=\"Se og H\u00f8r-sjef Ulf Andr\u00e9 Andersen gir seg.\"  loading=\"eager\" fetchpriority=\"high\" style=\"aspect-ratio:2048 \/ 1366\"\/>Se og H\u00f8r-sjef Ulf Andr\u00e9 Andersen gir seg. Foto: Paal Audestad<\/p>\n<p>Publisert: 12.01.2026 10:04 |\u00a0Oppdatert: 12.01.2026 10:48<\/p>\n<p class=\"hyperion-css-1j42uic\">\u2013 Ni \u00e5r er lenge i en s\u00e5nn jobb. Det er veldig lite dramatikk i dette \u2013 det handler bare om at det er en tid for alt, sier han til<a aria-label=\" Se og H\u00f8r\" class=\"default hyperion-css-1raymq9\" href=\"https:\/\/www.seher.no\/kjendis\/sjokkmelding-slutter\/84084372\" target=\"_blank\" rel=\"noopener nofollow noreferrer\" data-test-tag=\"external-link\"> Se og H\u00f8r<\/a>.<\/p>\n<p class=\"hyperion-css-1j42uic\">\u2013 Det har v\u00e6rt en vanskelig avgj\u00f8relse, sier 58-\u00e5ringen.<\/p>\n<p class=\"hyperion-css-1j42uic\">\u2013 F\u00f8lelsesmessig er det veldig vanskelig \u00e5 skulle forlate alle de n\u00e6re og gode kollegene mine. Det er noe av det verste ved en s\u00e5nn avgj\u00f8relse. Men heldigvis g\u00e5r jeg ikke ut d\u00f8ren p\u00e5 en god stund enn\u00e5, sier han.<\/p>\n","protected":false},"excerpt":{"rendered":"Etter ni \u00e5r i sjefsstolen gir Ulf Andr\u00e9 Andersen seg som ansvarlig redakt\u00f8r i Se og H\u00f8r. Se&hellip;\n","protected":false},"author":2,"featured_media":135387,"comment_status":"","ping_status":"","sticky":false,"template":"","format":"standard","meta":{"footnotes":""},"categories":[5],"tags":[20,21,24,25,15,19,22,23,17,18,13,30,28,29,14,16,26,27],"class_list":{"0":"post-135386","1":"post","2":"type-post","3":"status-publish","4":"format-standard","5":"has-post-thumbnail","7":"category-overskrifter","8":"tag-breaking-news","9":"tag-breakingnews","10":"tag-featured-news","11":"tag-featurednews","12":"tag-headlines","13":"tag-hovedoppslag","14":"tag-latest-news","15":"tag-latestnews","16":"tag-main-news","17":"tag-mainnews","18":"tag-news","19":"tag-no","20":"tag-norge","21":"tag-norway","22":"tag-nyheter","23":"tag-overskrifter","24":"tag-top-stories","25":"tag-topstories"},"share_on_mastodon":{"url":"https:\/\/pubeurope.com\/@no\/115881754128012317","error":""},"_links":{"self":[{"href":"https:\/\/www.europesays.com\/no\/wp-json\/wp\/v2\/posts\/135386","targetHints":{"allow":["GET"]}}],"collection":[{"href":"https:\/\/www.europesays.com\/no\/wp-json\/wp\/v2\/posts"}],"about":[{"href":"https:\/\/www.europesays.com\/no\/wp-json\/wp\/v2\/types\/post"}],"author":[{"embeddable":true,"href":"https:\/\/www.europesays.com\/no\/wp-json\/wp\/v2\/users\/2"}],"replies":[{"embeddable":true,"href":"https:\/\/www.europesays.com\/no\/wp-json\/wp\/v2\/comments?post=135386"}],"version-history":[{"count":0,"href":"https:\/\/www.europesays.com\/no\/wp-json\/wp\/v2\/posts\/135386\/revisions"}],"wp:featuredmedia":[{"embeddable":true,"href":"https:\/\/www.europesays.com\/no\/wp-json\/wp\/v2\/media\/135387"}],"wp:attachment":[{"href":"https:\/\/www.europesays.com\/no\/wp-json\/wp\/v2\/media?parent=135386"}],"wp:term":[{"taxonomy":"category","embeddable":true,"href":"https:\/\/www.europesays.com\/no\/wp-json\/wp\/v2\/categories?post=135386"},{"taxonomy":"post_tag","embeddable":true,"href":"https:\/\/www.europesays.com\/no\/wp-json\/wp\/v2\/tags?post=135386"}],"curies":[{"name":"wp","href":"https:\/\/api.w.org\/{rel}","templated":true}]}}