{"id":135389,"date":"2026-01-12T10:59:08","date_gmt":"2026-01-12T10:59:08","guid":{"rendered":"https:\/\/www.europesays.com\/no\/135389\/"},"modified":"2026-01-12T10:59:08","modified_gmt":"2026-01-12T10:59:08","slug":"onsdag-skal-det-botte-ned-men-med-regn-eller-sno","status":"publish","type":"post","link":"https:\/\/www.europesays.com\/no\/135389\/","title":{"rendered":"Onsdag skal det b\u00f8tte ned \u2013 men med regn eller sn\u00f8?"},"content":{"rendered":"<p class=\"extendedContent hyperion-css-eyn926\" data-test-tag=\"lead-text\">Meteorologene kommer til \u00e5 sende ut farevarsel for f\u00f8rstkommende onsdag i Oslo. Venter mye nedb\u00f8r. <\/p>\n<p><img decoding=\"async\" class=\"image-asset hyperion-css-u06ts1\" data-test-tag=\"image-asset\" src=\"https:\/\/www.europesays.com\/no\/wp-content\/uploads\/2026\/01\/4c708ed1-03b3-4dc9-879b-05173dcc29f9.jpeg\"  alt=\"Bildet er fra fjor\u00e5rets januar, n\u00e6rmere bestemt den 7. Da var det sn\u00f8kaos i Oslo. \"  loading=\"eager\" fetchpriority=\"high\" style=\"aspect-ratio:2048 \/ 1365\"\/>Bildet er fra fjor\u00e5rets januar, n\u00e6rmere bestemt den 7. Da var det sn\u00f8kaos i Oslo. Foto: Stein J Bj\u00f8rge<\/p>\n<p class=\"paywall hyperion-css-1j42uic\">\u2013 Det blir nok ganske baluba i Oslo. <\/p>\n<p class=\"paywall hyperion-css-1j42uic\">Det sier vakthavende meteorolog p\u00e5 Meteorologisk institutt, Sigrid Augan\u00e6s. <\/p>\n<p class=\"paywall hyperion-css-1j42uic\">Hun forteller at instituttets meteorologer n\u00e5 sitter og analyserer hvilket farevarsel de skal sende ut for f\u00f8rstkommende onsdag. Da er det nemlig meldt store mengder nedb\u00f8r. <\/p>\n<p class=\"paywall hyperion-css-1j42uic\">\u2013 Opp mot 25 cm p\u00e5 24 timer, det er ganske mye, sier Augan\u00e6s. <\/p>\n<p class=\"paywall hyperion-css-1j42uic\">Men det er et problem: blir det sn\u00f8 eller regn? <\/p>\n<p class=\"paywall hyperion-css-1j42uic\">\u2013 Det er litt usikkert hvor sluddgrensen g\u00e5r. Slik det ser ut n\u00e5 blir det gradvis varmere fra onsdag. Nedb\u00f8ren vil starte som sn\u00f8 og s\u00e5 gradvis bli regn i l\u00f8pet av dagen. Steder som ligger litt vekk fra kysten vil kunne beholde sn\u00f8en i denne perioden. <\/p>\n<p class=\"paywall hyperion-css-1j42uic\">En skientusiast \u00f8yner et h\u00e5p. <\/p>\n<p class=\"paywall hyperion-css-1j42uic\">\u2013 Oslo vil mest sannsynlig f\u00e5 v\u00e5t nedb\u00f8r i l\u00f8pet av onsdagen. <\/p>\n<p class=\"paywall hyperion-css-1j42uic\">\u00c5 nei. <\/p>\n<p class=\"paywall hyperion-css-1j42uic\">\u2013 Oslo sentrum ligger akkurat p\u00e5 grensen. Det kan ogs\u00e5 hende at det kommer et skikkelig p\u00e5fyll av sn\u00f8. Det blir ille uansett. <\/p>\n<p class=\"paywall hyperion-css-1j42uic\">\u00c5 ja!<\/p>\n<p>M\u00e5k vekk sn\u00f8 f\u00f8r mildv\u00e6ret kommer<\/p>\n<p class=\"paywall hyperion-css-1j42uic\">Et veldig konkret tips fra meteorologen er \u00e5 ta fatt p\u00e5 m\u00e5kingen n\u00e5 f\u00f8r mildv\u00e6ret kommer. <\/p>\n<p class=\"paywall hyperion-css-1j42uic\">\u2013 N\u00e5r det kommer regn, vil sn\u00f8en bli veldig tung \u00e5 m\u00e5ke vekk. Kommer det kaldv\u00e6r igjen etter det blir det klink-is og veldig vanskelig \u00e5 flytte. <\/p>\n<p class=\"paywall hyperion-css-1j42uic\">Det kan bli veldig glatt p\u00e5 veiene i S\u00f8r-Norge, advarer meteorologene.<\/p>\n<p>Ogs\u00e5 d\u00e5rlig v\u00e6r andre steder i Norge<\/p>\n<p class=\"paywall hyperion-css-1j42uic\">Det er og v\u00e6r andre steder i landet. Det er sendt ut gult farevarsel for kraftige vindkast flere steder p\u00e5 vestlandet, samt deler av Agder og Telemark. <\/p>\n<p class=\"paywall hyperion-css-1j42uic\">P\u00e5 Stavanger lufthavn har det i morgentimene mandag v\u00e6rt full stans i flytrafikken. Blant annet har man ikke klart \u00e5 avvise flyene, skriver <a aria-label=\"Stavanger Aftenblad.\" class=\"breaking-short hyperion-css-1raymq9\" href=\"https:\/\/www.aftenbladet.no\/direkte\/i\/0EGlxJ\/vi-foelger-trafikken-direkte?pinnedEntry=297239\" target=\"_blank\" rel=\"noopener nofollow noreferrer\" data-test-tag=\"external-link\">Stavanger Aftenblad.<\/a><\/p>\n<p class=\"paywall hyperion-css-1j42uic\">Det er ogs\u00e5 sendt ut oransje farevarsel for sn\u00f8skredfare i Hardanger og Voss. Et oransje farevarsel for mye sn\u00f8 er sendt ut for ytre str\u00f8k i Agder. <\/p>\n<p class=\"paywall hyperion-css-1j42uic\">Der har det allerede begynt \u00e5 sn\u00f8 kraftig.<\/p>\n<p class=\"paywall hyperion-css-1j42uic\">I l\u00f8pet av onsdag kan det komme s\u00e5 mye som 40 centimeter med sn\u00f8 i l\u00f8pet av onsdagen i Agder.<\/p>\n","protected":false},"excerpt":{"rendered":"Meteorologene kommer til \u00e5 sende ut farevarsel for f\u00f8rstkommende onsdag i Oslo. Venter mye nedb\u00f8r. Bildet er fra&hellip;\n","protected":false},"author":2,"featured_media":135390,"comment_status":"","ping_status":"","sticky":false,"template":"","format":"standard","meta":{"footnotes":""},"categories":[10],"tags":[20,21,24,25,15,22,23,13,30,28,29,14,16,26,27],"class_list":{"0":"post-135389","1":"post","2":"type-post","3":"status-publish","4":"format-standard","5":"has-post-thumbnail","7":"category-norge","8":"tag-breaking-news","9":"tag-breakingnews","10":"tag-featured-news","11":"tag-featurednews","12":"tag-headlines","13":"tag-latest-news","14":"tag-latestnews","15":"tag-news","16":"tag-no","17":"tag-norge","18":"tag-norway","19":"tag-nyheter","20":"tag-overskrifter","21":"tag-top-stories","22":"tag-topstories"},"share_on_mastodon":{"url":"https:\/\/pubeurope.com\/@no\/115881781687007348","error":""},"_links":{"self":[{"href":"https:\/\/www.europesays.com\/no\/wp-json\/wp\/v2\/posts\/135389","targetHints":{"allow":["GET"]}}],"collection":[{"href":"https:\/\/www.europesays.com\/no\/wp-json\/wp\/v2\/posts"}],"about":[{"href":"https:\/\/www.europesays.com\/no\/wp-json\/wp\/v2\/types\/post"}],"author":[{"embeddable":true,"href":"https:\/\/www.europesays.com\/no\/wp-json\/wp\/v2\/users\/2"}],"replies":[{"embeddable":true,"href":"https:\/\/www.europesays.com\/no\/wp-json\/wp\/v2\/comments?post=135389"}],"version-history":[{"count":0,"href":"https:\/\/www.europesays.com\/no\/wp-json\/wp\/v2\/posts\/135389\/revisions"}],"wp:featuredmedia":[{"embeddable":true,"href":"https:\/\/www.europesays.com\/no\/wp-json\/wp\/v2\/media\/135390"}],"wp:attachment":[{"href":"https:\/\/www.europesays.com\/no\/wp-json\/wp\/v2\/media?parent=135389"}],"wp:term":[{"taxonomy":"category","embeddable":true,"href":"https:\/\/www.europesays.com\/no\/wp-json\/wp\/v2\/categories?post=135389"},{"taxonomy":"post_tag","embeddable":true,"href":"https:\/\/www.europesays.com\/no\/wp-json\/wp\/v2\/tags?post=135389"}],"curies":[{"name":"wp","href":"https:\/\/api.w.org\/{rel}","templated":true}]}}