{"id":135393,"date":"2026-01-12T11:08:20","date_gmt":"2026-01-12T11:08:20","guid":{"rendered":"https:\/\/www.europesays.com\/no\/135393\/"},"modified":"2026-01-12T11:08:20","modified_gmt":"2026-01-12T11:08:20","slug":"fortviler-over-stadige-togforsinkelser-overhodet-ikke-til-a-stole-pa-lister24-no","status":"publish","type":"post","link":"https:\/\/www.europesays.com\/no\/135393\/","title":{"rendered":"Fortviler over stadige togforsinkelser: \u2013 Overhodet ikke til \u00e5 stole p\u00e5 &#8211; lister24.no"},"content":{"rendered":"<ol>\n<li><a href=\"https:\/\/news.google.com\/rss\/articles\/CBMisAFBVV95cUxNbnpfUXZHTkdPWnZwUUdxZTZaaVpOLWFPTXFXci1idE04bHlRblpfaDJjM0NGeHp6YXpkUXFsNEE0YlAyNzA2TWhWeFU2OGRydERNTThxT0gzRlZOb20zcWNpbklYRG1wYmZqcDA5N3BKMkphRk1RZzZzMngwSmhCa3ZoYzNiV3oyY0luQXRCVWN6czctYU9SUWhnQ1hlY2hEMERhM3pzQTBKWU11dFdSeg?oc=5\" target=\"_blank\" rel=\"nofollow noopener\">Fortviler over stadige togforsinkelser: \u2013 Overhodet ikke til \u00e5 stole p\u00e5<\/a>&nbsp;&nbsp;lister24.no<\/li>\n<li><a href=\"https:\/\/news.google.com\/rss\/articles\/CBMijAFBVV95cUxPbU01U3RtZ2t1V3ZFU3d2T0lDNWlIVS1IODZBcWQyZm1tTmdGSE9FNzQ0MkJJTzZlVjFZUldVSjN0YjRQQkt6OURfV3N4djlGNmRlZWZKUTRHcHVvM0xXUEsxajlLeXpUZkV5cHNIT3pVT3NjdVNOT3JvSFpYMHkzR2JqZl9pbTNPcGdHTw?oc=5\" target=\"_blank\" rel=\"nofollow noopener\">Flere tog p\u00e5 s\u00f8rlandsbanen er innstilt<\/a>&nbsp;&nbsp;agderposten.no<\/li>\n<li><a href=\"https:\/\/news.google.com\/rss\/articles\/CBMiggFBVV95cUxOV0hfc2t4UWxDYkVYVHYzaUllV3g0Zl9BNlA3NUxXZlI1dmZkbWhjbmhtNjdLWGV5WTJOMFZZcEZhbnpjSHhoTU5DOXZ5TW1UWlZwVEFVV1FoRWdWT0w0YUxjRElsTjI0TGFJaXZZaV8yTm1XZkpiUThhQ2FCck1hX2Vn?oc=5\" target=\"_blank\" rel=\"nofollow noopener\">Mer enn 20 avganger framover er innstilt<\/a>&nbsp;&nbsp;l-a.no<\/li>\n<li><a href=\"https:\/\/news.google.com\/rss\/articles\/CBMiiAFBVV95cUxNT1hDeHlfREI5d3d5T1F6MHFTMUpjUWZwUEVVZkNsWDd3SFZLY2h4OUltY1pqT01NSm1McUphTmh3dXFYN2VrUFNnVUpXajVzV1dndjl1OUVDWWEwLW9RWlJ4ajBzZnVhTEU2OWNCZUxnVkcyZkpkaWFWUXlfVWNfdXRlVzVieTZr?oc=5\" target=\"_blank\" rel=\"nofollow noopener\">S\u00f8rlandsbanen fortsatt ikke friskmeldt<\/a>&nbsp;&nbsp;Lyngdals Avis<\/li>\n<li><a href=\"https:\/\/news.google.com\/rss\/articles\/CBMibEFVX3lxTE5CdDJWMGtQNHlCSlN4VzBaczhWQkFuQW5Ib2IyT0cwSlhKaXRvd0NiY3VnRXdCTGlRaUlIdGdjclRGLU9mSHQ2X1k0cXdtdnhjbVdoUWR0dU1ZWm5KczBQcWhaVzNnc01OSl9leA?oc=5\" target=\"_blank\" rel=\"nofollow noopener\">Problemer p\u00e5 S\u00f8rlandsbanen<\/a>&nbsp;&nbsp;KRS &#8211; Avisen Kristiansand<\/li>\n<\/ol>\n","protected":false},"excerpt":{"rendered":"Fortviler over stadige togforsinkelser: \u2013 Overhodet ikke til \u00e5 stole p\u00e5&nbsp;&nbsp;lister24.no Flere tog p\u00e5 s\u00f8rlandsbanen er innstilt&nbsp;&nbsp;agderposten.no Mer&hellip;\n","protected":false},"author":2,"featured_media":135394,"comment_status":"","ping_status":"","sticky":false,"template":"","format":"standard","meta":{"footnotes":""},"categories":[10],"tags":[20,21,24,25,15,22,23,13,30,28,29,14,16,26,27],"class_list":{"0":"post-135393","1":"post","2":"type-post","3":"status-publish","4":"format-standard","5":"has-post-thumbnail","7":"category-norge","8":"tag-breaking-news","9":"tag-breakingnews","10":"tag-featured-news","11":"tag-featurednews","12":"tag-headlines","13":"tag-latest-news","14":"tag-latestnews","15":"tag-news","16":"tag-no","17":"tag-norge","18":"tag-norway","19":"tag-nyheter","20":"tag-overskrifter","21":"tag-top-stories","22":"tag-topstories"},"share_on_mastodon":{"url":"https:\/\/pubeurope.com\/@no\/115881817088816847","error":""},"_links":{"self":[{"href":"https:\/\/www.europesays.com\/no\/wp-json\/wp\/v2\/posts\/135393","targetHints":{"allow":["GET"]}}],"collection":[{"href":"https:\/\/www.europesays.com\/no\/wp-json\/wp\/v2\/posts"}],"about":[{"href":"https:\/\/www.europesays.com\/no\/wp-json\/wp\/v2\/types\/post"}],"author":[{"embeddable":true,"href":"https:\/\/www.europesays.com\/no\/wp-json\/wp\/v2\/users\/2"}],"replies":[{"embeddable":true,"href":"https:\/\/www.europesays.com\/no\/wp-json\/wp\/v2\/comments?post=135393"}],"version-history":[{"count":0,"href":"https:\/\/www.europesays.com\/no\/wp-json\/wp\/v2\/posts\/135393\/revisions"}],"wp:featuredmedia":[{"embeddable":true,"href":"https:\/\/www.europesays.com\/no\/wp-json\/wp\/v2\/media\/135394"}],"wp:attachment":[{"href":"https:\/\/www.europesays.com\/no\/wp-json\/wp\/v2\/media?parent=135393"}],"wp:term":[{"taxonomy":"category","embeddable":true,"href":"https:\/\/www.europesays.com\/no\/wp-json\/wp\/v2\/categories?post=135393"},{"taxonomy":"post_tag","embeddable":true,"href":"https:\/\/www.europesays.com\/no\/wp-json\/wp\/v2\/tags?post=135393"}],"curies":[{"name":"wp","href":"https:\/\/api.w.org\/{rel}","templated":true}]}}