{"id":135398,"date":"2026-01-12T11:17:15","date_gmt":"2026-01-12T11:17:15","guid":{"rendered":"https:\/\/www.europesays.com\/no\/135398\/"},"modified":"2026-01-12T11:17:15","modified_gmt":"2026-01-12T11:17:15","slug":"langer-ut-mot-mediedekningen-respektlost","status":"publish","type":"post","link":"https:\/\/www.europesays.com\/no\/135398\/","title":{"rendered":"Langer ut mot mediedekningen: &#8211; Respektl\u00f8st"},"content":{"rendered":"<p>Norske og utenlandske nettaviser har viet mye spalteplass til d\u00f8dsfallet til Bakken.\u00a0<\/p>\n<p>Den 27 \u00e5r gamle skiskytteren ble funnet d\u00f8d p\u00e5 hotellrommet sitt i Italia 23. desember.<\/p>\n<p>D\u00f8ds\u00e5rsaken er fortsatt ikke kjent. Italiensk politi etterforsker saken.<\/p>\n<p>Vetle Sj\u00e5stad Christiansen mener enkelte medier har g\u00e5tt altfor langt i spekulasjonene omkring d\u00f8ds\u00e5rsaken.<\/p>\n<p>      <img class=\"image__img lazyload\" itemprop=\"image\" title=\"Foto: Magnus Windelstad \/ TV 2\" alt=\"HEDRET: Sivert Guttorm Bakken ble hedret f\u00f8r start i Oberhof. Foto: Magnus Windelstad \/ TV 2\" width=\"978\" height=\"653\" bad-src=\"https:\/\/www.europesays.com\/no\/wp-content\/uploads\/2026\/01\/18444786.webp.jpeg\" fetchpriority=\"auto\" \/><\/p>\n<p>      HEDRET: Sivert Guttorm Bakken ble hedret f\u00f8r start i Oberhof.<br \/>\n         Foto: Magnus Windelstad \/ TV 2<\/p>\n<p>      <img class=\"image__img lazyload\" itemprop=\"image\" title=\"Foto: Magnus Windelstad \/ TV 2\" alt=\"Det ble delt ut mange klemmer f\u00f8r sprinten i Oberhof. Foto: Magnus Windelstad \/ TV 2\" width=\"978\" height=\"653\" bad-src=\"https:\/\/www.europesays.com\/no\/wp-content\/uploads\/2026\/01\/18444758.webp.jpeg\" fetchpriority=\"auto\" \/><\/p>\n<p>      Det ble delt ut mange klemmer f\u00f8r sprinten i Oberhof.<br \/>\n         Foto: Magnus Windelstad \/ TV 2<\/p>\n<p>      <img class=\"image__img lazyload\" itemprop=\"image\" title=\"Foto: Magnus Windelstad \/ TV 2\" alt=\" Foto: Magnus Windelstad \/ TV 2\" width=\"978\" height=\"653\" bad-src=\"https:\/\/www.europesays.com\/no\/wp-content\/uploads\/2026\/01\/18444783.webp.jpeg\" fetchpriority=\"auto\" \/><\/p>\n<p>         Foto: Magnus Windelstad \/ TV 2<\/p>\n<p>Sterk kritikk<\/p>\n<p>Etter det som ble en\u00a0<a href=\"https:\/\/www.tv2.no\/sport\/ingenting-a-feire\/18444034\/\" rel=\"nofollow noopener\" target=\"_blank\">veldig spesiell sprint i Oberhof<\/a>, tok Sj\u00e5stad Christiansen et kraftig oppgj\u00f8r med pressedekningen av d\u00f8dsfallet.<\/p>\n<p>\u2013 Jeg synes det er mange som burde l\u00f8ftet blikket litt fra egen navle og utvidet horisonten. Det er mange ber\u00f8rte, og spesielt n\u00e6rmeste familie, som sitter der uten s\u00f8nnen sin. Og da \u00e5 skulle drive oppvask f\u00f8r kisten er kommet hjem til Norge, det synes jeg er j\u00e6vlig egoistisk.\u00a0<\/p>\n<p>Han fortsetter:\u00a0<\/p>\n<p>\u2013 Man skulle tro det var en gjeng med narsissister, som bare tenker p\u00e5 seg selv. Det er mange som skor seg p\u00e5 andres ulykke, og det synes jeg en kan vente med til man har f\u00e5tt noe som helst form for svar. Det kan godt hende det er mange som har et poeng, men alt til sin tid. Det g\u00e5r an \u00e5 lese rommet litt bedre.<\/p>\n<p>Sj\u00e5stad Christiansens utbasunering f\u00e5r st\u00f8tte fra Aftenposten-kommentator Daniel R\u00f8ed-Johansen.\u00a0<\/p>\n<p>\u2013 Det er uverdig \u00e5 bruke denne hendelsen til \u00e5 starte en debatt om moral i idretten. Grunnen er at ingen vet om det er en sammenheng mellom d\u00f8dsfallet og bruken av\u00a0h\u00f8ydemasken, sier han til TV 2.\u00a0<\/p>\n<p>        <img class=\"image__img lazyload\" itemprop=\"image\" title=\"Foto: Privat\" alt=\"Aftenposten-kommentator Daniel R\u00f8ed-Johansen. Foto: Privat\" width=\"675\" height=\"662\" bad-src=\"https:\/\/www.europesays.com\/no\/wp-content\/uploads\/2026\/01\/18445399.webp.jpeg\" fetchpriority=\"auto\" \/><\/p>\n<p>      Aftenposten-kommentator Daniel R\u00f8ed-Johansen.<br \/>\n         Foto: Privat<\/p>\n<p>Han legger til:\u00a0<\/p>\n<p>\u2013 Det jeg reagerer p\u00e5, er at d\u00f8dsfallet brukes som premiss til \u00e5 mene at norsk idrett er p\u00e5 ville veier. Og denne kritikken kom kort tid etter at tragedien skjedde.\u00a0<\/p>\n<p>R\u00f8ed-Johansen mener Otto Ulseth var en av dem som dro det lengst.<\/p>\n<p>Sportskommentatoren i Tr\u00f8nder-Avisa \u00f8nsket,\u00a0tre dager etter at d\u00f8dsfallet ble kjent, en\u00a0<a href=\"https:\/\/www.t-a.no\/en-idrettsledelse-som-later-som-om-den-ikke-vet\/o\/5-116-2279831\" rel=\"nofollow noopener\" target=\"_blank\">uavhengig granskning av ledelsen<\/a>\u00a0i norsk idrett velkommen.<\/p>\n<p><a href=\"https:\/\/www.tv2.no\/sport\/rystet-over-svar-slik-kan-vi-ikke-holde-pa\/18415988\/\" target=\"_blank\" rel=\"nofollow noopener\">TV 2 har ogs\u00e5 skrevet saker<\/a>\u00a0om praksisen og den manglende oversikten rundt maskebruk.\u00a0<\/p>\n<p>Ulseth har f\u00e5tt med seg kommentaren til R\u00f8ed-Johansen og sier f\u00f8lgende:<\/p>\n<p>\u2013 Jeg forutsetter at n\u00e5r man er sportskommentator i Aftenposten, s\u00e5 kan man lese. Diskusjonen g\u00e5r ikke p\u00e5 hva som er d\u00f8ds\u00e5rsaken. Det har alle som har uttalt seg understreket &#8211; inkludert meg.<\/p>\n<p>Ulseth mener d\u00f8dsfallet og h\u00f8ydemaske-bruken er to forskjellige saker.<\/p>\n<p>\u2013 Dette \u00e5pner for en debatt rundt bruken av manipulert h\u00f8yde og andre forhold i gr\u00e5sonen.<\/p>\n<p>        <img class=\"image__img lazyload\" itemprop=\"image\" title=\"Foto: Frank Lervik \/ TV 2\" alt=\"MENINGSB\u00c6RER: Otto Ulseth. Foto: Frank Lervik \/ TV 2\" width=\"978\" height=\"656\" bad-src=\"https:\/\/www.europesays.com\/no\/wp-content\/uploads\/2026\/01\/18446009.webp.jpeg\" fetchpriority=\"auto\" \/><\/p>\n<p>      MENINGSB\u00c6RER: Otto Ulseth.<br \/>\n         Foto: Frank Lervik \/ TV 2<\/p>\n<p>Ulseth understreker at Bakken ikke gjorde noe ulovlig.<\/p>\n<p class=\"italic m-italic\" data-lab-italic=\"italic\">\u2013 Forst\u00e5r du at de etterlatte kan oppleve dette som belastende?<\/p>\n<p>\u2013 Jeg antar at de etterlatte har hatt en forferdelig tid. Ogs\u00e5 de n\u00e6rmeste. Det er helt naturlig, fordi dette er dypt tragisk. Det er ikke noe mer \u00e5 si &#8211; helt uavhengig av \u00e5rsaken.\u00a0<\/p>\n<p>I egen avis har R\u00f8ed-Johansen skrevet en kommentar med tittelen\u00a0<a href=\"https:\/\/www.aftenposten.no\/meninger\/kommentar\/i\/k0Jzb6\/sivert-guttorm-bakken-doede-uverdig-debatt-om-hoeydemasker-etter-doedsfallet\" rel=\"nofollow noopener\" target=\"_blank\">\u00abUverdig debatt etter d\u00f8dsfallet\u00bb<\/a>.<\/p>\n<p>Kommentatoren understreker at mediene har en viktig kontrollfunksjon \u2013 og at det er greit at journalister \u00abstiller sp\u00f8rsm\u00e5l om rutiner til idrettslederne.\u00bb<\/p>\n<p>\u00abMen det er noe annet \u00e5 bruke saken til \u00e5 starte en debatt om idrettens moral, slik flere kommentatorer og idrettsfolk har gjort. Alle understreker at d\u00f8ds\u00e5rsaken ikke er kjent, men det lyder hult n\u00e5r de likevel kobler tragedien til at idrettens moralske kompass er \u00f8delagt.\u00bb<\/p>\n<p>Forst\u00e5r reaksjonene<\/p>\n<p class=\"no_italic m-no_italic\" data-lab-italic=\"\">Ingrid Landmark Tandrevold\u00a0forteller til TV 2 at hun har unng\u00e5tt \u00e5 lese for mye om saken.\u00a0<\/p>\n<p>\u2013 For \u00e5 v\u00e6re helt \u00e6rlig har jeg jo bevisst ikke lest noe, egentlig. Det dreier seg liksom fort over p\u00e5 andre ting, da. Som jeg synes er altfor tidlig.<\/p>\n<p>B\u00e5de verdenscupleder <a href=\"https:\/\/www.tv2.no\/sport\/botn-bryter-tausheten-etter-dodsfallet\/18426657\/\" rel=\"nofollow noopener\" target=\"_blank\">Johan-Olav Botn<\/a> og de etterlattes bistandsadvokat har tidligere ogs\u00e5 reagert.<\/p>\n<p>Johannes Dale-Skjevdal stemmer i:<\/p>\n<p>\u2013\u00a0Det \u00e5 spekulere for mye, det synes jeg er respektl\u00f8st og un\u00f8dvendig. Jeg skj\u00f8nner at det er interessant for folk, men av respekt for alle og familien, synes jeg at vi kan ta oss tid til \u00e5 dr\u00f8ye litt med eventuelle spekulasjoner. Vi kommer til \u00e5 f\u00e5 svaret p\u00e5 alt vi lurer p\u00e5 etter hvert. Men det er for tidlig \u00e5 begynne med det n\u00e5.<\/p>\n<p>Reaksjonene m\u00f8ter forst\u00e5else hos R\u00f8ed-Johansen:\u00a0<\/p>\n<p>\u2013 Jeg skj\u00f8nner godt at flere i milj\u00f8et reagerer p\u00e5 deler av mediedekningen. Kritikerne passer p\u00e5 \u00e5\u00a0understreke\u00a0at d\u00f8ds\u00e5rsaken ikke er kjent, men likevel kobler de tragedien til at idrettens moralske kompass er \u00f8delagt. Da er det noe som skurrer veldig.<\/p>\n<p>        <img class=\"image__img lazyload\" itemprop=\"image\" title=\"Foto: Yngve Sem Pedersen \/ TV 2\" alt=\"Sivert Guttorm Bakken ble funnet d\u00f8d lille julaften p\u00e5 rommet sitt i Lavaz\u00e8 i Italia. Foto: Yngve Sem Pedersen \/ TV 2\" width=\"978\" height=\"656\" bad-src=\"https:\/\/www.europesays.com\/no\/wp-content\/uploads\/2026\/01\/18448808.webp.jpeg\" fetchpriority=\"auto\" \/><\/p>\n<p>      Sivert Guttorm Bakken ble funnet d\u00f8d lille julaften p\u00e5 rommet sitt i Lavaz\u00e8 i Italia.<br \/>\n         Foto: Yngve Sem Pedersen \/ TV 2<\/p>\n<p>VG er \u00e9n av flere aviser som har viet spalteplass til d\u00f8dsfallet.<\/p>\n<p>Sportsleder i VG, Frode Buanes, mener saken har v\u00e6rt krevende \u00e5 dekke.<\/p>\n<p>\u2013 Dette har v\u00e6rt en veldig krevende sak for VG \u00e5 jobbe med. Det er et tragisk d\u00f8dsfall, og det er mye som fortsatt er ukjent. Skiskytterforbundet var tidlig ute med informasjon om at Bakken var funnet med h\u00f8ydemaske. Og da er det helt naturlig for oss \u00e5 drive journalistikk rundt det, sier Buanes.<\/p>\n<p>\u2013 N\u00e5 kommer ikke mer nytt rundt obduksjonen f\u00f8r i mars, men det er en stor mulighet for at man ikke f\u00e5r noe endelig svar den ene eller andre retningen om hvorfor han d\u00f8de. Vi mener det er helt naturlig \u00e5 f\u00e5 frem nyhetspoeng, med blant annet hvor masken er kj\u00f8pt og hvilken h\u00f8yde den er stilt inn p\u00e5. Vi mener det er relevant informasjon i et mye omtalt og tragisk d\u00f8dsfall.\u00a0<\/p>\n<p class=\"italic m-italic\" data-lab-italic=\"italic\">\u2013 Hva tenker du om at flere n\u00e6r Bakken &#8211; og den etterlatte familien &#8211; synes dekningen har v\u00e6rt belastende?<\/p>\n<p>\u2013 Jeg har full forst\u00e5else for at det er belastende med mediedekning n\u00e5r man st\u00e5r i en sorg. Det er likevel ikke s\u00e5nn at det hensynet alltid vil trumfe andre hensyn som offentlighetens informasjonsbehov. Men det er absolutt med i v\u00e5re vurderinger: At det vi skriver er tungt for de etterlatte, sier Buanes.<\/p>\n","protected":false},"excerpt":{"rendered":"Norske og utenlandske nettaviser har viet mye spalteplass til d\u00f8dsfallet til Bakken.\u00a0 Den 27 \u00e5r gamle skiskytteren ble&hellip;\n","protected":false},"author":2,"featured_media":135399,"comment_status":"","ping_status":"","sticky":false,"template":"","format":"standard","meta":{"footnotes":""},"categories":[59],"tags":[30,28,29,83,82],"class_list":{"0":"post-135398","1":"post","2":"type-post","3":"status-publish","4":"format-standard","5":"has-post-thumbnail","7":"category-sport","8":"tag-no","9":"tag-norge","10":"tag-norway","11":"tag-sport","12":"tag-sports"},"share_on_mastodon":{"url":"https:\/\/pubeurope.com\/@no\/115881852448730993","error":""},"_links":{"self":[{"href":"https:\/\/www.europesays.com\/no\/wp-json\/wp\/v2\/posts\/135398","targetHints":{"allow":["GET"]}}],"collection":[{"href":"https:\/\/www.europesays.com\/no\/wp-json\/wp\/v2\/posts"}],"about":[{"href":"https:\/\/www.europesays.com\/no\/wp-json\/wp\/v2\/types\/post"}],"author":[{"embeddable":true,"href":"https:\/\/www.europesays.com\/no\/wp-json\/wp\/v2\/users\/2"}],"replies":[{"embeddable":true,"href":"https:\/\/www.europesays.com\/no\/wp-json\/wp\/v2\/comments?post=135398"}],"version-history":[{"count":0,"href":"https:\/\/www.europesays.com\/no\/wp-json\/wp\/v2\/posts\/135398\/revisions"}],"wp:featuredmedia":[{"embeddable":true,"href":"https:\/\/www.europesays.com\/no\/wp-json\/wp\/v2\/media\/135399"}],"wp:attachment":[{"href":"https:\/\/www.europesays.com\/no\/wp-json\/wp\/v2\/media?parent=135398"}],"wp:term":[{"taxonomy":"category","embeddable":true,"href":"https:\/\/www.europesays.com\/no\/wp-json\/wp\/v2\/categories?post=135398"},{"taxonomy":"post_tag","embeddable":true,"href":"https:\/\/www.europesays.com\/no\/wp-json\/wp\/v2\/tags?post=135398"}],"curies":[{"name":"wp","href":"https:\/\/api.w.org\/{rel}","templated":true}]}}