{"id":135402,"date":"2026-01-12T11:21:10","date_gmt":"2026-01-12T11:21:10","guid":{"rendered":"https:\/\/www.europesays.com\/no\/135402\/"},"modified":"2026-01-12T11:21:10","modified_gmt":"2026-01-12T11:21:10","slug":"finsk-politi-slipper-russisk-tilknyttet-skip","status":"publish","type":"post","link":"https:\/\/www.europesays.com\/no\/135402\/","title":{"rendered":"Finsk politi slipper russisk-tilknyttet skip"},"content":{"rendered":"\n<p class=\"_lead_o9xde_2 _lead_xtcu6_50 layout-component text-serif-m layout-normal text-serif-l layout-component layout-wide layout-padded _wide_17hqh_1 layout-padded\">Skipet var mistenkt for sabotasje av undersj\u00f8isk kabel.<\/p>\n<p><img alt=\"Her ligger det beslaglagte fart\u00f8yet Fitburg i havn i Kirkkonummi i Finland, 31. desember Foto: Roni Rekomaa \/ Reuters \/ NTB\" class=\"_image_qp4xg_65 layout-component layout-wide\" data-fullscreen- data-track-element-type=\"Article image fullscreen\" data-track-name=\"ImageFullscreen\" fetchpriority=\"high\" decoding=\"sync\" loading=\"eager\" height=\"4096\" itemprop=\"image\"  src=\"https:\/\/www.europesays.com\/no\/wp-content\/uploads\/2026\/01\/1768216868_181_c5b9271e-6e8f-4268-b99c-a0847ffc8810.png\"  style=\"object-position:0% 0%\" width=\"6144\"\/>Her ligger det beslaglagte fart\u00f8yet Fitburg i havn i Kirkkonummi i Finland, 31. desember Foto: Roni Rekomaa \/ Reuters \/ NTB<\/p>\n<ul aria-hidden=\"true\" class=\"_images_ntbth_112\">\n<li><a class=\"_link_ntbth_117\" href=\"https:\/\/www.vg.no\/forfatter\/isak-loeve-pilskog-loe\" style=\"z-index:1\" title=\"Isak L\u00f8ve Pilskog Loe\" rel=\"nofollow noopener\" target=\"_blank\"><img alt=\"Bilde av Isak L\u00f8ve Pilskog Loe\" class=\"_image_ntbth_93\" fetchpriority=\"low\" loading=\"lazy\" decoding=\"async\" itemprop=\"image\"  src=\"https:\/\/www.europesays.com\/no\/wp-content\/uploads\/2026\/01\/1768216868_449_8b0354e3-bf53-460c-9c1c-790321a0c923.jpeg\"  width=\"480\"\/><\/a><\/li>\n<\/ul>\n<p> Oppdatert mandag 12. januar kl. 10:41     <\/p>\n<p class=\"_paragraph_o9xde_4 _paragraph_xtcu6_10 layout-component text-serif-m layout-normal text-serif-m layout-padded\">Finsk politi har opphevet beslaget av lasteskipet \u00abFitburg\u00bb som var holdt tilbake p\u00e5 grunn av <a href=\"https:\/\/www.vg.no\/nyheter\/i\/K83Kee\/stubb-fartoey-inspisert-etter-kabelskade-i-finskebukta\" data-track-element-type=\"Link\" data-track-id=\"link:K83Kee\" class=\"_link_o9xde_39\" rel=\"nofollow noopener\" target=\"_blank\">mistanke om sabotasje<\/a>.<\/p>\n<p class=\"_paragraph_o9xde_4 _paragraph_xtcu6_10 layout-component text-serif-m layout-normal text-serif-m layout-padded\">Det melder finske Yle og internasjonale Reuters.<\/p>\n<p class=\"_paragraph_o9xde_4 _paragraph_xtcu6_10 layout-component text-serif-m layout-normal text-serif-m layout-padded\">Besetningen om bord, totalt 14 personer fra Russland, Georgia, Kasakhstan og Aserbajdsjan ble p\u00e5grepet og skipet ble tatt i beslag. P\u00e5talemyndigheten mistenkte at skipet og dets anker ble brukt for \u00e5 sabotere en undersj\u00f8isk telekommunikasjonskabel som g\u00e5r fra Helsinki til Estland gjennom Finskebukta.<\/p>\n<p class=\"_paragraph_o9xde_4 _paragraph_xtcu6_10 layout-component text-serif-m layout-normal text-serif-m layout-padded\">Finsk p\u00e5talemyndighet fant et slepespor fra skipets anker. Sporet strakte seg over flere titalls kilometer.<\/p>\n<p class=\"_paragraph_o9xde_4 _paragraph_xtcu6_10 layout-component text-serif-m layout-normal text-serif-m layout-padded\">If\u00f8lge posisjonsdata fra <a href=\"https:\/\/www.marinetraffic.com\/en\/ais\/details\/ships\/shipid:402709\/mmsi:375068000\/imo:9250397\/vessel:FITBURG\" class=\"_link_o9xde_39\" rel=\"nofollow noopener\" target=\"_blank\">MarineTraffic<\/a> seilte skipet fra St. Petersburg klokken 08.41 norsk tid.<\/p>\n<p><img alt=\"\u00abFitburg\u00bb sin rute er markert med gult. De aktuelle kablene er markert i bl\u00e5tt, r\u00f8dt og gr\u00f8nt.  Foto: Marine Traffic \/ Submarine Cable Map\" class=\"_image_qp4xg_65 layout-component layout-normal\" data-fullscreen- data-track-element-type=\"Article image fullscreen\" data-track-name=\"ImageFullscreen\" decoding=\"async\" loading=\"lazy\" height=\"972\" itemprop=\"image\"  src=\"https:\/\/www.europesays.com\/no\/wp-content\/uploads\/2026\/01\/0aa09fca-a00a-472f-b2d9-e1834b3c17fc.jpeg\"  style=\"object-position:0% 0%\" width=\"1411\"\/>\u00abFitburg\u00bb sin rute er markert med gult. De aktuelle kablene er markert i bl\u00e5tt, r\u00f8dt og gr\u00f8nt.  Foto: Marine Traffic \/ Submarine Cable Map    <img decoding=\"async\" alt=\"Tips oss illustrasjon\" src=\"https:\/\/www.europesays.com\/no\/wp-content\/uploads\/2025\/10\/pssst-small.webp.webp\"\/>    <\/p>\n<p class=\"title-serif-s\">Har du tips?<\/p>\n<p class=\"text-sans-m\">Send oss informasjon, bilder eller video.<\/p>\n<p>  <a href=\"https:\/\/www.vg.no\/tips-oss\" rel=\"nofollow noopener\" target=\"_blank\"> Tips oss <\/a>      <\/p>\n","protected":false},"excerpt":{"rendered":"Skipet var mistenkt for sabotasje av undersj\u00f8isk kabel. Her ligger det beslaglagte fart\u00f8yet Fitburg i havn i Kirkkonummi&hellip;\n","protected":false},"author":2,"featured_media":128815,"comment_status":"","ping_status":"","sticky":false,"template":"","format":"standard","meta":{"footnotes":""},"categories":[12],"tags":[31,20,21,24,25,15,22,23,13,30,28,29,14,16,26,27,42,43,44,45],"class_list":{"0":"post-135402","1":"post","2":"type-post","3":"status-publish","4":"format-standard","5":"has-post-thumbnail","7":"category-verden","8":"tag-breaking","9":"tag-breaking-news","10":"tag-breakingnews","11":"tag-featured-news","12":"tag-featurednews","13":"tag-headlines","14":"tag-latest-news","15":"tag-latestnews","16":"tag-news","17":"tag-no","18":"tag-norge","19":"tag-norway","20":"tag-nyheter","21":"tag-overskrifter","22":"tag-top-stories","23":"tag-topstories","24":"tag-verden","25":"tag-world","26":"tag-world-news","27":"tag-worldnews"},"share_on_mastodon":{"url":"https:\/\/pubeurope.com\/@no\/115881868280903550","error":""},"_links":{"self":[{"href":"https:\/\/www.europesays.com\/no\/wp-json\/wp\/v2\/posts\/135402","targetHints":{"allow":["GET"]}}],"collection":[{"href":"https:\/\/www.europesays.com\/no\/wp-json\/wp\/v2\/posts"}],"about":[{"href":"https:\/\/www.europesays.com\/no\/wp-json\/wp\/v2\/types\/post"}],"author":[{"embeddable":true,"href":"https:\/\/www.europesays.com\/no\/wp-json\/wp\/v2\/users\/2"}],"replies":[{"embeddable":true,"href":"https:\/\/www.europesays.com\/no\/wp-json\/wp\/v2\/comments?post=135402"}],"version-history":[{"count":0,"href":"https:\/\/www.europesays.com\/no\/wp-json\/wp\/v2\/posts\/135402\/revisions"}],"wp:featuredmedia":[{"embeddable":true,"href":"https:\/\/www.europesays.com\/no\/wp-json\/wp\/v2\/media\/128815"}],"wp:attachment":[{"href":"https:\/\/www.europesays.com\/no\/wp-json\/wp\/v2\/media?parent=135402"}],"wp:term":[{"taxonomy":"category","embeddable":true,"href":"https:\/\/www.europesays.com\/no\/wp-json\/wp\/v2\/categories?post=135402"},{"taxonomy":"post_tag","embeddable":true,"href":"https:\/\/www.europesays.com\/no\/wp-json\/wp\/v2\/tags?post=135402"}],"curies":[{"name":"wp","href":"https:\/\/api.w.org\/{rel}","templated":true}]}}