{"id":135405,"date":"2026-01-12T11:23:07","date_gmt":"2026-01-12T11:23:07","guid":{"rendered":"https:\/\/www.europesays.com\/no\/135405\/"},"modified":"2026-01-12T11:23:07","modified_gmt":"2026-01-12T11:23:07","slug":"gaupe-avlivet-etter-a-ha-angrepet-hund-i-buskerud","status":"publish","type":"post","link":"https:\/\/www.europesays.com\/no\/135405\/","title":{"rendered":"Gaupe avlivet etter \u00e5 ha angrepet hund i Buskerud"},"content":{"rendered":"\n<p class=\"_lead_o9xde_2 _lead_xtcu6_50 layout-component text-serif-m layout-normal text-serif-l layout-component layout-wide layout-padded _wide_17hqh_1 layout-padded\">En ung gaupe ble mandag avlivet i Buskerud etter \u00e5 ha angrepet en hund i helgen.<\/p>\n<ul aria-hidden=\"true\" class=\"_images_ntbth_112\">\n<li><a class=\"_link_ntbth_117\" href=\"https:\/\/www.vg.no\/forfatter\/ntb\" style=\"z-index:1\" title=\"NTB\" rel=\"nofollow noopener\" target=\"_blank\"><img alt=\"Bilde av NTB\" class=\"_image_ntbth_93\" fetchpriority=\"low\" loading=\"lazy\" decoding=\"async\" itemprop=\"image\"  src=\"https:\/\/www.europesays.com\/no\/wp-content\/uploads\/2026\/01\/1768216987_284_c33980b0-5d07-4027-84a1-813f90a7c8d6.png\"  width=\"480\"\/><\/a><\/li>\n<\/ul>\n<p> Oppdatert mandag 12. januar kl. 11:54     <\/p>\n<p class=\"_paragraph_o9xde_4 _paragraph_xtcu6_10 layout-component text-serif-m layout-normal text-serif-m layout-padded\"> Lokalavisen <a href=\"https:\/\/www.eikernytt.no\/2026\/01\/11\/gaupe-angrep-hund-pa-darbu-alvorlig-skadet\/\" class=\"_link_o9xde_39\" rel=\"nofollow noopener\" target=\"_blank\">Eikernytt <\/a> skrev om hvordan en ung gaupe gikk til angrep p\u00e5 en hund i et nabolag i \u00d8vre Eiker kommune i <a href=\"https:\/\/www.vg.no\/tag\/buskerud?utm_source=vg-article&amp;utm_medium=auto-tagger&amp;utm_campaign=pBA1gR\" class=\"_link_o9xde_39\" rel=\"nofollow noopener\" target=\"_blank\">Buskerud<\/a> i helgen. Hunden fikk store skader, men overlevde. Gaupa kom tilbake dagen etterp\u00e5 og lot seg ikke affisere av at b\u00e5de politiet og viltnemnda ankom stedet. <\/p>\n<p class=\"_paragraph_o9xde_4 _paragraph_xtcu6_10 layout-component text-serif-m layout-normal text-serif-m layout-padded\"> Statens Naturoppsyn avlivet gaupa mandag morgen etter at Statsforvalteren besluttet at avlivning var eneste utvei, skriver <a href=\"https:\/\/www.dt.no\/har-avlivet-gaupe-som-angrep-hund\/s\/5-57-2771091\" class=\"_link_o9xde_39\" rel=\"nofollow noopener\" target=\"_blank\">Drammens Tidende.<\/a><\/p>\n<p class=\"_paragraph_o9xde_4 _paragraph_xtcu6_10 layout-component text-serif-m layout-normal text-serif-m layout-padded\">\u2013 Enten er det mora som har blitt syk og borte, eller s\u00e5 har ungen blitt syk selv og ikke klart \u00e5 f\u00f8lge mora si. Men slik vi vurderer det n\u00e5, er det sannsynlig at mora er borte og d\u00f8d, sier Espen Marker fra Statens Naturoppsyn.<\/p>\n","protected":false},"excerpt":{"rendered":"En ung gaupe ble mandag avlivet i Buskerud etter \u00e5 ha angrepet en hund i helgen. Oppdatert mandag&hellip;\n","protected":false},"author":2,"featured_media":135406,"comment_status":"","ping_status":"","sticky":false,"template":"","format":"standard","meta":{"footnotes":""},"categories":[5],"tags":[20,21,932,24,25,10727,15,19,22,23,17,18,13,30,28,29,14,16,26,27],"class_list":{"0":"post-135405","1":"post","2":"type-post","3":"status-publish","4":"format-standard","5":"has-post-thumbnail","7":"category-overskrifter","8":"tag-breaking-news","9":"tag-breakingnews","10":"tag-buskerud","11":"tag-featured-news","12":"tag-featurednews","13":"tag-gaupe","14":"tag-headlines","15":"tag-hovedoppslag","16":"tag-latest-news","17":"tag-latestnews","18":"tag-main-news","19":"tag-mainnews","20":"tag-news","21":"tag-no","22":"tag-norge","23":"tag-norway","24":"tag-nyheter","25":"tag-overskrifter","26":"tag-top-stories","27":"tag-topstories"},"share_on_mastodon":{"url":"https:\/\/pubeurope.com\/@no\/115881876125640882","error":""},"_links":{"self":[{"href":"https:\/\/www.europesays.com\/no\/wp-json\/wp\/v2\/posts\/135405","targetHints":{"allow":["GET"]}}],"collection":[{"href":"https:\/\/www.europesays.com\/no\/wp-json\/wp\/v2\/posts"}],"about":[{"href":"https:\/\/www.europesays.com\/no\/wp-json\/wp\/v2\/types\/post"}],"author":[{"embeddable":true,"href":"https:\/\/www.europesays.com\/no\/wp-json\/wp\/v2\/users\/2"}],"replies":[{"embeddable":true,"href":"https:\/\/www.europesays.com\/no\/wp-json\/wp\/v2\/comments?post=135405"}],"version-history":[{"count":0,"href":"https:\/\/www.europesays.com\/no\/wp-json\/wp\/v2\/posts\/135405\/revisions"}],"wp:featuredmedia":[{"embeddable":true,"href":"https:\/\/www.europesays.com\/no\/wp-json\/wp\/v2\/media\/135406"}],"wp:attachment":[{"href":"https:\/\/www.europesays.com\/no\/wp-json\/wp\/v2\/media?parent=135405"}],"wp:term":[{"taxonomy":"category","embeddable":true,"href":"https:\/\/www.europesays.com\/no\/wp-json\/wp\/v2\/categories?post=135405"},{"taxonomy":"post_tag","embeddable":true,"href":"https:\/\/www.europesays.com\/no\/wp-json\/wp\/v2\/tags?post=135405"}],"curies":[{"name":"wp","href":"https:\/\/api.w.org\/{rel}","templated":true}]}}