{"id":135407,"date":"2026-01-12T11:24:29","date_gmt":"2026-01-12T11:24:29","guid":{"rendered":"https:\/\/www.europesays.com\/no\/135407\/"},"modified":"2026-01-12T11:24:29","modified_gmt":"2026-01-12T11:24:29","slug":"jeg-hadde-ikke-helt-selvtillit-fvn-no","status":"publish","type":"post","link":"https:\/\/www.europesays.com\/no\/135407\/","title":{"rendered":"(+) \u2013 Jeg hadde ikke helt selvtillit &#8211; fvn.no"},"content":{"rendered":"<ol>\n<li><a href=\"https:\/\/news.google.com\/rss\/articles\/CBMie0FVX3lxTE42WmJ6ZFQ3YXZqR1h0QWJsYWd5WWRod2FZTnJNaXlkQjNWa0VYWHVPaVhLOVY5WHQ3ckJKZzRjT1dsWUlsQ3BmN2pURWJVTjJrdVZhUno3Vy1lVU9yUGNTZV91aHZvZEdZUUtfT0NEdGxEOEpEWnJyc0wtUQ?oc=5\" target=\"_blank\" rel=\"nofollow noopener\">(+) \u2013 Jeg hadde ikke helt selvtillit<\/a>&nbsp;&nbsp;fvn.no<\/li>\n<li><a href=\"https:\/\/news.google.com\/rss\/articles\/CBMidkFVX3lxTE5Od1JPeEY0NEZEMTFVMDY1RWRRQ3JLTWtIYzItS2c3dndkUUFvZWVtZnFCMkJGbzdHSE9jaGhmMHVXZXlRVmVvQXBVb3FfcFc5R3ZrUkRVZFZWQ25qbzR1QmExcXpmNW0wWHNJa2pZcTduaFoteVE?oc=5\" target=\"_blank\" rel=\"nofollow noopener\">&#8211; Dr\u00f8mmer om \u00e5 gi Tobias s\u00f8sken<\/a>&nbsp;&nbsp;seher.no<\/li>\n<li><a href=\"https:\/\/news.google.com\/rss\/articles\/CBMixAFBVV95cUxOMi1VaTdheTdCUU5WTlJVLU00Nk9DWHBHQkJBOFoybnY0c0laekdIRzNXZms2YjFJZWxzdWNvaTdxZ1VDM2tMOXpxM0xKTUp3U3pjaHIwTGhaR19nMjQxNlZKcjZPS0dCR3BZSmtSRFB6anZJZjkxYzV2X1ZBS2wtX0RnQmlJWWlEU2tHMDZEcUpscEVuLTNna29zeE9NX2h3WFZxdFpIOC01UWcwbzhWQkFud2Z4ZWVHVmpTMy1Rbzg4Q2tH?oc=5\" target=\"_blank\" rel=\"nofollow noopener\">Mesternes mester: Marte Olsbu R\u00f8iseland fortvilar etter sjokkexit: \u2013 Eg blei skikkeleg sur<\/a>&nbsp;&nbsp;NRK<\/li>\n<li><a href=\"https:\/\/news.google.com\/rss\/articles\/CBMigAFBVV95cUxOZmVTZ0NYMmEtM0w5YWptX0dqNnZDVVE1d0FhZkVFT2ZJdFRnUXRFS2NWODVkbnE2UkFYRHphcDZ5aVp3TWZBYzJiUzRQeGpFNFBfM2xXYmhuYmFYX1JfZTA1UjFHT29BWDhvRlNKbGpGZGRVN1ByUmNjMjBPc3lnYw?oc=5\" target=\"_blank\" rel=\"nofollow noopener\">R\u00f8k ut av \u00abMesternes mester\u00bb: \u2013\u2060 Veldig kjedelig<\/a>&nbsp;&nbsp;VG<\/li>\n<li><a href=\"https:\/\/news.google.com\/rss\/articles\/CBMinwFBVV95cUxPbTFPdFNFX3ZtTHdNV1hFaWhicDZkOGFsTUcwLXJRSHFrSmhTZ3QwQTN3V2xjeVRSUVh6WjQ4UzVmSzI5NXdwQ0FWa2pKV0VOc0t0Z2E4M0VxQlhsNEljeWFKanNZYVlLNVhwUGd3UVRGV2RSZnZCQXVRZmVyelgyeEtTakxtR0I5VnIxMEhSdDc0Zk9kcS0xS1ZNNHJFOVk?oc=5\" target=\"_blank\" rel=\"nofollow noopener\">\u00c9n bekymring truet \u00abMesternes mester\u00bb-deltakelsen: \u2013 Var i tvil<\/a>&nbsp;&nbsp;Klikk.no<\/li>\n<\/ol>\n","protected":false},"excerpt":{"rendered":"(+) \u2013 Jeg hadde ikke helt selvtillit&nbsp;&nbsp;fvn.no &#8211; Dr\u00f8mmer om \u00e5 gi Tobias s\u00f8sken&nbsp;&nbsp;seher.no Mesternes mester: Marte Olsbu&hellip;\n","protected":false},"author":2,"featured_media":135408,"comment_status":"","ping_status":"","sticky":false,"template":"","format":"standard","meta":{"footnotes":""},"categories":[59],"tags":[14834,2984,30,28,29,787,83,82],"class_list":{"0":"post-135407","1":"post","2":"type-post","3":"status-publish","4":"format-standard","5":"has-post-thumbnail","7":"category-sport","8":"tag-marte-olsbu-roiseland","9":"tag-mesternes-mester","10":"tag-no","11":"tag-norge","12":"tag-norway","13":"tag-nrk","14":"tag-sport","15":"tag-sports"},"share_on_mastodon":{"url":"https:\/\/pubeurope.com\/@no\/115881880142431628","error":""},"_links":{"self":[{"href":"https:\/\/www.europesays.com\/no\/wp-json\/wp\/v2\/posts\/135407","targetHints":{"allow":["GET"]}}],"collection":[{"href":"https:\/\/www.europesays.com\/no\/wp-json\/wp\/v2\/posts"}],"about":[{"href":"https:\/\/www.europesays.com\/no\/wp-json\/wp\/v2\/types\/post"}],"author":[{"embeddable":true,"href":"https:\/\/www.europesays.com\/no\/wp-json\/wp\/v2\/users\/2"}],"replies":[{"embeddable":true,"href":"https:\/\/www.europesays.com\/no\/wp-json\/wp\/v2\/comments?post=135407"}],"version-history":[{"count":0,"href":"https:\/\/www.europesays.com\/no\/wp-json\/wp\/v2\/posts\/135407\/revisions"}],"wp:featuredmedia":[{"embeddable":true,"href":"https:\/\/www.europesays.com\/no\/wp-json\/wp\/v2\/media\/135408"}],"wp:attachment":[{"href":"https:\/\/www.europesays.com\/no\/wp-json\/wp\/v2\/media?parent=135407"}],"wp:term":[{"taxonomy":"category","embeddable":true,"href":"https:\/\/www.europesays.com\/no\/wp-json\/wp\/v2\/categories?post=135407"},{"taxonomy":"post_tag","embeddable":true,"href":"https:\/\/www.europesays.com\/no\/wp-json\/wp\/v2\/tags?post=135407"}],"curies":[{"name":"wp","href":"https:\/\/api.w.org\/{rel}","templated":true}]}}