{"id":135415,"date":"2026-01-12T11:30:07","date_gmt":"2026-01-12T11:30:07","guid":{"rendered":"https:\/\/www.europesays.com\/no\/135415\/"},"modified":"2026-01-12T11:30:07","modified_gmt":"2026-01-12T11:30:07","slug":"drar-inn-tonnevis-smp-no","status":"publish","type":"post","link":"https:\/\/www.europesays.com\/no\/135415\/","title":{"rendered":"Drar inn tonnevis &#8211; smp.no"},"content":{"rendered":"<ol>\n<li><a href=\"https:\/\/news.google.com\/rss\/articles\/CBMia0FVX3lxTE9Sdm1uWThmblNQS1d2bVVlbW9GT29RQnU0c2ZjSlNrR1ZCQjhVcG96NHNNUjRwUFp6MmxSTHE4ZXZvaGtpVm9US28xMjVIc3l1OUJrMXY4TkphMkRRbVZFOEtQd2RTQzdxN1U4?oc=5\" target=\"_blank\" rel=\"nofollow noopener\">Drar inn tonnevis<\/a>&nbsp;&nbsp;smp.no<\/li>\n<li><a href=\"https:\/\/news.google.com\/rss\/articles\/CBMiwwFBVV95cUxNc2lIam0xTHJ5TnFOYUtjYmtmU2o4MGpXUDdpTmgzbHE2NXY0MW5xc1A4MXBYY1NJSWZmdzNjMGJ2azNyb1hhLVFLOFpzd3pHNko3bG1wSFlLcDBQcnYyZkFxNXVpcE5xQWVIVXRCcy1FMTQtSWJIVzNla25ROEZfU0tZNHYzZjQ4dG1BS093eTlpdlg0VFJ4ZGE2cTdYTnVQbmRmMFRDYmdPbVdxbDI3RXJLTzlrR2p4SnZGSE1KclpHcXc?oc=5\" target=\"_blank\" rel=\"nofollow noopener\">Dreg heilt fr\u00e5 Altafjorden til Danmark med silda: Tener meir trass den lange vegen<\/a>&nbsp;&nbsp;bomlo-nytt.no<\/li>\n<li><a href=\"https:\/\/news.google.com\/rss\/articles\/CBMihAFBVV95cUxQOHRFQ0JRaklrYlZBYXVrSjlhQUtTR2tHNk01R1lDcHhrN1FHZGxiT3RRSWNOb0VoLTFnMnBmZjkwc0k0ZXNXM2NFbWNvSy1iYWVHdHM1ZFg2UzhEck5XUTZScHpnYlBDSUN2aUVhYm01NXo4ajRwMlVYZmtzVU15bUVWWkg?oc=5\" target=\"_blank\" rel=\"nofollow noopener\">P\u00e5 f\u00f8ringsoppdrag for kystfl\u00e5ten<\/a>&nbsp;&nbsp;marsteinen.no<\/li>\n<li><a href=\"https:\/\/news.google.com\/rss\/articles\/CBMipgFBVV95cUxQb3c4QUg1QnA3b3FpR3NiQmFoMmRzUS1FNWdGRUZfZnFyZzlRZDdYNlNrMUVjbnQ4Y3RGeDJxdTJObS1jNXpuMzlGODZ0M214ZGRJOU5ZVlMyQWx0YzlUOFR5RWp4VElFb2xEMXpSekZfM29PRDhiZ05mSTBGdUNVUEg3Q1F6bTg3aUhzYmducVdkUTVya1lwanltcmVzemJRaUpxRmtB?oc=5\" target=\"_blank\" rel=\"nofollow noopener\">\u2013 Her har vi en fl\u00e5te som ikke skj\u00f8nner sitt eget beste (+)<\/a>&nbsp;&nbsp;Fiskeribladet<\/li>\n<li><a href=\"https:\/\/news.google.com\/rss\/articles\/CBMipgFBVV95cUxOZmg0MWFxVy1lVGE3ejRqUEEtZlg0OU9VdkhzYWlrV09nMjZUSlR1RGhreVBVMTZCOWY4aWo1YWVDX0lZajFBNTZDR0Q4by1kWGVhZ3ppUFEzbFl0b0JEZGE3U1c0T08zaUhtUFlma1A1V0EzR1REUEpmczJwdXFEQWJwZDBFS28xQ01DdXBaZVRwN3pac3czcmJZNWdMR1BsdFdnZUdn?oc=5\" target=\"_blank\" rel=\"nofollow noopener\">Fiskeri, Sild | Fisket nesten 1000 tonn sild p\u00e5 tre dager: \u2013 Hatt gullh\u00e5r i r\u00e6va<\/a>&nbsp;&nbsp;Lofotposten<\/li>\n<\/ol>\n","protected":false},"excerpt":{"rendered":"Drar inn tonnevis&nbsp;&nbsp;smp.no Dreg heilt fr\u00e5 Altafjorden til Danmark med silda: Tener meir trass den lange vegen&nbsp;&nbsp;bomlo-nytt.no P\u00e5&hellip;\n","protected":false},"author":2,"featured_media":135416,"comment_status":"","ping_status":"","sticky":false,"template":"","format":"standard","meta":{"footnotes":""},"categories":[10],"tags":[20,21,24,25,15,22,23,13,30,28,29,14,16,26,27],"class_list":{"0":"post-135415","1":"post","2":"type-post","3":"status-publish","4":"format-standard","5":"has-post-thumbnail","7":"category-norge","8":"tag-breaking-news","9":"tag-breakingnews","10":"tag-featured-news","11":"tag-featurednews","12":"tag-headlines","13":"tag-latest-news","14":"tag-latestnews","15":"tag-news","16":"tag-no","17":"tag-norge","18":"tag-norway","19":"tag-nyheter","20":"tag-overskrifter","21":"tag-top-stories","22":"tag-topstories"},"share_on_mastodon":{"url":"https:\/\/pubeurope.com\/@no\/115881903639239831","error":""},"_links":{"self":[{"href":"https:\/\/www.europesays.com\/no\/wp-json\/wp\/v2\/posts\/135415","targetHints":{"allow":["GET"]}}],"collection":[{"href":"https:\/\/www.europesays.com\/no\/wp-json\/wp\/v2\/posts"}],"about":[{"href":"https:\/\/www.europesays.com\/no\/wp-json\/wp\/v2\/types\/post"}],"author":[{"embeddable":true,"href":"https:\/\/www.europesays.com\/no\/wp-json\/wp\/v2\/users\/2"}],"replies":[{"embeddable":true,"href":"https:\/\/www.europesays.com\/no\/wp-json\/wp\/v2\/comments?post=135415"}],"version-history":[{"count":0,"href":"https:\/\/www.europesays.com\/no\/wp-json\/wp\/v2\/posts\/135415\/revisions"}],"wp:featuredmedia":[{"embeddable":true,"href":"https:\/\/www.europesays.com\/no\/wp-json\/wp\/v2\/media\/135416"}],"wp:attachment":[{"href":"https:\/\/www.europesays.com\/no\/wp-json\/wp\/v2\/media?parent=135415"}],"wp:term":[{"taxonomy":"category","embeddable":true,"href":"https:\/\/www.europesays.com\/no\/wp-json\/wp\/v2\/categories?post=135415"},{"taxonomy":"post_tag","embeddable":true,"href":"https:\/\/www.europesays.com\/no\/wp-json\/wp\/v2\/tags?post=135415"}],"curies":[{"name":"wp","href":"https:\/\/api.w.org\/{rel}","templated":true}]}}