{"id":135423,"date":"2026-01-12T11:39:33","date_gmt":"2026-01-12T11:39:33","guid":{"rendered":"https:\/\/www.europesays.com\/no\/135423\/"},"modified":"2026-01-12T11:39:33","modified_gmt":"2026-01-12T11:39:33","slug":"den-kvasikongelige-reza-pahlavi-og-hans-tvilsomme-bakgrunn","status":"publish","type":"post","link":"https:\/\/www.europesays.com\/no\/135423\/","title":{"rendered":"Den kvasikongelige Reza Pahlavi og hans tvilsomme bakgrunn"},"content":{"rendered":"<p>            <img loading=\"lazy\" decoding=\"async\" width=\"696\" height=\"431\" class=\"entry-thumb\" src=\"https:\/\/www.europesays.com\/no\/wp-content\/uploads\/2026\/01\/reza-pahlavi-og-netanyahu.jpg\"   alt=\"\" title=\"reza pahlavi og netanyahu\"\/>Reza Pahlavi og hans kone m\u00f8tte Benjamin Netanyahu og hans kone i Israel i 2023. Foto fra Reza Pahlavis X-konto.<\/p>\n<p>Norske medier kaller Reza Pahlavi for \u00abeksilkronprins\u00bb og han vartes opp av stortingspresident Masud Gharahkhani som om han skulle v\u00e6re det. Men strengt tatt er han ikke mer kongelig enn Durek. Hele det iranske \u00abkongehuset\u00bb ble nemlig konstruert av Rezas bestefar <a href=\"https:\/\/en.wikipedia.org\/wiki\/Reza_Shah\" rel=\"nofollow noopener\" target=\"_blank\">Reza Khan<\/a>. Han var en lavere offiser i den persiske kosakkbrigaden og ble promotert av den britiske general Edmund \u00abTiny\u00bb Ironside under et britiskledet <a href=\"https:\/\/en.wikipedia.org\/wiki\/1921_Persian_coup_d&#039;%C3%A9tat\" rel=\"nofollow noopener\" target=\"_blank\">kupp i Iran i 1921<\/a>.<\/p>\n<p>I februar 1921 marsjerte han med sine tropper mot Teheran, tok kontroll uten stor motstand, avsatte regjeringa og installerte Sayyed Zia al-Din Tabatabaei som statsminister. Sj\u00f8l ble han milit\u00e6rdiktator, krigsminister, deretter statsminister (1923), og til slutt lot han seg utnevne til shah av et underdanig parlament i desember 1925.<\/p>\n<p>Han likte \u00e5 framstille seg som en etterkommer etter perserkongene, men han var bare en kvasikonge.<\/p>\n<p>Han ble avsatt av britene og sovjeterne i 1941 fordi han nektet \u00e5 bryte den n\u00e6re forbindelsen med Nazi-Tyskland. Han abdiserte 16. september samme \u00e5r til fordel for s\u00f8nnen Mohammad Reza.<\/p>\n<p>CIA og MI6 gjennomf\u00f8rte kupp mot den folkevalgte Mossadegh i 1953<\/p>\n<p>Mohammad Mossadegh, en nasjonalistisk og sekul\u00e6r leder, ble statsminister i 1951 etter at det iranske parlamentet (Majlis) hadde nasjonalisert oljeindustrien. Dette rammet det britiske selskapet Anglo-Iranian Oil Company (senere BP), som hadde kontrollert Irans olje siden begynnelsen av 1900-tallet med sv\u00e6rt gunstige vilk\u00e5r for britene (Iran fikk bare en liten andel av profitten). Nasjonaliseringen var enormt popul\u00e6r i Iran, men Storbritannia svarte med \u00f8konomisk boikott, frysing av iranske midler og blokade av oljeeksport \u2013 noe som f\u00f8rte til \u00f8konomisk krise.<\/p>\n<p>Den 19. august 1953 ble den demokratisk valgte statsministeren\u00bb Mossadegh avsatt i et statskupp orkestrert av USA (CIA, under navnet Operation Ajax eller TP-AJAX) og Storbritannia (MI6, under navnet Operation Boot). Forut for kuppet hyret CIA inn pro-Shah-mobber for \u00e5 skape kaos i gatene i Teheran. Det ble blodige gatekamper (ca. 300 d\u00f8de), og Mossadegh ble arrestert. Hvis trikset virker gammelt, s\u00e5 er det fordi det er gammelt.<\/p>\n<p>Kuppet innsatte Shah Mohammad Reza Pahlavi p\u00e5 tronen og etablerte et autorit\u00e6rt monarki st\u00f8ttet av Vesten.<\/p>\n<p>\u00abKronprins\u00bb Rezas far var alts\u00e5 en vestlig marionett innsatt av CIA og MI6. <\/p>\n<p>Mohammad Reza innf\u00f8rte et knallhardt pro-vestlig og sekul\u00e6rt diktatur i Iran.<\/p>\n<p>Kongefesten i Persepolis<\/p>\n<p>I oktober 1971 arrangerte Shahen en massiv, flere dager lang feiring for \u00e5 markere 2500 \u00e5r siden Cyrus den stores grunnleggelse av Achaemenid-imperiet (ca. 550 f.Kr.). M\u00e5let var \u00e5 knytte Pahlavi-dynastiet til Irans pre-islamiske, \u00abarisk\u00bb arv, vise frem landets moderne fremskritt og posisjonere Iran som en global stormakt. Hovedarrangementet foregikk ved ruinene av Persepolis n\u00e6r Shiraz og hele feiringa var et gedigent p\u00e5kostet PR-show for sjahen og hans regime. Den enorme luksusen provoserte folket og la grunnlaget for den misn\u00f8yen som eksploderte med Khomeini-revolusjonen i 1979.<\/p>\n<p>Dette forente ulike opposisjonsgrupper: Islamister (som Khomeini), det venstreorienterte Tudeh-partiet, nasjonalister og bazaar-handlere og la grunnlaget for revolusjonen i 1979.<\/p>\n<p>Stortingspresidenten er agitator for det \u00abiranske kongehuset\u00bb<\/p>\n<p><img decoding=\"async\" src=\"https:\/\/www.europesays.com\/no\/wp-content\/uploads\/2026\/01\/stortingspresident-og-sjahen.png\" alt=\"\"\/>Til h\u00f8yre: Sjah-familien avbildet i 1967, sjah Mohammad Reza, kronprins Reza Pahlavi, Keiserinne Farah Pahlavi Venstre bilde: Hennes Majestet Keiserinne Farah Pahlavi og stortingspresident Masud Gharahkhani Paris februar 2023 (foto: Instagram og X\/Twitter til Gharahkhani)<\/p>\n<p><strong>Reza Pahlavi II<\/strong>\u00a0(Cyrus Reza Pahlavi) (f\u00f8dt\u00a0<a href=\"https:\/\/no.wikipedia.org\/wiki\/31._oktober\" rel=\"nofollow noopener\" target=\"_blank\">31. oktober<\/a>\u00a0<a href=\"https:\/\/no.wikipedia.org\/wiki\/1960\" rel=\"nofollow noopener\" target=\"_blank\">1960<\/a>\u00a0i\u00a0<a href=\"https:\/\/no.wikipedia.org\/wiki\/Teheran\" rel=\"nofollow noopener\" target=\"_blank\">Teheran<\/a>) var\u00a0<a href=\"https:\/\/no.wikipedia.org\/wiki\/Iran\" rel=\"nofollow noopener\" target=\"_blank\">Irans<\/a>\u00a0<a href=\"https:\/\/no.wikipedia.org\/wiki\/Kronprins\" rel=\"nofollow noopener\" target=\"_blank\">kronprins<\/a>\u00a0fra sin f\u00f8dsel i 1960 til\u00a0<a href=\"https:\/\/no.wikipedia.org\/wiki\/Den_iranske_revolusjon\" rel=\"nofollow noopener\" target=\"_blank\">revolusjonen i 1979<\/a>. Han er s\u00f8nn av\u00a0<a href=\"https:\/\/no.wikipedia.org\/wiki\/Mohammed_Reza_Pahlavi\" rel=\"nofollow noopener\" target=\"_blank\">Mohammed Reza Pahlavi<\/a>, den siste\u00a0<a href=\"https:\/\/no.wikipedia.org\/wiki\/Sjah\" rel=\"nofollow noopener\" target=\"_blank\">sjahen<\/a>\u00a0av Iran, og keiserinne\u00a0<a href=\"https:\/\/no.wikipedia.org\/wiki\/Farah_Pahlavi\" rel=\"nofollow noopener\" target=\"_blank\">Farah Pahlavi<\/a>. Etter farens d\u00f8d\u00a027. juli<a href=\"https:\/\/no.wikipedia.org\/wiki\/1980\" rel=\"nofollow noopener\" target=\"_blank\"> <\/a>1980\u00a0har han v\u00e6rt overhode for\u00a0<a href=\"https:\/\/no.wikipedia.org\/wiki\/Pahlavi-dynastiet\" rel=\"nofollow noopener\" target=\"_blank\">huset Pahlavi<\/a>\u00a0og\u00a0<a href=\"https:\/\/no.wikipedia.org\/wiki\/Tronpretendent\" rel=\"nofollow noopener\" target=\"_blank\">tronpretendent<\/a>, og refereres av sine tilhengere til som Hans Keiserlige Majestet Reza Shah II. Hans farfar\u00a0<a href=\"https:\/\/no.wikipedia.org\/wiki\/Reza_Pahlavi\" rel=\"nofollow noopener\" target=\"_blank\">Reza Pahlavi<\/a>\u00a0grunnla\u00a0<a href=\"https:\/\/no.wikipedia.org\/wiki\/Pahlavi-dynastiet\" rel=\"nofollow noopener\" target=\"_blank\">Pahlavi-dynastiet<\/a>.<\/p>\n<p><a href=\"https:\/\/no.wikipedia.org\/wiki\/Reza_Pahlavi_II\" rel=\"nofollow noopener\" target=\"_blank\">https:\/\/no.wikipedia.org\/wiki\/Reza_Pahlavi_II<\/a><\/p>\n<p>Reza Pahlavi er et redskap for Israel<\/p>\n<p>I april 2023 bes\u00f8kte Reza Pahlavi Israel offisielt \u2013 det f\u00f8rste slike bes\u00f8ket av en prominent iransk opposisjonsfigur. Han m\u00f8tte statsminister Benjamin Netanyahu, president Isaac Herzog og etterretningsminister Gila Gamliel. Han deltok ogs\u00e5 i Holocaust-markeringen p\u00e5 Yad Vashem og ba ved Vestmuren for en framtidig fornyelse av vennskapet mellom \u00abdet gode iranske og israelske folk\u00bb.<\/p>\n<p>I september 2025 sendte Pahlavi en delegasjon av eksperter til Israel for \u00e5 diskutere samarbeid innen vannteknologi, vitenskap og innovasjon \u2013 et omr\u00e5de Israel er verdensledende p\u00e5. Delegasjonen m\u00f8tte b\u00e5de president Herzog og minister Gamliel.<\/p>\n<p>Den klareste offentlige st\u00f8tten kom fra israelske minister Gila Gamliel (vitenskaps-, innovasjons- og teknologiminister, medlem av Netanyahus sikkerhetskabinett):<\/p>\n<p>\u00abIsrael st\u00f8tter eksilprins Reza Pahlavi fordi vi ser at iranere tror p\u00e5 ham og st\u00f8tter ham. Valget tilh\u00f8rer den iranske nasjonen, men vi i Israel st\u00f8tter ham ogs\u00e5\u00bb.<\/p>\n<p>Hun har ogs\u00e5 snakket om en framtidig \u00abCyrus-avtale\u00bb (oppkalt etter Kyros den store) som en utvidelse av Abraham-avtalene \u2013 en politisk, historisk og kulturell normalisering mellom Iran og Israel etter regimets fall.<\/p>\n<blockquote class=\"twitter-tweet\" data-width=\"550\" data-dnt=\"true\">\n<p lang=\"en\" dir=\"ltr\">Yasmine and I were very pleased to meet with <a href=\"https:\/\/twitter.com\/IsraeliPM?ref_src=twsrc%5Etfw\" rel=\"nofollow noopener\" target=\"_blank\">@IsraeliPM<\/a> and Sara <a href=\"https:\/\/twitter.com\/netanyahu?ref_src=twsrc%5Etfw\" rel=\"nofollow noopener\" target=\"_blank\">@netanyahu<\/a>. We expressed appreciation for Israel\u2019s continued support for the Iranian people\u2019s democratic aspirations and emphasized that, as the children of Cyrus the Great, Iranians aspire to have a government that\u2026 <a href=\"https:\/\/t.co\/lInuy4lwdC\" rel=\"nofollow\">pic.twitter.com\/lInuy4lwdC<\/a><\/p>\n<p>\u2014 Reza Pahlavi (@PahlaviReza) <a href=\"https:\/\/twitter.com\/PahlaviReza\/status\/1648778422192152576?ref_src=twsrc%5Etfw\" rel=\"nofollow noopener\" target=\"_blank\">April 19, 2023<\/a><\/p><\/blockquote>\n<p>Reza Pahlavi ved Klagemuren:<\/p>\n<p><img data-recalc-dims=\"1\" fetchpriority=\"high\" decoding=\"async\" width=\"696\" height=\"365\" src=\"https:\/\/www.europesays.com\/no\/wp-content\/uploads\/2026\/01\/image-13.jpg\" alt=\"\" class=\"wp-image-157587\"  \/><\/p>\n<p>Citizen Lab fant ut at et online nettverk publiserte deepfake-videoer under Israels luftangrep p\u00e5 Evin-fengselet i Teheran. En etterforskning utf\u00f8rt av TheMarker og Haaretz avsl\u00f8rer de persiskspr\u00e5klige nettkampanjene som er indirekte finansiert av Israel.<\/p>\n<p>Denne artikkelen i Haaretz avsl\u00f8rer dette: <a href=\"https:\/\/www.haaretz.com\/israel-news\/security-aviation\/2025-10-03\/ty-article-magazine\/.premium\/the-israeli-influence-operation-in-iran-pushing-to-reinstate-the-shah-monarchy\/00000199-9f12-df33-a5dd-9f770d7a0000\" rel=\"nofollow noopener\" target=\"_blank\"><strong>The Israeli Influence Operation Aiming to Install Reza Pahlavi as Shah of Iran<\/strong>.<\/a><\/p>\n<p><img loading=\"lazy\" data-recalc-dims=\"1\" decoding=\"async\" width=\"696\" height=\"291\" src=\"https:\/\/www.europesays.com\/no\/wp-content\/uploads\/2026\/01\/image-13-1.jpg\" alt=\"\" class=\"wp-image-157588\"  \/><\/p>\n<p>Artikkelen, basert p\u00e5 en felles etterforskning av Haaretz, TheMarker og forskere fra University of Toronto\u2019s Citizen Lab, avsl\u00f8rer en storstilt digital p\u00e5virkningsoperasjon som Israel har st\u00f8ttet for \u00e5 fremme Reza Pahlavi \u2013 s\u00f8nn av Irans siste shah (som ble styrtet i 1979) \u2013 som en potensiell leder og for \u00e5 gjeninnf\u00f8re monarkiet i Iran.<\/p>\n<p>Operasjonen startet for alvor etter Reza Pahlavis f\u00f8rste offisielle bes\u00f8k i Israel i 2023, der han ble tatt imot av blant andre dav\u00e6rende etterretningsminister (og n\u00e5v\u00e6rende vitenskapsminister) Gila Gamliel, som har presentert seg som hans hovedallierte i Israel. Hun har ogs\u00e5 arrangert m\u00f8ter med statsminister Benjamin Netanyahu.<\/p>\n<p>Det ble rekruttert persisktalende personer til \u00e5 drive en nettverk av falske kontoer (\u00abavatars\u00bb) p\u00e5 sosiale medier (som X\/Twitter og Instagram). Mange kontoer brukte AI-genererte profilbilder. Disse kontoene spredte pro-Pahlavi-innhold, delte hans taler og bilder, brukte hashtag som #KingRezaPahlavi, og promoterte ideen om \u00e5 gjeninnf\u00f8re monarkiet.<\/p>\n<p>Kampanjen ble drevet fra Israel og finansiert av en privat akt\u00f8r som mottar st\u00f8tte fra israelske myndigheter (indirekte statlig st\u00f8tte). Noen kontoer var knyttet til plattformen \u00ab@TelAviv_Tehran\u00bb.<\/p>\n<p>Kampanjen ble spesielt aktiv i forbindelse med Israels 12-dagers krig mot Iran i juni 2025. Det ble ogs\u00e5 avdekket bruk av deepfake-videoer og forh\u00e5ndsprodusert innhold knyttet til israelske angrep p\u00e5 Evin-fengselet i Teheran \u2013 noe som tyder p\u00e5 forh\u00e5ndskunnskap om operasjonene.<\/p>\n<p>M\u00e5let var \u00e5 styrke Pahlavis image som alternativ til det n\u00e5v\u00e6rende regimet, og \u00e5 forsterke narrativet om regimeendring i Iran. Artikkelen stiller sp\u00f8rsm\u00e5l ved hvor representativ Pahlavi egentlig er for det iranske folket, gitt farens autorit\u00e6re historie og mangelen p\u00e5 bred st\u00f8tte inne i Iran.<\/p>\n<p>Dette er en avsl\u00f8ring av en skjult israelsk-st\u00f8ttet propagandaoperasjon for \u00e5 l\u00f8fte fram Reza Pahlavi som en potensiell monark og regimealternativ, ved bruk av falske profiler, AI og koordinert desinformasjon \u2013 s\u00e6rlig i en periode med direkte milit\u00e6r konflikt mellom Israel og Iran.<\/p>\n<p>Les:<\/p>\n<p>        <script async src=\"https:\/\/platform.twitter.com\/widgets.js\" charset=\"utf-8\"><\/script><\/p>\n","protected":false},"excerpt":{"rendered":"Reza Pahlavi og hans kone m\u00f8tte Benjamin Netanyahu og hans kone i Israel i 2023. Foto fra Reza&hellip;\n","protected":false},"author":2,"featured_media":135424,"comment_status":"","ping_status":"","sticky":false,"template":"","format":"standard","meta":{"footnotes":""},"categories":[12],"tags":[20,21,24,25,15,22,23,13,30,28,29,14,16,26,27,42,43,44,45],"class_list":{"0":"post-135423","1":"post","2":"type-post","3":"status-publish","4":"format-standard","5":"has-post-thumbnail","7":"category-verden","8":"tag-breaking-news","9":"tag-breakingnews","10":"tag-featured-news","11":"tag-featurednews","12":"tag-headlines","13":"tag-latest-news","14":"tag-latestnews","15":"tag-news","16":"tag-no","17":"tag-norge","18":"tag-norway","19":"tag-nyheter","20":"tag-overskrifter","21":"tag-top-stories","22":"tag-topstories","23":"tag-verden","24":"tag-world","25":"tag-world-news","26":"tag-worldnews"},"share_on_mastodon":{"url":"https:\/\/pubeurope.com\/@no\/115881939099999541","error":""},"_links":{"self":[{"href":"https:\/\/www.europesays.com\/no\/wp-json\/wp\/v2\/posts\/135423","targetHints":{"allow":["GET"]}}],"collection":[{"href":"https:\/\/www.europesays.com\/no\/wp-json\/wp\/v2\/posts"}],"about":[{"href":"https:\/\/www.europesays.com\/no\/wp-json\/wp\/v2\/types\/post"}],"author":[{"embeddable":true,"href":"https:\/\/www.europesays.com\/no\/wp-json\/wp\/v2\/users\/2"}],"replies":[{"embeddable":true,"href":"https:\/\/www.europesays.com\/no\/wp-json\/wp\/v2\/comments?post=135423"}],"version-history":[{"count":0,"href":"https:\/\/www.europesays.com\/no\/wp-json\/wp\/v2\/posts\/135423\/revisions"}],"wp:featuredmedia":[{"embeddable":true,"href":"https:\/\/www.europesays.com\/no\/wp-json\/wp\/v2\/media\/135424"}],"wp:attachment":[{"href":"https:\/\/www.europesays.com\/no\/wp-json\/wp\/v2\/media?parent=135423"}],"wp:term":[{"taxonomy":"category","embeddable":true,"href":"https:\/\/www.europesays.com\/no\/wp-json\/wp\/v2\/categories?post=135423"},{"taxonomy":"post_tag","embeddable":true,"href":"https:\/\/www.europesays.com\/no\/wp-json\/wp\/v2\/tags?post=135423"}],"curies":[{"name":"wp","href":"https:\/\/api.w.org\/{rel}","templated":true}]}}