{"id":135425,"date":"2026-01-12T11:40:11","date_gmt":"2026-01-12T11:40:11","guid":{"rendered":"https:\/\/www.europesays.com\/no\/135425\/"},"modified":"2026-01-12T11:40:11","modified_gmt":"2026-01-12T11:40:11","slug":"store-varsler-oljetrykk-i-mange-ar","status":"publish","type":"post","link":"https:\/\/www.europesays.com\/no\/135425\/","title":{"rendered":"St\u00f8re varsler oljetrykk i mange \u00e5r"},"content":{"rendered":"\n<ul class=\"_list_o9xde_3 _list_64s2r_85 _unordered_o9xde_106 text-sans-m\">\n<li class=\"_item_o9xde_30\">Statsminister St\u00f8re avviser MDGs krav om stopp i norsk oljeletering.<\/li>\n<li class=\"_item_o9xde_30\">P\u00e5 Aps sentralstyre-samling forsikret han at olje og gass vil utvinnes i mange \u00e5r.<\/li>\n<li class=\"_item_o9xde_30\">Regjeringen vil legge frem en stortingsmelding om petroleumsvirksomhet i 2027.<\/li>\n<\/ul>\n<p>Vis mer <\/p>\n<p class=\"_paragraph_o9xde_4 _paragraph_xtcu6_10 layout-component text-serif-m layout-normal text-serif-m layout-padded\">P\u00e5 Aps to dagers sentralstyre-samling ved Sundvolden Hotel innledet statsministeren med en tale, hvor han forsikret at her skal det letes og utvinnes olje og gass i mange \u00e5r fremover.<\/p>\n<p class=\"_paragraph_o9xde_4 _paragraph_xtcu6_10 layout-component text-serif-m layout-normal text-serif-m layout-padded\">\u2013 Budskapet fra meg i dag er tydelig, sa han:<\/p>\n<p class=\"_paragraph_o9xde_4 _paragraph_xtcu6_10 layout-component text-serif-m layout-normal text-serif-m layout-padded\">\u2013 Olje og gassindustrien skal fortsatt lete, produsere og levere til Europa. For \u00e5 dempe fallet i produksjon p\u00e5 norsk sokkel, er fortsatt leteaktivitet en forutsetning.<\/p>\n<p class=\"_paragraph_o9xde_4 _paragraph_xtcu6_10 layout-component text-serif-m layout-normal text-serif-m layout-padded\">Under dragkampen om statsbudsjettet f\u00f8r jul, var fremtidig leting etter olje- og gass et sentralt stridstema, hvor MDG <a href=\"https:\/\/www.vg.no\/nyheter\/i\/Rjb74r\/mdg-hermstad-det-er-stoeres-problem\" data-track-element-type=\"Link\" data-track-id=\"link:Rjb74r\" class=\"_link_o9xde_39\" rel=\"nofollow noopener\" target=\"_blank\">sto lenge p\u00e5<\/a> at de ville ha gjennomslag for stans i leting og at det skal settes en sluttdato for norsk olje- og gassvirksomhet.<\/p>\n<p class=\"_paragraph_o9xde_4 _paragraph_xtcu6_10 layout-component text-serif-m layout-normal text-serif-m layout-padded\">Det m\u00f8tes med en kald oljeskulder av St\u00f8re, men MDG har f\u00e5tt gjennomslag for at olje- og gassn\u00e6ring skal legges p\u00e5 bordet for debatt:<\/p>\n<p class=\"_paragraph_o9xde_4 _paragraph_xtcu6_10 layout-component text-serif-m layout-normal text-serif-m layout-padded\">St\u00f8re kom med en blank nyhet:<\/p>\n<p><img alt=\"Foto: G\u00f8ran Bohlin \/ VG\" class=\"_image_qp4xg_65 layout-component layout-normal\" data-fullscreen- data-track-element-type=\"Article image fullscreen\" data-track-name=\"ImageFullscreen\" decoding=\"async\" loading=\"lazy\" height=\"5504\" itemprop=\"image\"  src=\"https:\/\/www.europesays.com\/no\/wp-content\/uploads\/2026\/01\/2dc64951-8ccd-42f7-ad1d-fe4bd3fa7d71.jpeg\"  style=\"object-position:0% 0%\" width=\"7405\"\/>Foto: G\u00f8ran Bohlin \/ VG<\/p>\n<p class=\"_paragraph_o9xde_4 _paragraph_xtcu6_10 layout-component text-serif-m layout-normal text-serif-m layout-padded\">\u2013 Jeg varsler derfor n\u00e5 at Arbeiderpartiregjeringen vil legge fram en stortingsmelding om norsk petroleumsvirksomhet i 2027. Vi begynner arbeidet n\u00e5:<\/p>\n<p class=\"_paragraph_o9xde_4 _paragraph_xtcu6_10 layout-component text-serif-m layout-normal text-serif-m layout-padded\">\u2013 Meldingen vil beskrive utsikter for petroleumsvirksomheten i Norge, samt behandle sentrale veivalg som vil v\u00e6re viktige for produksjonen fra 2030-tallet og fremover, som leteareal og nye teknologier og l\u00f8sninger bygget p\u00e5 skuldrene av olje- og gassn\u00e6ringen.<\/p>\n<p><img alt=\"Foto: G\u00f8ran Bohlin \/ VG\" class=\"_image_qp4xg_65 layout-component layout-normal\" data-fullscreen- data-track-element-type=\"Article image fullscreen\" data-track-name=\"ImageFullscreen\" decoding=\"async\" loading=\"lazy\" height=\"4939\" itemprop=\"image\"  src=\"https:\/\/www.europesays.com\/no\/wp-content\/uploads\/2026\/01\/5dc692a1-8383-45a4-a523-6d6f96072ea2.png\"  style=\"object-position:0% 0%\" width=\"6330\"\/>Foto: G\u00f8ran Bohlin \/ VG<\/p>\n<p class=\"_paragraph_o9xde_4 _paragraph_xtcu6_10 layout-component text-serif-m layout-normal text-serif-m layout-padded\">Han fortsatte: <\/p>\n<p class=\"_paragraph_o9xde_4 _paragraph_xtcu6_10 layout-component text-serif-m layout-normal text-serif-m layout-padded\">\u2013 Det inneb\u00e6rer \u00e5 legge til rette for at nye havn\u00e6ringer lykkes, samtidig som vi ivaretar behovet for stabilitet for olje- og gassn\u00e6ringen:<\/p>\n<p class=\"_paragraph_o9xde_4 _paragraph_xtcu6_10 layout-component text-serif-m layout-normal text-serif-m layout-padded\">\u2013 Dette er veivalg med stor betydning for folk i Norge, norsk \u00f8konomi og Europas energisikkerhet. Det viktigste vi gj\u00f8r i den urolige tiden vi lever i, er \u00e5 videref\u00f8re en stabil og forutsigbar petroleumspolitikk med bred forankring i Stortinget.<\/p>\n<p class=\"_paragraph_o9xde_4 _paragraph_xtcu6_10 layout-component text-serif-m layout-normal text-serif-m layout-padded\">Han sa at \u00abom f\u00e5 \u00e5r vil norsk olje- og gassproduksjon begynne \u00e5 falle\u00bb.<\/p>\n<p class=\"_paragraph_o9xde_4 _paragraph_xtcu6_10 layout-component text-serif-m layout-normal text-serif-m layout-padded\">Og at det m\u00e5 forberedes grundig.<\/p>\n<p class=\"_paragraph_o9xde_4 _paragraph_xtcu6_10 layout-component text-serif-m layout-normal text-serif-m layout-padded\">\u2013 Det skjer i en tid hvor petroleumsaktiviteten p\u00e5 norsk sokkel har stor betydning for veldig mange<br \/>mennesker. Etter Russlands invasjon av Ukraina har Norge blitt Europas viktigste energileverand\u00f8r med stor betydning for europeisk energisikkerhet. Dette er et stort ansvar.<\/p>\n<p class=\"_paragraph_o9xde_4 _paragraph_xtcu6_10 layout-component text-serif-m layout-normal text-serif-m layout-padded\">Han gjentok sitt mantra om at \u00abArbeiderpartiet vil utvikle, ikke avvikle norsk sokkel.\u00bb<\/p>\n<p class=\"_paragraph_o9xde_4 _paragraph_xtcu6_10 layout-component text-serif-m layout-normal text-serif-m layout-padded\">\u2013 De beslutningene vi tar i dag er viktige for om vi klarer \u00e5 f\u00e5 en gradvis omstilling og kan fortsette \u00e5 bidra med energi til Europa \u2013 eller om vi f\u00e5r en br\u00e5 og uforutsigbar avvikling.<\/p>\n<p><img alt=\"Foto: G\u00f8ran Bohlin \/ VG\" class=\"_image_qp4xg_65 layout-component layout-normal\" data-fullscreen- data-track-element-type=\"Article image fullscreen\" data-track-name=\"ImageFullscreen\" decoding=\"async\" loading=\"lazy\" height=\"5504\" itemprop=\"image\"  src=\"https:\/\/www.europesays.com\/no\/wp-content\/uploads\/2026\/01\/4011dba0-f7be-4700-a86e-2eff22391057.png\"  style=\"object-position:0% 0%\" width=\"8256\"\/>Foto: G\u00f8ran Bohlin \/ VG<\/p>\n<p class=\"_paragraph_o9xde_4 _paragraph_xtcu6_10 layout-component text-serif-m layout-normal text-serif-m layout-padded\">Men de neste \u00e5rene er ambisjonen at de skal bygge opp nye industrier, som skal ta over n\u00e5r oljen og gassen blir faset ut.<\/p>\n<p class=\"_paragraph_o9xde_4 _paragraph_xtcu6_10 layout-component text-serif-m layout-normal text-serif-m layout-padded\">\u2013 Tiden er kommet for \u00e5 sikre at vi som samfunn er forberedt p\u00e5 flere st\u00f8rre endringer i samfunnet v\u00e5rt som vil prege norsk \u00f8konomi, hvor nedgang i olje- og gassaktiviteten er et eksempel:<\/p>\n<p class=\"_paragraph_o9xde_4 _paragraph_xtcu6_10 layout-component text-serif-m layout-normal text-serif-m layout-padded\">\u2013 Jeg er derfor glad for at vi i avtalen om budsjettet for 2026 ble enige med Sp, SV,<br \/>R\u00f8dt og MDG om nedsette en Omstillingskommisjon:<\/p>\n<p class=\"_paragraph_o9xde_4 _paragraph_xtcu6_10 layout-component text-serif-m layout-normal text-serif-m layout-padded\">\u2013 Som skal bidra til et bedre kunnskapsgrunnlag for \u00e5 m\u00f8te de utfordringene norsk \u00f8konomi st\u00e5r overfor som knapphet p\u00e5 arbeidskraft, energiomstilling, natur og klimaendringer, den geopolitiske situasjonen og ikke minst avtagende olje- og gassproduksjon. Dette blir et viktig arbeid.<\/p>\n<p><img alt=\"Foto: G\u00f8ran Bohlin \/ VG\" class=\"_image_qp4xg_65 layout-component layout-normal\" data-fullscreen- data-track-element-type=\"Article image fullscreen\" data-track-name=\"ImageFullscreen\" decoding=\"async\" loading=\"lazy\" height=\"5504\" itemprop=\"image\"  src=\"https:\/\/www.europesays.com\/no\/wp-content\/uploads\/2026\/01\/e8c70667-532b-41a3-a08d-ffade79f5928.jpeg\"  style=\"object-position:0% 0%\" width=\"7211\"\/>Foto: G\u00f8ran Bohlin \/ VG<\/p>\n<p class=\"_paragraph_o9xde_4 _paragraph_xtcu6_10 layout-component text-serif-m layout-normal text-serif-m layout-padded\">Han sa ogs\u00e5 at kommunenes rammevilk\u00e5r skal bedres.<\/p>\n<p class=\"_paragraph_o9xde_4 _paragraph_xtcu6_10 layout-component text-serif-m layout-normal text-serif-m layout-padded\">\u2013 Vi tar tak i utfordringene som kommunene n\u00e5 st\u00e5r i \u2013 og i regjeringens plan for Norge er vi tydelige p\u00e5 at vi skal sikre mindre statlig detaljstyring og \u00f8kt lokalt handlingsrom for kommunene. St\u00f8re var ogs\u00e5 klar om Iran, hvor gatene fylles av stadig flere demonstranter.<\/p>\n<p class=\"_paragraph_o9xde_4 _paragraph_xtcu6_10 layout-component text-serif-m layout-normal text-serif-m layout-padded\">\u2013 To uker bak oss med oppr\u00f8r i folket mot vanstyret som ikke klarer \u00e5 ivareta folks behov og en \u00f8delagt \u00f8konomi. Vi ford\u00f8mmer voldsbruken mot sivile demonstranter som har tatt hundrevis av liv. Det iranske regimet m\u00e5 vise respekt for grunnleggendemenneskerettigheter og lytte til befolkningens legitime krav. Gr\u00f8nland var selvf\u00f8lgelig et tema.<\/p>\n<p><img alt=\"Foto: G\u00f8ran Bohlin \/ VG\" class=\"_image_qp4xg_65 layout-component layout-normal\" data-fullscreen- data-track-element-type=\"Article image fullscreen\" data-track-name=\"ImageFullscreen\" decoding=\"async\" loading=\"lazy\" height=\"5504\" itemprop=\"image\"  src=\"https:\/\/www.europesays.com\/no\/wp-content\/uploads\/2026\/01\/87136bfb-4025-45dd-8df0-be86f9d756b9.jpeg\"  style=\"object-position:0% 0%\" width=\"8256\"\/>Foto: G\u00f8ran Bohlin \/ VG<\/p>\n<p class=\"_paragraph_o9xde_4 _paragraph_xtcu6_10 layout-component text-serif-m layout-normal text-serif-m layout-padded\">\u2013 En mulig milit\u00e6r operasjon p\u00e5 Gr\u00f8nland, er fullstendig uakseptabelt og m\u00e5 avvises kontant. Vi har n\u00e6r kontakt med v\u00e5re kolleger i Danmark, andre europeiske partnere og politikere i USA. Han sa at Norge gjennom mange \u00e5r har l\u00f8ftet utfordringer i nordomr\u00e5dene i Nato:<\/p>\n<p class=\"_paragraph_o9xde_4 _paragraph_xtcu6_10 layout-component text-serif-m layout-normal text-serif-m layout-padded\">\u2013 Betydningen av lav spenning og samarbeid, men ogs\u00e5 at Nato tar et ansvar for denne delen av alliansens territorium. Dette har \u00f8kt kunnskapen og oppmerksomheten om forholdene med nordomr\u00e5dene p\u00e5 en god m\u00e5te.<\/p>\n<p class=\"_paragraph_o9xde_4 _paragraph_xtcu6_10 layout-component text-serif-m layout-normal text-serif-m layout-padded\">Han la til:<\/p>\n<p class=\"_paragraph_o9xde_4 _paragraph_xtcu6_10 layout-component text-serif-m layout-normal text-serif-m layout-padded\">\u2013 Dette er en region med lavspenning \u2013 og ryktene om russiske og kinesiske styrker rundt Gr\u00f8nland \u2013 ikke riktighet:<\/p>\n<p><img alt=\"Foto: G\u00f8ran Bohlin \/ VG\" class=\"_image_qp4xg_65 layout-component layout-normal\" data-fullscreen- data-track-element-type=\"Article image fullscreen\" data-track-name=\"ImageFullscreen\" decoding=\"async\" loading=\"lazy\" height=\"5504\" itemprop=\"image\"  src=\"https:\/\/www.europesays.com\/no\/wp-content\/uploads\/2026\/01\/7983fbe1-a044-4c99-9caa-14a14008fa81.jpeg\"  style=\"object-position:0% 0%\" width=\"8256\"\/>Foto: G\u00f8ran Bohlin \/ VG<\/p>\n<p class=\"_paragraph_o9xde_4 _paragraph_xtcu6_10 layout-component text-serif-m layout-normal text-serif-m layout-padded\">\u2013 N\u00e5r det er sagt:<\/p>\n<p class=\"_paragraph_o9xde_4 _paragraph_xtcu6_10 layout-component text-serif-m layout-normal text-serif-m layout-padded\">\u2013 Regionen er av strategisk betydning Danmark tar n\u00e5 betydelig st\u00f8rre ansvar for overv\u00e5kning og kontroll \u2013 Norge og andre allierte st\u00f8tter opp om dette.<\/p>\n","protected":false},"excerpt":{"rendered":"Statsminister St\u00f8re avviser MDGs krav om stopp i norsk oljeletering. P\u00e5 Aps sentralstyre-samling forsikret han at olje og&hellip;\n","protected":false},"author":2,"featured_media":135426,"comment_status":"","ping_status":"","sticky":false,"template":"","format":"standard","meta":{"footnotes":""},"categories":[10],"tags":[20,21,24,25,15,201,22,23,13,30,28,281,14519,29,14,16,26,27],"class_list":{"0":"post-135425","1":"post","2":"type-post","3":"status-publish","4":"format-standard","5":"has-post-thumbnail","7":"category-norge","8":"tag-breaking-news","9":"tag-breakingnews","10":"tag-featured-news","11":"tag-featurednews","12":"tag-headlines","13":"tag-jonas-gahr-store","14":"tag-latest-news","15":"tag-latestnews","16":"tag-news","17":"tag-no","18":"tag-norge","19":"tag-norsk-politikk","20":"tag-norsk-sokkel","21":"tag-norway","22":"tag-nyheter","23":"tag-overskrifter","24":"tag-top-stories","25":"tag-topstories"},"share_on_mastodon":{"url":"https:\/\/pubeurope.com\/@no\/115881943097851197","error":""},"_links":{"self":[{"href":"https:\/\/www.europesays.com\/no\/wp-json\/wp\/v2\/posts\/135425","targetHints":{"allow":["GET"]}}],"collection":[{"href":"https:\/\/www.europesays.com\/no\/wp-json\/wp\/v2\/posts"}],"about":[{"href":"https:\/\/www.europesays.com\/no\/wp-json\/wp\/v2\/types\/post"}],"author":[{"embeddable":true,"href":"https:\/\/www.europesays.com\/no\/wp-json\/wp\/v2\/users\/2"}],"replies":[{"embeddable":true,"href":"https:\/\/www.europesays.com\/no\/wp-json\/wp\/v2\/comments?post=135425"}],"version-history":[{"count":0,"href":"https:\/\/www.europesays.com\/no\/wp-json\/wp\/v2\/posts\/135425\/revisions"}],"wp:featuredmedia":[{"embeddable":true,"href":"https:\/\/www.europesays.com\/no\/wp-json\/wp\/v2\/media\/135426"}],"wp:attachment":[{"href":"https:\/\/www.europesays.com\/no\/wp-json\/wp\/v2\/media?parent=135425"}],"wp:term":[{"taxonomy":"category","embeddable":true,"href":"https:\/\/www.europesays.com\/no\/wp-json\/wp\/v2\/categories?post=135425"},{"taxonomy":"post_tag","embeddable":true,"href":"https:\/\/www.europesays.com\/no\/wp-json\/wp\/v2\/tags?post=135425"}],"curies":[{"name":"wp","href":"https:\/\/api.w.org\/{rel}","templated":true}]}}