{"id":135427,"date":"2026-01-12T11:41:07","date_gmt":"2026-01-12T11:41:07","guid":{"rendered":"https:\/\/www.europesays.com\/no\/135427\/"},"modified":"2026-01-12T11:41:07","modified_gmt":"2026-01-12T11:41:07","slug":"toppsjefen-i-se-og-hor-gar-av-etter-ni-ar","status":"publish","type":"post","link":"https:\/\/www.europesays.com\/no\/135427\/","title":{"rendered":"Toppsjefen i Se og H\u00f8r g\u00e5r av etter ni \u00e5r"},"content":{"rendered":"<p>  <a href=\"https:\/\/www.smp.no\/nyheter\" class=\"section-link\" data-astro-cid-pnoswov4=\"\" rel=\"nofollow noopener\" target=\"_blank\"> Nyheter  <\/a>   <\/p>\n<p data-testid=\"textWithMarkup-text\" data-v-f1b25013=\"\" data-v-62d58f52=\"\">Se og H\u00f8rs sjefredakt\u00f8r Ulf Andr\u00e9 Andersen g\u00e5r av med umiddelbar virkning etter ni \u00e5r i sjefsstolen.<\/p>\n<p>Se og H\u00f8r-sjef Ulf Andr\u00e9 Andersen gir seg etter ni \u00e5r i sjefsstolen.\u00a0<strong data-v-e47ab0d0=\"\">Foto:<\/strong> Terje Bendiksby \/ NTB   <\/p>\n<p><b data-testid=\"label\" data-v-e0c781e2=\"\">Oppdatert:<\/b>en time siden<\/p>\n<p data-testid=\"textWithMarkup-markup\" data-v-62d58f52=\"\"> \u2013 Ni \u00e5r er lenge i en s\u00e5nn jobb. Det er veldig lite dramatikk i dette \u2013 det handler bare om at det er en tid for alt, sier Andersen til <a href=\"https:\/\/www.seher.no\/kjendis\/sjokkmelding-slutter\/84084372\" rel=\"noopener nofollow\" target=\"_blank\">Se og H\u00f8r.<\/a><\/p>\n<p data-testid=\"textWithMarkup-text\" data-v-81d7dc2b=\"\" data-v-62d58f52=\"\">58-\u00e5ringen gir seg etter ni \u00e5r i sjefsstolen.<\/p>\n<p data-testid=\"textWithMarkup-text\" data-v-81d7dc2b=\"\" data-v-62d58f52=\"\">\u2013 F\u00f8lelsesmessig er det veldig vanskelig \u00e5 skulle forlate alle de n\u00e6re og gode kollegene mine. Det er noe av det verste ved en s\u00e5nn avgj\u00f8relse. Men heldigvis g\u00e5r jeg ikke ut d\u00f8ren p\u00e5 en god stund enn\u00e5, sier han.<\/p>\n<p data-testid=\"textWithMarkup-text\" data-v-81d7dc2b=\"\" data-v-62d58f52=\"\">N\u00e5 skal han i en overgangsperiode fortsette i en nyopprettet rolle som spesialr\u00e5dgiver i Aller Media, skriver Se og H\u00f8r videre.<\/p>\n<p>Jakt p\u00e5 erstatter<\/p>\n<p data-testid=\"textWithMarkup-text\" data-v-81d7dc2b=\"\" data-v-62d58f52=\"\">\u2013 Ulf har gjennom 17 \u00e5r i Se og H\u00f8r, og de seneste ni \u00e5rene som sjefredakt\u00f8r, v\u00e6rt helt sentral i \u00e5 bygge ukebladet til det det er i dag. Vi takker Ulf for hans engasjement, dedikasjon og innsats gjennom flere \u00e5r og \u00f8nsker ham lykke til videre, sier Mikael Makkonen, Chief Media &amp; Brand Officer i Aller Media Nordic, i en pressemelding.<\/p>\n<p data-testid=\"textWithMarkup-text\" data-v-81d7dc2b=\"\" data-v-62d58f52=\"\">Niklas Kokkinn-Thoresen, som har jobbet i Se og H\u00f8r i 25 \u00e5r og tidligere v\u00e6rt midlertidig sjefredakt\u00f8r en kort periode tidligere, overtar midlertidig som sjefredakt\u00f8r.<\/p>\n<p data-testid=\"textWithMarkup-text\" data-v-81d7dc2b=\"\" data-v-62d58f52=\"\">Aller opplyser at de n\u00e5 starter opp en rekrutteringsprosess for \u00e5 finne Andersens erstatter. Stillingen vil lyses ut.<\/p>\n<p>Ogs\u00e5 p\u00e5 jakt etter ny Dagbladet-sjef<\/p>\n<p data-testid=\"textWithMarkup-text\" data-v-81d7dc2b=\"\" data-v-62d58f52=\"\">Ogs\u00e5 sjefsstolen i Dagbladet st\u00e5r for \u00f8yeblikket ledig etter at Frode Hansen gikk av i fjor h\u00f8st.<\/p>\n<p data-testid=\"textWithMarkup-text\" data-v-81d7dc2b=\"\" data-v-62d58f52=\"\">Aller har bekreftet at eierne \u00f8nsker \u00e5 endre profilen til Dagbladet for \u00e5 bli kvitt et renomm\u00e9 de ikke \u00f8nsker.<\/p>\n<p data-testid=\"textWithMarkup-markup\" data-v-62d58f52=\"\"> \u2013 N\u00e5r vi har sp\u00f8rreunders\u00f8kelser om folks oppfatning av Dagbladet, viser disse at mange synes avisen er blitt for tabloid, og at den kanskje har for mye stoff om sex. Vi har derfor ikke lykkes med den strategiske posisjoneringen. Og n\u00e5 har vi f\u00e5tt et renomm\u00e9 for Dagbladet som vi ikke \u00f8nsker, sa styreleder Christopher Aller til <a href=\"https:\/\/www.m24.no\/aller-aller-media-nordic-christopher-aller\/christopher-aller-snakker-ut-om-dagbladet-onsker-mindre-sex-men-mer-kvalitet\/879667\" rel=\"noopener nofollow\" target=\"_blank\">Medier24<\/a> i forrige uke.<\/p>\n","protected":false},"excerpt":{"rendered":"Nyheter Se og H\u00f8rs sjefredakt\u00f8r Ulf Andr\u00e9 Andersen g\u00e5r av med umiddelbar virkning etter ni \u00e5r i sjefsstolen.&hellip;\n","protected":false},"author":2,"featured_media":135428,"comment_status":"","ping_status":"","sticky":false,"template":"","format":"standard","meta":{"footnotes":""},"categories":[5],"tags":[20,21,24,25,15,19,22,23,17,18,13,30,28,29,14,16,26,27],"class_list":{"0":"post-135427","1":"post","2":"type-post","3":"status-publish","4":"format-standard","5":"has-post-thumbnail","7":"category-overskrifter","8":"tag-breaking-news","9":"tag-breakingnews","10":"tag-featured-news","11":"tag-featurednews","12":"tag-headlines","13":"tag-hovedoppslag","14":"tag-latest-news","15":"tag-latestnews","16":"tag-main-news","17":"tag-mainnews","18":"tag-news","19":"tag-no","20":"tag-norge","21":"tag-norway","22":"tag-nyheter","23":"tag-overskrifter","24":"tag-top-stories","25":"tag-topstories"},"share_on_mastodon":{"url":"https:\/\/pubeurope.com\/@no\/115881947124118336","error":""},"_links":{"self":[{"href":"https:\/\/www.europesays.com\/no\/wp-json\/wp\/v2\/posts\/135427","targetHints":{"allow":["GET"]}}],"collection":[{"href":"https:\/\/www.europesays.com\/no\/wp-json\/wp\/v2\/posts"}],"about":[{"href":"https:\/\/www.europesays.com\/no\/wp-json\/wp\/v2\/types\/post"}],"author":[{"embeddable":true,"href":"https:\/\/www.europesays.com\/no\/wp-json\/wp\/v2\/users\/2"}],"replies":[{"embeddable":true,"href":"https:\/\/www.europesays.com\/no\/wp-json\/wp\/v2\/comments?post=135427"}],"version-history":[{"count":0,"href":"https:\/\/www.europesays.com\/no\/wp-json\/wp\/v2\/posts\/135427\/revisions"}],"wp:featuredmedia":[{"embeddable":true,"href":"https:\/\/www.europesays.com\/no\/wp-json\/wp\/v2\/media\/135428"}],"wp:attachment":[{"href":"https:\/\/www.europesays.com\/no\/wp-json\/wp\/v2\/media?parent=135427"}],"wp:term":[{"taxonomy":"category","embeddable":true,"href":"https:\/\/www.europesays.com\/no\/wp-json\/wp\/v2\/categories?post=135427"},{"taxonomy":"post_tag","embeddable":true,"href":"https:\/\/www.europesays.com\/no\/wp-json\/wp\/v2\/tags?post=135427"}],"curies":[{"name":"wp","href":"https:\/\/api.w.org\/{rel}","templated":true}]}}