{"id":135429,"date":"2026-01-12T11:42:26","date_gmt":"2026-01-12T11:42:26","guid":{"rendered":"https:\/\/www.europesays.com\/no\/135429\/"},"modified":"2026-01-12T11:42:26","modified_gmt":"2026-01-12T11:42:26","slug":"skiskytterstjernen-om-familieliv-i-froland","status":"publish","type":"post","link":"https:\/\/www.europesays.com\/no\/135429\/","title":{"rendered":"Skiskytterstjernen om familieliv i Froland"},"content":{"rendered":"<p class=\"kicker \" style=\"\">\u00abMesternes\u00bb-Marte Olsbu R\u00f8iseland<\/p>\n<p>    Skiskytteren vant alt som kunne vinnes &#8211; men livet fikk en ny mening da s\u00f8nnen kom til verden.<\/p>\n<p>\n    LYKKELIG TRIO: Marte og Sverre sammen med sin st\u00f8rste seier \u2013 lille Tobias. Marte har avsluttet topp-idretskarrieren, mens Sverre er trener for de tyske skiskytterdamene. Foto: Privat\n  <\/p>\n<p>Den som blir i d\u00e5rlig hum\u00f8r i selskap med <a href=\"https:\/\/www.seher.no\/kjendis\/mistet-hukommelsen\/84034622\" rel=\"nofollow noopener\" target=\"_blank\">Marte Olsbu R\u00f8iseland<\/a> (35), er utvilsomt en ekte surpomp. <\/p>\n<p>Hun er med i \u00e5rets sesong av \u00abMesternes mester\u00bb, og er fylt av uante mengder sprudlende livsglede og smilende optimisme. Hun rlyk ut som nummer to i TV-konkurransen, men har store planer p\u00e5 hjemmebane.<\/p>\n<p>        <img loading=\"lazy\" decoding=\"async\" src=\"https:\/\/www.europesays.com\/no\/wp-content\/uploads\/2026\/01\/84061862.webp.webp\" width=\"686\" height=\"508\" title=\"VENNER: \u00c5rets \u00abMesternes\u00bb-gjeng best\u00e5r av (fra venstre): Isabelle Pedersen, (33), Ayla \u00c5gren (32), Jarl Magnus Riiber (27), Mushaga Bakenga (33), Daniel-Andr\u00e9 Tande (31), Emil Lybekk (30) og Kristin St\u00f8rmer Steira (44). Foran sitter Isabell Herlovsen (37), Marte Olsbu R\u00f8iseland (35) og Edvald Boasson-Hagen (38). Foto: Shad Madian \/ Se og H\u00f8r\" alt=\"\" class=\"\" style=\"--aspect-ratio-image: 1.35; \"\/><\/p>\n<p>\n        VENNER: \u00c5rets \u00abMesternes\u00bb-gjeng best\u00e5r av (fra venstre): Isabelle Pedersen, (33), Ayla \u00c5gren (32), Jarl Magnus Riiber (27), Mushaga Bakenga (33), Daniel-Andr\u00e9 Tande (31), Emil Lybekk (30) og Kristin St\u00f8rmer Steira (44). Foran sitter Isabell Herlovsen (37), Marte Olsbu R\u00f8iseland (35) og Edvald Boasson-Hagen (38). Foto: Shad Madian \/ Se og H\u00f8r\n    <\/p>\n<p>En lang karriere som skiskytter har gitt henne til sammen 16 OL- og VM-gull. Men s\u00f8nnen Tobias (2) er det st\u00f8rste gullet til Marte og ektemannen Sverre R\u00f8iseland (35).<\/p>\n<p class=\"font-weight-bold m-font-weight-bold\" data-lab-font_weight=\"font-weight-bold\">&#8211; Vi har det s\u00e5 himla kjekt sammen, sier hun stolt.<\/p>\n<p>        ROMANSERYKTER: Sondre Sundby har endelig f\u00e5tt seg kj\u00e6reste, men r\u00f8per at dama kan bli sjalu p\u00e5 forholdet hans til \u00abFarmen kjendis\u00bb-kollegaen. Reporter: Thea Hope\/Nora Skavhaug. Video: Sanne Holt\/ TV 2\/ R\u00f8d L\u00f8per<\/p>\n<p>Trygghet fra starten\t<\/p>\n<p>Hjemme i Froland pr\u00f8ver hun \u00e5 finne balansen etter at hun la opp for snart to \u00e5r siden. Hun og Sverre har bygd hus ikke s\u00e5 langt unna g\u00e5rden hvor hun tilbrakte barndoms\u00e5rene sine.<\/p>\n<p>    <a itemprop=\"url\" href=\"https:\/\/www.seher.no\/kjendis\/full-forvirring-etter-brude-bilde\/84072233\" rel=\"nofollow noopener\" target=\"_blank\"><\/p>\n<p>        <img loading=\"lazy\" decoding=\"async\" src=\"https:\/\/www.europesays.com\/no\/wp-content\/uploads\/2026\/01\/1768218130_747_84072550.webp.webp\" width=\"147\" height=\"98\" title=\"Full forvirring etter \u00abbrude\u00bb-bilde\" alt=\"\" class=\"lazyload\" style=\"--aspect-ratio-image: 1.50; \"\/><\/p>\n<p>        Full forvirring etter \u00abbrude\u00bb-bilde<\/p>\n<p>    <\/a><\/p>\n<p>Odelen p\u00e5 Olsbu g\u00e5rd er det storebroren som har. Her vokste Marte opp med massevis av kj\u00e6rlighet fra foreldrene Helga og Kjetil Bj\u00f8rn.<\/p>\n<p>        <img loading=\"lazy\" decoding=\"async\" src=\"https:\/\/www.europesays.com\/no\/wp-content\/uploads\/2026\/01\/84061880.webp.webp\" width=\"686\" height=\"762\" title=\"DU OG JEG: Marte og Sverre giftet seg i 2018 \u2013 etter \u00e5 ha v\u00e6rt et par siden de var 16 \u00e5r gamle. Foto: Privat\" alt=\"\" class=\"\" style=\"--aspect-ratio-image: 0.90; \"\/><\/p>\n<p>\n        DU OG JEG: Marte og Sverre giftet seg i 2018 \u2013 etter \u00e5 ha v\u00e6rt et par siden de var 16 \u00e5r gamle. Foto: Privat\n    <\/p>\n<p>&#8211; Oppveksten min var trygg, jordn\u00e6r og full av st\u00f8tte, sier 35-\u00e5ringen som i dag jobber som skiskytterekspert p\u00e5 NRK.<\/p>\n<p>Marte beskriver to foreldre som alltid var mer opptatt av hvem hun var og om hun hadde det fint, enn hva hun presterte. Det p\u00e5virket henne positivt.<\/p>\n<p>        <img loading=\"lazy\" decoding=\"async\" src=\"https:\/\/www.europesays.com\/no\/wp-content\/uploads\/2026\/01\/84061889.webp.webp\" width=\"667\" height=\"821\" title=\"GLEDE: I mars 2023 la Marte opp som skiskytter. \u00c5tte m\u00e5neder senere kom Tobias til verden! Foto: Privat\" alt=\"\" class=\"\" style=\"--aspect-ratio-image: 0.81; \"\/><\/p>\n<p>\n        GLEDE: I mars 2023 la Marte opp som skiskytter. \u00c5tte m\u00e5neder senere kom Tobias til verden! Foto: Privat\n    <\/p>\n<p class=\"font-weight-bold m-font-weight-bold\" data-lab-font_weight=\"font-weight-bold\">&#8211; Samme hvor d\u00e5rlig jeg gj\u00f8r det i skiskyting, har det aldri preget hvordan jeg ser p\u00e5 meg selv, forklarer Marte. <\/p>\n<p>I voksen alder har hun forst\u00e5tt at denne holdningen har v\u00e6rt unik.<\/p>\n<p>    <a itemprop=\"url\" href=\"https:\/\/www.seher.no\/kongelig\/mette-marit-video-gar-viralt\/84060916\" rel=\"nofollow noopener\" target=\"_blank\"><\/p>\n<p>        <img loading=\"lazy\" decoding=\"async\" src=\"https:\/\/www.europesays.com\/no\/wp-content\/uploads\/2026\/01\/1768218133_934_84064863.webp.webp\" width=\"147\" height=\"98\" title=\"Mette-Marit-video g\u00e5r viralt\" alt=\"\" class=\"lazyload\" style=\"--aspect-ratio-image: 1.50; \"\/><\/p>\n<p>        Mette-Marit-video g\u00e5r viralt<\/p>\n<p>    <\/a><\/p>\n<p>Sverre er fra Kvinesdal. Da Marte og han flyttet hjem til Froland, ventet en overraskelse: Alt f\u00f8ltes nytt.<\/p>\n<p>&#8211; Jeg flyttet ut da jeg var 15. Jeg har aldri hatt en ungdomstid der, forklarer hun.<\/p>\n<p>        \u00abFARMEN KJENDIS\u00bb: Produksjonen ga deltakerne streng beskjed om dette f\u00f8r de ankom g\u00e5rden. Video: \u00abFarmen kjendis\u00bb\/TV 2, R\u00f8d L\u00f8per\/Nora Skavhaug<\/p>\n<p>\u00c5 etablere seg igjen ble en utfordring.<\/p>\n<p>&#8211; Du bygger opp litt fra bunnen av. Men jeg har b\u00e5de gjenopprettet gamle vennskap &#8211; og f\u00e5tt nye, sier hun med et smil.<\/p>\n<p>        <img loading=\"lazy\" decoding=\"async\" src=\"https:\/\/www.europesays.com\/no\/wp-content\/uploads\/2026\/01\/84061892.webp.webp\" width=\"667\" height=\"714\" title=\"NY INNSIKT: Se og H\u00f8r m\u00f8tte \u00abMesternes\u00bb-deltakerne i Spania. Marte fortalte at innspillingen ga henne ny innsikt i hvordan livet som toppidrettsut\u00f8ver hadde v\u00e6rt. Foto: Shad Madian \/ Se og H\u00f8r\" alt=\"\" class=\"\" style=\"--aspect-ratio-image: 0.93; \"\/><\/p>\n<p>\n        NY INNSIKT: Se og H\u00f8r m\u00f8tte \u00abMesternes\u00bb-deltakerne i Spania. Marte fortalte at innspillingen ga henne ny innsikt i hvordan livet som toppidrettsut\u00f8ver hadde v\u00e6rt. Foto: Shad Madian \/ Se og H\u00f8r\n    <\/p>\n<p>Bratt l\u00e6ringskurve\t<\/p>\n<p>Marte er tydelig p\u00e5 hva som betyr mest n\u00e5.<\/p>\n<p>&#8211; Livet med barn er helt fantastisk. S\u00e5 jeg h\u00e5per vi kan gi Tobias s\u00f8sken etter hvert, sier hun varmt.<\/p>\n<p>        <img loading=\"lazy\" decoding=\"async\" src=\"https:\/\/www.europesays.com\/no\/wp-content\/uploads\/2026\/01\/84061898.webp.webp\" width=\"667\" height=\"534\" title=\"TAKK FOR SIST: Marte sammen med kong Harald under kongeparets middag for ut\u00f8verne fra OL og Paralympics i Beijing p\u00e5 Slottet i 2022. Foto: NTB\" alt=\"\" class=\"\" style=\"--aspect-ratio-image: 1.25; \"\/><\/p>\n<p>\n        TAKK FOR SIST: Marte sammen med kong Harald under kongeparets middag for ut\u00f8verne fra OL og Paralympics i Beijing p\u00e5 Slottet i 2022. Foto: NTB\n    <\/p>\n<p>Mammatiden har ogs\u00e5 bydd p\u00e5 bekymringer og bratte l\u00e6ringskurver.<\/p>\n<p class=\"font-weight-bold m-font-weight-bold\" data-lab-font_weight=\"font-weight-bold\">&#8211; Alt er jo en bekymring n\u00e5r du f\u00e5r barn. Spesielt f\u00f8r de l\u00e6rer seg \u00e5 snakke \u2026 Jeg pr\u00f8vde \u00e5 ikke google for mye. For da blir man altfor bekymret, sier hun.<\/p>\n<p>        <img loading=\"lazy\" decoding=\"async\" src=\"https:\/\/www.europesays.com\/no\/wp-content\/uploads\/2026\/01\/84061902.webp.webp\" width=\"667\" height=\"381\" title=\"IDYLL: Marte vokste opp p\u00e5 Olsbu g\u00e5rd. Storebroren har odel til g\u00e5rden, og Marte og ektemannen har bygget hus ikke s\u00e5 langt unna. Foto: Privat\" alt=\"\" class=\"\" style=\"--aspect-ratio-image: 1.75; \"\/><\/p>\n<p>\n        IDYLL: Marte vokste opp p\u00e5 Olsbu g\u00e5rd. Storebroren har odel til g\u00e5rden, og Marte og ektemannen har bygget hus ikke s\u00e5 langt unna. Foto: Privat\n    <\/p>\n<p>Sverre er trener for de tyske skiskyterdamene, og er dermed ofte p\u00e5 reisefot \u2013 spesielt i vintersesongen.<\/p>\n<p>&#8211; Han dro ut da Tobias var seks dager gammel, og var borte i tre uker, sier Marte.<\/p>\n<p>        <img loading=\"lazy\" decoding=\"async\" src=\"https:\/\/www.europesays.com\/no\/wp-content\/uploads\/2026\/01\/84061905.webp.webp\" width=\"667\" height=\"541\" title=\"LILLE PRINSESSE: Marte beskriver oppveksten i Froland som trygg og god. Her utforsker hun naturen p\u00e5 pappas skuldre. Foto: Privat\" alt=\"\" class=\"\" style=\"--aspect-ratio-image: 1.23; \"\/><\/p>\n<p>\n        LILLE PRINSESSE: Marte beskriver oppveksten i Froland som trygg og god. Her utforsker hun naturen p\u00e5 pappas skuldre. Foto: Privat\n    <\/p>\n<p>Men hun vet at s\u00e5nn er trenerlivet. Derfor var Martes familie avgj\u00f8rende for at hun skulle kunne v\u00e6re med p\u00e5 \u00abMesternes\u00bb-innspillingen.<\/p>\n<p>\u2013 Besteforeldre har stilt opp som barnevakt og v\u00e6rt veldig behjelpelige, sier hun forn\u00f8yd.<\/p>\n<p>        <img loading=\"lazy\" decoding=\"async\" src=\"https:\/\/www.europesays.com\/no\/wp-content\/uploads\/2026\/01\/84061911.webp.webp\" width=\"686\" height=\"563\" title=\"FEIRET: Her blir Marte blir gratulert av pappa Kjetil Bj\u00f8rn Olsbu etter seieren i kvinnenes fellesstart i VM i 2020. Foto: NTB\" alt=\"\" class=\"\" style=\"--aspect-ratio-image: 1.22; \"\/><\/p>\n<p>\n        FEIRET: Her blir Marte blir gratulert av pappa Kjetil Bj\u00f8rn Olsbu etter seieren i kvinnenes fellesstart i VM i 2020. Foto: NTB\n    <\/p>\n<p>S\u00f8rlendingen har v\u00e6rt gjennom mer motgang enn mange kanskje er klar over.<\/p>\n<p>    <a itemprop=\"url\" href=\"https:\/\/www.seher.no\/kongelig\/bryter-tausheten\/84064833\" rel=\"nofollow noopener\" target=\"_blank\"><\/p>\n<p>        <img loading=\"lazy\" decoding=\"async\" src=\"https:\/\/www.europesays.com\/no\/wp-content\/uploads\/2026\/01\/1768218144_806_84069514.webp.webp\" width=\"980\" height=\"441\" title=\"Bryter tausheten\" alt=\"\" class=\"lazyload\" style=\"--aspect-ratio-image: 2.22; \"\/><\/p>\n<p>        Bryter tausheten<\/p>\n<p>    <\/a><\/p>\n<p class=\"font-weight-bold m-font-weight-bold\" data-lab-font_weight=\"font-weight-bold\">\u2013 Jeg har hatt mye skader og mye sykdom. Men jeg har hatt det hele livet. Det gj\u00f8r at man blir veldig god til \u00e5 se muligheter, sier hun.<\/p>\n<p>Marte kom til verden med d\u00e5rlige lunger, og de f\u00f8rste leve\u00e5rene var preget av tung astma. Det gikk i mye medisiner og mange innleggelser p\u00e5 sykehus. <\/p>\n<p>        <img loading=\"lazy\" decoding=\"async\" src=\"https:\/\/www.europesays.com\/no\/wp-content\/uploads\/2026\/01\/84061917.webp.webp\" width=\"686\" height=\"536\" title=\"UNG: En ung Marte kledd i sin vakre \u00c5mli-bunad, med v\u00e5rens syriner og nysgjerrige dyr rundt seg. Foto: Privat\" alt=\"\" class=\"\" style=\"--aspect-ratio-image: 1.28; \"\/><\/p>\n<p>\n        UNG: En ung Marte kledd i sin vakre \u00c5mli-bunad, med v\u00e5rens syriner og nysgjerrige dyr rundt seg. Foto: Privat\n    <\/p>\n<p>Kampviljen har imidlertid bodd i Marte i alle \u00e5r. Selv p\u00e5 tampen av karrieren holdt \u00f8nsket om edelt metall henne g\u00e5ende, enda hun hadde sine plager.<\/p>\n<p>\u2013 Det siste \u00e5ret mitt fikk jeg helvetesild og full pakke \u2026 Men m\u00e5let om \u00e5 ta en individuell VM-medalje l\u00e5 fortsatt der, selv om det s\u00e5 m\u00f8rkt ut, sier hun til Se og H\u00f8r.<\/p>\n<p>        SESONGPREMIERE: Det er duket for en ny sesong med \u00abHver gang vi m\u00f8tes\u00bb, og her ser vi litt av det vi har i vente. Video: \u00abHver gang vi m\u00f8tes\u00bb\/TV2. Reporter: Trond Markus Gravdal<\/p>\n<p>Den st\u00f8rste triumfen kom i OL i Beijing i februar for tre \u00e5r siden.<\/p>\n<p>\u2013 Jeg leverte et perfekt l\u00f8p, og det var OL-sprinten. Det var det beste l\u00f8pet jeg noen gang har gjort. \u00c5 bli bel\u00f8nnet med gull for det \u2013 det var veldig g\u00f8y, sier Marte med et smil.<\/p>\n","protected":false},"excerpt":{"rendered":"\u00abMesternes\u00bb-Marte Olsbu R\u00f8iseland Skiskytteren vant alt som kunne vinnes &#8211; men livet fikk en ny mening da s\u00f8nnen&hellip;\n","protected":false},"author":2,"featured_media":135430,"comment_status":"","ping_status":"","sticky":false,"template":"","format":"standard","meta":{"footnotes":""},"categories":[59],"tags":[3068,4104,479,14834,2984,30,28,29,83,82],"class_list":{"0":"post-135429","1":"post","2":"type-post","3":"status-publish","4":"format-standard","5":"has-post-thumbnail","7":"category-sport","8":"tag-baby","9":"tag-eksklusivt","10":"tag-kjendis","11":"tag-marte-olsbu-roiseland","12":"tag-mesternes-mester","13":"tag-no","14":"tag-norge","15":"tag-norway","16":"tag-sport","17":"tag-sports"},"share_on_mastodon":{"url":"https:\/\/pubeurope.com\/@no\/115881950968420378","error":""},"_links":{"self":[{"href":"https:\/\/www.europesays.com\/no\/wp-json\/wp\/v2\/posts\/135429","targetHints":{"allow":["GET"]}}],"collection":[{"href":"https:\/\/www.europesays.com\/no\/wp-json\/wp\/v2\/posts"}],"about":[{"href":"https:\/\/www.europesays.com\/no\/wp-json\/wp\/v2\/types\/post"}],"author":[{"embeddable":true,"href":"https:\/\/www.europesays.com\/no\/wp-json\/wp\/v2\/users\/2"}],"replies":[{"embeddable":true,"href":"https:\/\/www.europesays.com\/no\/wp-json\/wp\/v2\/comments?post=135429"}],"version-history":[{"count":0,"href":"https:\/\/www.europesays.com\/no\/wp-json\/wp\/v2\/posts\/135429\/revisions"}],"wp:featuredmedia":[{"embeddable":true,"href":"https:\/\/www.europesays.com\/no\/wp-json\/wp\/v2\/media\/135430"}],"wp:attachment":[{"href":"https:\/\/www.europesays.com\/no\/wp-json\/wp\/v2\/media?parent=135429"}],"wp:term":[{"taxonomy":"category","embeddable":true,"href":"https:\/\/www.europesays.com\/no\/wp-json\/wp\/v2\/categories?post=135429"},{"taxonomy":"post_tag","embeddable":true,"href":"https:\/\/www.europesays.com\/no\/wp-json\/wp\/v2\/tags?post=135429"}],"curies":[{"name":"wp","href":"https:\/\/api.w.org\/{rel}","templated":true}]}}