{"id":135435,"date":"2026-01-12T11:48:15","date_gmt":"2026-01-12T11:48:15","guid":{"rendered":"https:\/\/www.europesays.com\/no\/135435\/"},"modified":"2026-01-12T11:48:15","modified_gmt":"2026-01-12T11:48:15","slug":"eu-frykter-politisk-omkamp-krever-farage-klausul","status":"publish","type":"post","link":"https:\/\/www.europesays.com\/no\/135435\/","title":{"rendered":"EU frykter politisk omkamp: Krever \u00abFarage-klausul\u00bb"},"content":{"rendered":"<p>EU krever at Storbritannia betaler betydelig kompensasjon dersom en fremtidig britisk regjering trekker seg fra en planlagt post-Brexit \u00abomstartavtale\u00bb med Brussel, if\u00f8lge et utkast <a href=\"https:\/\/www.ft.com\/content\/3733b2b0-5d1e-47ba-b39f-ac8b113cce65\" rel=\"nofollow noopener\" target=\"_blank\">Financial Times<\/a> har sett.<\/p>\n<p>Brussel har lagt inn en oppsigelsesklausul i forslaget til en \u00abveterin\u00e6ravtale\u00bb (SPS \u2013 sanit\u00e6re og fytosanit\u00e6re forhold) som skal redusere Brexit-byr\u00e5krati for britiske eksport\u00f8rer av mat- og drikkevarer.\u00a0<\/p>\n<p><b>Dersom en av partene melder seg ut, skal vedkommende betale erstatning som blant annet dekker kostnader til \u00abinfrastruktur og utstyr, rekruttering og oppl\u00e6ring\u00bb for \u00e5 etablere n\u00f8dvendige grensekontroller.<\/b><\/p>\n<p><img decoding=\"async\" class=\"lazyload \" src=\"https:\/\/www.europesays.com\/no\/wp-content\/uploads\/2026\/01\/1768218495_779_pipe.jpeg\"  data- alt=\"\"\/><\/p>\n<p>N\u00c6R AVTALE:\u00a0Keir Starmer vil ha en SPS-avtale som kutter Brexit-byr\u00e5krati for mat- og drikkeeksporten. <strong>Foto: Bloomberg<\/strong><\/p>\n<p class=\"subhead\" data-element-type=\"subhead\" data-element-label=\"Mellomtittel\">\u00abFarage-klausul\u00bb<\/p>\n<p>EU-diplomater omtaler bestemmelsen som en \u00abFarage-klausul\u00bb, utformet for \u00e5 sikre avtalen mot politisk omkamp i Storbritannia dersom Reform UK-leder Nigel Farage skulle komme til makten og reversere Starmers kurs mot tettere samarbeid med EU.<\/p>\n<p>Starmer har gjort SPS-avtalen til et viktig element i planen for \u00e5 bedre handelsvilk\u00e5rene med EU, i tillegg til en mulig gjenkobling av EUs og Storbritannias karbonprisingsordninger, if\u00f8lge FT.<\/p>\n<p><b>N\u00e6ringslivsakt\u00f8rer har presset p\u00e5 for en avtale som kan fjerne nesten all grensebyr\u00e5krati for landbruks- og matvarer. En studie fra 2024 anslo at britisk eksport av mat og drikke kan \u00f8ke 22 prosent.<\/b><\/p>\n<p class=\"subhead\" data-element-type=\"subhead\" data-element-label=\"Mellomtittel\">Farage imot avtalen<\/p>\n<p>Utkastet inneb\u00e6rer ogs\u00e5 at Storbritannia m\u00e5 betale en deltageravgift for \u00e5 bli med, samt \u00abdynamisk\u00bb tilpasse seg nye EU-regler for plante- og dyreprodukter, if\u00f8lge FT.<\/p>\n<p data-is-last-node=\"\" data-is-only-node=\"\">Starmers EU-minister Nick Thomas-Symonds har sagt at lovendringer kan v\u00e6re p\u00e5 plass innen utgangen av \u00e5ret, med avtalen operativ tidlig til midt i 2027.\u00a0<\/p>\n<p data-is-last-node=\"\" data-is-only-node=\"\"><b>Reform UK og De konservative har varslet at de vil skrote en slik avtale. EU-kommisjonen sier den st\u00e5r fast ved tiltakene som ble avtalt p\u00e5 toppm\u00f8tet i mai 2025.<\/b><\/p>\n","protected":false},"excerpt":{"rendered":"EU krever at Storbritannia betaler betydelig kompensasjon dersom en fremtidig britisk regjering trekker seg fra en planlagt post-Brexit&hellip;\n","protected":false},"author":2,"featured_media":135436,"comment_status":"","ping_status":"","sticky":false,"template":"","format":"standard","meta":{"footnotes":""},"categories":[12],"tags":[20,21,24,25,15,22,23,13,30,28,29,14,16,26,27,42,43,44,45],"class_list":{"0":"post-135435","1":"post","2":"type-post","3":"status-publish","4":"format-standard","5":"has-post-thumbnail","7":"category-verden","8":"tag-breaking-news","9":"tag-breakingnews","10":"tag-featured-news","11":"tag-featurednews","12":"tag-headlines","13":"tag-latest-news","14":"tag-latestnews","15":"tag-news","16":"tag-no","17":"tag-norge","18":"tag-norway","19":"tag-nyheter","20":"tag-overskrifter","21":"tag-top-stories","22":"tag-topstories","23":"tag-verden","24":"tag-world","25":"tag-world-news","26":"tag-worldnews"},"share_on_mastodon":{"url":"https:\/\/pubeurope.com\/@no\/115881974396542153","error":""},"_links":{"self":[{"href":"https:\/\/www.europesays.com\/no\/wp-json\/wp\/v2\/posts\/135435","targetHints":{"allow":["GET"]}}],"collection":[{"href":"https:\/\/www.europesays.com\/no\/wp-json\/wp\/v2\/posts"}],"about":[{"href":"https:\/\/www.europesays.com\/no\/wp-json\/wp\/v2\/types\/post"}],"author":[{"embeddable":true,"href":"https:\/\/www.europesays.com\/no\/wp-json\/wp\/v2\/users\/2"}],"replies":[{"embeddable":true,"href":"https:\/\/www.europesays.com\/no\/wp-json\/wp\/v2\/comments?post=135435"}],"version-history":[{"count":0,"href":"https:\/\/www.europesays.com\/no\/wp-json\/wp\/v2\/posts\/135435\/revisions"}],"wp:featuredmedia":[{"embeddable":true,"href":"https:\/\/www.europesays.com\/no\/wp-json\/wp\/v2\/media\/135436"}],"wp:attachment":[{"href":"https:\/\/www.europesays.com\/no\/wp-json\/wp\/v2\/media?parent=135435"}],"wp:term":[{"taxonomy":"category","embeddable":true,"href":"https:\/\/www.europesays.com\/no\/wp-json\/wp\/v2\/categories?post=135435"},{"taxonomy":"post_tag","embeddable":true,"href":"https:\/\/www.europesays.com\/no\/wp-json\/wp\/v2\/tags?post=135435"}],"curies":[{"name":"wp","href":"https:\/\/api.w.org\/{rel}","templated":true}]}}