{"id":135439,"date":"2026-01-12T11:50:08","date_gmt":"2026-01-12T11:50:08","guid":{"rendered":"https:\/\/www.europesays.com\/no\/135439\/"},"modified":"2026-01-12T11:50:08","modified_gmt":"2026-01-12T11:50:08","slug":"botn-fortsatt-usikker-pa-comeback-etter-sykdom","status":"publish","type":"post","link":"https:\/\/www.europesays.com\/no\/135439\/","title":{"rendered":"Botn fortsatt usikker p\u00e5 comeback etter sykdom"},"content":{"rendered":"\n<p class=\"_lead_o9xde_2 _lead_xtcu6_50 layout-component text-serif-m layout-normal text-serif-l layout-component layout-wide layout-padded _wide_17hqh_1 layout-padded\">Sturla Holm L\u00e6greid og Johan Olav-Botn er tatt ut til verdenscuprennene i Ruhpolding denne uken. Botns deltakelse er fortsatt noe usikker.<\/p>\n<p><img alt=\"Johan-Olav Botn er tilbake i troppen.&#10;Foto: Geir Olsen \/ NTB\" class=\"_image_qp4xg_65 layout-component layout-wide\" data-fullscreen- data-track-element-type=\"Article image fullscreen\" data-track-name=\"ImageFullscreen\" fetchpriority=\"high\" decoding=\"sync\" loading=\"eager\" height=\"3151\" itemprop=\"image\"  src=\"https:\/\/www.europesays.com\/no\/wp-content\/uploads\/2026\/01\/f03f603c-a8c8-44f2-b9e1-8403a30b9e35.jpeg\"  style=\"object-position:0% 0%\" width=\"4803\"\/>Johan-Olav Botn er tilbake i troppen.<br \/>\nFoto: Geir Olsen \/ NTB<\/p>\n<ul aria-hidden=\"true\" class=\"_images_ntbth_112\">\n<li><a class=\"_link_ntbth_117\" href=\"https:\/\/www.vg.no\/forfatter\/ntb\" style=\"z-index:1\" title=\"NTB\" rel=\"nofollow noopener\" target=\"_blank\"><img alt=\"Bilde av NTB\" class=\"_image_ntbth_93\" fetchpriority=\"low\" loading=\"lazy\" decoding=\"async\" itemprop=\"image\"  src=\"https:\/\/www.europesays.com\/no\/wp-content\/uploads\/2026\/01\/1768218608_913_c33980b0-5d07-4027-84a1-813f90a7c8d6.png\"  width=\"480\"\/><\/a><\/li>\n<\/ul>\n<p> Oppdatert mandag 12. januar kl. 12:16     <\/p>\n<p class=\"_paragraph_o9xde_4 _paragraph_xtcu6_10 layout-component text-serif-m layout-normal text-serif-m layout-padded\">Det melder Norges Skiskytterforbund mandag.<\/p>\n<p class=\"_paragraph_o9xde_4 _paragraph_xtcu6_10 layout-component text-serif-m layout-normal text-serif-m layout-padded\">L\u00e6greid og Botn m\u00e5tte begge st\u00e5 over konkurransene i Oberhof som f\u00f8lge av sykdom.<\/p>\n<p class=\"_paragraph_o9xde_4 _paragraph_xtcu6_10 layout-component text-serif-m layout-normal text-serif-m layout-padded\">L\u00e6greid er for fullt tilbake i Ruhpolding, mens det tas en l\u00f8pende vurdering rundt Botn, heter det i meldingen.<\/p>\n<p class=\"_paragraph_o9xde_4 _paragraph_xtcu6_10 layout-component text-serif-m layout-normal text-serif-m layout-padded\">Botn har levert en knallsterk sesongstart og er bare bak Tommaso Giacomel i verdenscupen sammenlagt.<\/p>\n<p class=\"_paragraph_o9xde_4 _paragraph_xtcu6_10 layout-component text-serif-m layout-normal text-serif-m layout-padded\">Juni Arnekleiv er tilbake i verdenscupen etter \u00e5 ha g\u00e5tt IBU Cup sist. Siri Galtung Skar f\u00e5r sin verdenscupdebut i Ruhpolding.<\/p>\n<p class=\"_paragraph_o9xde_4 _paragraph_xtcu6_10 layout-component text-serif-m layout-normal text-serif-m layout-padded\">Det skal g\u00e5s stafett, sprint og jaktstart i Tyskland denne uken. Deretter gjenst\u00e5r bare \u00e9n verdenscuprunde f\u00f8r OL i Nord-Italia.<\/p>\n<p class=\"_paragraph_o9xde_4 _paragraph_xtcu6_10 layout-component text-serif-m layout-normal text-serif-m layout-padded\">Tirsdag skal Sivert Guttorm Bakken bisettes i Lillehammer etter at han d\u00f8de i Italia f\u00f8r jul. Skiskytterforbundet opplyser at flere av ut\u00f8verne vil v\u00e6re til stede der.<\/p>\n<p class=\"_paragraph_o9xde_4 _paragraph_xtcu6_10 layout-component text-serif-m layout-normal text-serif-m layout-padded\">En del har ogs\u00e5 blitt igjen i Tyskland etter Oberhof-rennene, og der vil det bli en egen markering.<\/p>\n<p>Uttaket:<\/p>\n<p class=\"_paragraph_o9xde_4 _paragraph_xtcu6_10 layout-component text-serif-m layout-normal text-serif-m layout-padded\">Kvinner: Juni Arnekleiv (Domb\u00e5s), Marthe Kr\u00e5kstad Johansen (Bossmo &amp; Ytteren), Maren Hjelmeset Kirkeeide (Markane), Karoline Offigstad Knotten (Vingrom), Siri Galtung Skar (Try), Ingrid Landmark Tandrevold (Fossum).<\/p>\n<p class=\"_paragraph_o9xde_4 _paragraph_xtcu6_10 layout-component text-serif-m layout-normal text-serif-m layout-padded\">Menn: Johan-Olav Sm\u00f8rdal Botn (St\u00e5rheim), Vetle Sj\u00e5stad Christiansen (Geilo), Isak Leknes Frey (B\u00e6rum), Johannes Dale-Skjevdal (Fet), Sturla Holm L\u00e6greid (B\u00e6rum), Martin Uldal (Birkenes).<\/p>\n","protected":false},"excerpt":{"rendered":"Sturla Holm L\u00e6greid og Johan Olav-Botn er tatt ut til verdenscuprennene i Ruhpolding denne uken. Botns deltakelse er&hellip;\n","protected":false},"author":2,"featured_media":135440,"comment_status":"","ping_status":"","sticky":false,"template":"","format":"standard","meta":{"footnotes":""},"categories":[5],"tags":[20,21,24,25,15,19,22,23,17,18,13,30,28,29,14,16,26,27],"class_list":{"0":"post-135439","1":"post","2":"type-post","3":"status-publish","4":"format-standard","5":"has-post-thumbnail","7":"category-overskrifter","8":"tag-breaking-news","9":"tag-breakingnews","10":"tag-featured-news","11":"tag-featurednews","12":"tag-headlines","13":"tag-hovedoppslag","14":"tag-latest-news","15":"tag-latestnews","16":"tag-main-news","17":"tag-mainnews","18":"tag-news","19":"tag-no","20":"tag-norge","21":"tag-norway","22":"tag-nyheter","23":"tag-overskrifter","24":"tag-top-stories","25":"tag-topstories"},"share_on_mastodon":{"url":"https:\/\/pubeurope.com\/@no\/115881982350904267","error":""},"_links":{"self":[{"href":"https:\/\/www.europesays.com\/no\/wp-json\/wp\/v2\/posts\/135439","targetHints":{"allow":["GET"]}}],"collection":[{"href":"https:\/\/www.europesays.com\/no\/wp-json\/wp\/v2\/posts"}],"about":[{"href":"https:\/\/www.europesays.com\/no\/wp-json\/wp\/v2\/types\/post"}],"author":[{"embeddable":true,"href":"https:\/\/www.europesays.com\/no\/wp-json\/wp\/v2\/users\/2"}],"replies":[{"embeddable":true,"href":"https:\/\/www.europesays.com\/no\/wp-json\/wp\/v2\/comments?post=135439"}],"version-history":[{"count":0,"href":"https:\/\/www.europesays.com\/no\/wp-json\/wp\/v2\/posts\/135439\/revisions"}],"wp:featuredmedia":[{"embeddable":true,"href":"https:\/\/www.europesays.com\/no\/wp-json\/wp\/v2\/media\/135440"}],"wp:attachment":[{"href":"https:\/\/www.europesays.com\/no\/wp-json\/wp\/v2\/media?parent=135439"}],"wp:term":[{"taxonomy":"category","embeddable":true,"href":"https:\/\/www.europesays.com\/no\/wp-json\/wp\/v2\/categories?post=135439"},{"taxonomy":"post_tag","embeddable":true,"href":"https:\/\/www.europesays.com\/no\/wp-json\/wp\/v2\/tags?post=135439"}],"curies":[{"name":"wp","href":"https:\/\/api.w.org\/{rel}","templated":true}]}}