{"id":135442,"date":"2026-01-12T11:58:08","date_gmt":"2026-01-12T11:58:08","guid":{"rendered":"https:\/\/www.europesays.com\/no\/135442\/"},"modified":"2026-01-12T11:58:08","modified_gmt":"2026-01-12T11:58:08","slug":"kvinne-kjorte-med-isete-frontrute-mistet-lappen","status":"publish","type":"post","link":"https:\/\/www.europesays.com\/no\/135442\/","title":{"rendered":"Kvinne kj\u00f8rte med isete frontrute \u2013 mistet lappen"},"content":{"rendered":"\n<p class=\"_lead_o9xde_2 _lead_xtcu6_50 layout-component text-serif-m layout-normal text-serif-l layout-component layout-wide layout-padded _wide_17hqh_1 layout-padded\">En kvinne i 70-\u00e5rene mistet mandag formiddag f\u00f8rerkortet etter \u00e5 ha kj\u00f8rt i Kongsberg med en sv\u00e6rt isete frontrute.<\/p>\n<p><img alt=\"En kvinne i 70-\u00e5rene som kj\u00f8rte bil med denne utsikten gjennom frontruta, mistet lappen da hun ble stoppet av utrykningspolitiet.  Foto: Politiet \/ Handout \/ NTB\" class=\"_image_qp4xg_65 layout-component layout-wide\" data-fullscreen- data-track-element-type=\"Article image fullscreen\" data-track-name=\"ImageFullscreen\" fetchpriority=\"high\" decoding=\"sync\" loading=\"eager\" height=\"432\" itemprop=\"image\"  src=\"https:\/\/www.europesays.com\/no\/wp-content\/uploads\/2026\/01\/69c66b96-e005-4ebb-b06f-751441629089.jpeg\"  style=\"object-position:0% 0%\" width=\"768\"\/>En kvinne i 70-\u00e5rene som kj\u00f8rte bil med denne utsikten gjennom frontruta, mistet lappen da hun ble stoppet av utrykningspolitiet.  Foto: Politiet \/ Handout \/ NTB<\/p>\n<ul aria-hidden=\"true\" class=\"_images_ntbth_112\">\n<li><a class=\"_link_ntbth_117\" href=\"https:\/\/www.vg.no\/forfatter\/ntb\" style=\"z-index:1\" title=\"NTB\" rel=\"nofollow noopener\" target=\"_blank\"><img alt=\"Bilde av NTB\" class=\"_image_ntbth_93\" fetchpriority=\"low\" loading=\"lazy\" decoding=\"async\" itemprop=\"image\"  src=\"https:\/\/www.europesays.com\/no\/wp-content\/uploads\/2026\/01\/1768219088_240_c33980b0-5d07-4027-84a1-813f90a7c8d6.png\"  width=\"480\"\/><\/a><\/li>\n<\/ul>\n<p> Oppdatert mandag 12. januar kl. 12:16     <\/p>\n<p class=\"_paragraph_o9xde_4 _paragraph_xtcu6_10 layout-component text-serif-m layout-normal text-serif-m layout-padded\">\u2013 Ruta var s\u00e5pass isete at det var sv\u00e6rt begrenset utsyn fra f\u00f8rersetet. Det kvalifiserte til anmeldelse og f\u00f8rerkortbeslag, skriver operasjonsleder Roger Aaser i S\u00f8r\u00f8st politidistrikt p\u00e5 politiloggen.<\/p>\n<p class=\"_paragraph_o9xde_4 _paragraph_xtcu6_10 layout-component text-serif-m layout-normal text-serif-m layout-padded\">Kvinnen ble stoppet av utrykningspolitiet i Sandsv\u00e6rveien i <a href=\"https:\/\/www.vg.no\/tag\/kongsberg?utm_source=vg-article&amp;utm_medium=auto-tagger&amp;utm_campaign=6qz4ko\" class=\"_link_o9xde_39\" rel=\"nofollow noopener\" target=\"_blank\">Kongsberg<\/a> klokken 11.15 mandag formiddag.<\/p>\n<p class=\"_paragraph_o9xde_4 _paragraph_xtcu6_10 layout-component text-serif-m layout-normal text-serif-m layout-padded\">Politiets eget bilde fra inne i bilen, viser at det var sv\u00e6rt d\u00e5rlig utsyn fra f\u00f8rersetet.<\/p>\n","protected":false},"excerpt":{"rendered":"En kvinne i 70-\u00e5rene mistet mandag formiddag f\u00f8rerkortet etter \u00e5 ha kj\u00f8rt i Kongsberg med en sv\u00e6rt isete&hellip;\n","protected":false},"author":2,"featured_media":135443,"comment_status":"","ping_status":"","sticky":false,"template":"","format":"standard","meta":{"footnotes":""},"categories":[10],"tags":[20,21,24,25,7964,15,5279,22,23,13,30,28,29,14,16,26,27],"class_list":{"0":"post-135442","1":"post","2":"type-post","3":"status-publish","4":"format-standard","5":"has-post-thumbnail","7":"category-norge","8":"tag-breaking-news","9":"tag-breakingnews","10":"tag-featured-news","11":"tag-featurednews","12":"tag-forerkortbeslag","13":"tag-headlines","14":"tag-kongsberg","15":"tag-latest-news","16":"tag-latestnews","17":"tag-news","18":"tag-no","19":"tag-norge","20":"tag-norway","21":"tag-nyheter","22":"tag-overskrifter","23":"tag-top-stories","24":"tag-topstories"},"share_on_mastodon":{"url":"https:\/\/pubeurope.com\/@no\/115882013811088956","error":""},"_links":{"self":[{"href":"https:\/\/www.europesays.com\/no\/wp-json\/wp\/v2\/posts\/135442","targetHints":{"allow":["GET"]}}],"collection":[{"href":"https:\/\/www.europesays.com\/no\/wp-json\/wp\/v2\/posts"}],"about":[{"href":"https:\/\/www.europesays.com\/no\/wp-json\/wp\/v2\/types\/post"}],"author":[{"embeddable":true,"href":"https:\/\/www.europesays.com\/no\/wp-json\/wp\/v2\/users\/2"}],"replies":[{"embeddable":true,"href":"https:\/\/www.europesays.com\/no\/wp-json\/wp\/v2\/comments?post=135442"}],"version-history":[{"count":0,"href":"https:\/\/www.europesays.com\/no\/wp-json\/wp\/v2\/posts\/135442\/revisions"}],"wp:featuredmedia":[{"embeddable":true,"href":"https:\/\/www.europesays.com\/no\/wp-json\/wp\/v2\/media\/135443"}],"wp:attachment":[{"href":"https:\/\/www.europesays.com\/no\/wp-json\/wp\/v2\/media?parent=135442"}],"wp:term":[{"taxonomy":"category","embeddable":true,"href":"https:\/\/www.europesays.com\/no\/wp-json\/wp\/v2\/categories?post=135442"},{"taxonomy":"post_tag","embeddable":true,"href":"https:\/\/www.europesays.com\/no\/wp-json\/wp\/v2\/tags?post=135442"}],"curies":[{"name":"wp","href":"https:\/\/api.w.org\/{rel}","templated":true}]}}