{"id":135444,"date":"2026-01-12T11:59:07","date_gmt":"2026-01-12T11:59:07","guid":{"rendered":"https:\/\/www.europesays.com\/no\/135444\/"},"modified":"2026-01-12T11:59:07","modified_gmt":"2026-01-12T11:59:07","slug":"northug-stiller-i-nm","status":"publish","type":"post","link":"https:\/\/www.europesays.com\/no\/135444\/","title":{"rendered":"Northug stiller i NM"},"content":{"rendered":"\n<p class=\"_lead_o9xde_2 _lead_xtcu6_50 layout-component text-serif-m layout-normal text-serif-l layout-component layout-wide layout-padded _wide_17hqh_1 layout-padded\">Langrennsveteranen Petter Northug (40) forteller NRK at han blir \u00e5 se i NM i Steinkjer.<\/p>\n<p><img alt=\"Petter Northug, her under NM del 2 p\u00e5 Hovden i fjor.&#10;Foto: Terje Pedersen \/ NTB\" class=\"_image_qp4xg_65 layout-component layout-wide\" data-fullscreen- data-track-element-type=\"Article image fullscreen\" data-track-name=\"ImageFullscreen\" fetchpriority=\"high\" decoding=\"sync\" loading=\"eager\" height=\"3162\" itemprop=\"image\"  src=\"https:\/\/www.europesays.com\/no\/wp-content\/uploads\/2026\/01\/f426a636-41f4-415a-80f9-8de33f3198c9.jpeg\"  style=\"object-position:0% 0%\" width=\"4743\"\/>Petter Northug, her under NM del 2 p\u00e5 Hovden i fjor.<br \/>\nFoto: Terje Pedersen \/ NTB<\/p>\n<ul aria-hidden=\"true\" class=\"_images_ntbth_112\">\n<li><a class=\"_link_ntbth_117\" href=\"https:\/\/www.vg.no\/forfatter\/ntb\" style=\"z-index:1\" title=\"NTB\" rel=\"nofollow noopener\" target=\"_blank\"><img alt=\"Bilde av NTB\" class=\"_image_ntbth_93\" fetchpriority=\"low\" loading=\"lazy\" decoding=\"async\" itemprop=\"image\"  src=\"https:\/\/www.europesays.com\/no\/wp-content\/uploads\/2026\/01\/1768219147_13_c33980b0-5d07-4027-84a1-813f90a7c8d6.png\"  width=\"480\"\/><\/a><\/li>\n<\/ul>\n<p> Oppdatert mandag 12. januar kl. 12:18     <\/p>\n<p class=\"_paragraph_o9xde_4 _paragraph_xtcu6_10 layout-component text-serif-m layout-normal text-serif-m layout-padded\"> \u2013 Det er planen, skriver Northug i en melding til <a href=\"https:\/\/www.nrk.no\/sport\/northug-bekrefter_-stiller-i-nm-1.17723955\" class=\"_link_o9xde_39\" rel=\"nofollow noopener\" target=\"_blank\">NRK<\/a>.<\/p>\n<p class=\"_paragraph_o9xde_4 _paragraph_xtcu6_10 layout-component text-serif-m layout-normal text-serif-m layout-padded\">Planen hans er \u00e5 g\u00e5 onsdagens sprint og 10 kilometer fri teknikk torsdag.<\/p>\n<p class=\"_paragraph_o9xde_4 _paragraph_xtcu6_10 layout-component text-serif-m layout-normal text-serif-m layout-padded\">Flere profiler har meldt forfall til NM: Johannes H\u00f8sflot Kl\u00e6bo, Erik Valnes, Harald \u00d8stberg Amundsen, Martin L\u00f8wstr\u00f8m Nyenget, Oskar Opstad Vike, Kristine Stav\u00e5s Skistad, Heidi Weng, Mathilde Myhrvold (skadet).<\/p>\n<p class=\"_paragraph_o9xde_4 _paragraph_xtcu6_10 layout-component text-serif-m layout-normal text-serif-m layout-padded\">I tillegg uteblir privatl\u00f8perne Emil Iversen og Astrid \u00d8yre Slind. Begge har v\u00e6rt tydelig p\u00e5 at de kj\u00f8rer et opplegg i OL-opptakten. Iversen h\u00e5per fortsatt p\u00e5 \u00e5 bli en del av den norske troppen og dro i helgen til h\u00f8yden i Italia sammen med Kl\u00e6bo.<\/p>\n","protected":false},"excerpt":{"rendered":"Langrennsveteranen Petter Northug (40) forteller NRK at han blir \u00e5 se i NM i Steinkjer. Petter Northug, her&hellip;\n","protected":false},"author":2,"featured_media":135445,"comment_status":"","ping_status":"","sticky":false,"template":"","format":"standard","meta":{"footnotes":""},"categories":[5],"tags":[20,21,24,25,15,19,22,23,17,18,13,30,28,29,14,16,26,27],"class_list":{"0":"post-135444","1":"post","2":"type-post","3":"status-publish","4":"format-standard","5":"has-post-thumbnail","7":"category-overskrifter","8":"tag-breaking-news","9":"tag-breakingnews","10":"tag-featured-news","11":"tag-featurednews","12":"tag-headlines","13":"tag-hovedoppslag","14":"tag-latest-news","15":"tag-latestnews","16":"tag-main-news","17":"tag-mainnews","18":"tag-news","19":"tag-no","20":"tag-norge","21":"tag-norway","22":"tag-nyheter","23":"tag-overskrifter","24":"tag-top-stories","25":"tag-topstories"},"share_on_mastodon":{"url":"https:\/\/pubeurope.com\/@no\/115882017603620327","error":""},"_links":{"self":[{"href":"https:\/\/www.europesays.com\/no\/wp-json\/wp\/v2\/posts\/135444","targetHints":{"allow":["GET"]}}],"collection":[{"href":"https:\/\/www.europesays.com\/no\/wp-json\/wp\/v2\/posts"}],"about":[{"href":"https:\/\/www.europesays.com\/no\/wp-json\/wp\/v2\/types\/post"}],"author":[{"embeddable":true,"href":"https:\/\/www.europesays.com\/no\/wp-json\/wp\/v2\/users\/2"}],"replies":[{"embeddable":true,"href":"https:\/\/www.europesays.com\/no\/wp-json\/wp\/v2\/comments?post=135444"}],"version-history":[{"count":0,"href":"https:\/\/www.europesays.com\/no\/wp-json\/wp\/v2\/posts\/135444\/revisions"}],"wp:featuredmedia":[{"embeddable":true,"href":"https:\/\/www.europesays.com\/no\/wp-json\/wp\/v2\/media\/135445"}],"wp:attachment":[{"href":"https:\/\/www.europesays.com\/no\/wp-json\/wp\/v2\/media?parent=135444"}],"wp:term":[{"taxonomy":"category","embeddable":true,"href":"https:\/\/www.europesays.com\/no\/wp-json\/wp\/v2\/categories?post=135444"},{"taxonomy":"post_tag","embeddable":true,"href":"https:\/\/www.europesays.com\/no\/wp-json\/wp\/v2\/tags?post=135444"}],"curies":[{"name":"wp","href":"https:\/\/api.w.org\/{rel}","templated":true}]}}