{"id":135446,"date":"2026-01-12T12:05:17","date_gmt":"2026-01-12T12:05:17","guid":{"rendered":"https:\/\/www.europesays.com\/no\/135446\/"},"modified":"2026-01-12T12:05:17","modified_gmt":"2026-01-12T12:05:17","slug":"ulykke-trafikk-skolebuss-i-grofta-pa-e10-svaert-mye-vind","status":"publish","type":"post","link":"https:\/\/www.europesays.com\/no\/135446\/","title":{"rendered":"Ulykke, Trafikk | Skolebuss i gr\u00f8fta p\u00e5 E10: \u2013 Sv\u00e6rt mye vind"},"content":{"rendered":"\n<p>N\u00f8detatene rykket ut til en bussulykke p\u00e5 E10 ved B\u00f8osen i Flakstad mandag morgen.<\/p>\n<p>\u2013 Det skal v\u00e6re snakk om en skolebuss med ungdommer i. Det er ukjent skadeomfang p\u00e5 sj\u00e5f\u00f8r og passasjerer, opplyste Nordland politidistrikt klokken 08.00.<\/p>\n<p>Rundt ti minutter senere var n\u00f8detatene p\u00e5 stedet.<\/p>\n<p>\u2013 Brannvesenet har startet med \u00e5 evakuere ut passasjerer og sj\u00e5f\u00f8r. Skal v\u00e6re snakk om 6\u20137 ungdommer og sj\u00e5f\u00f8r, hvor noen fremst\u00e5r som lettere skadd. Ulykken fremst\u00e5r ikke som alvorlig, melder politiet.<\/p>\n<p>Klokken 08.19 opplyste politiet at seks personer var involvert i ulykken.<\/p>\n<p>\u2013 Helsepersonell er p\u00e5 stedet og f\u00e5r oversikt over skadeomfanget. Ingen skal v\u00e6re alvorlig skadet. Bussen st\u00e5r delvis i gr\u00f8fta og p\u00e5 alle fire hjul. Det er sv\u00e6rt mye vind i omr\u00e5det.<\/p>\n<p>Politiet meldte f\u00f8rst at alle seks ble sendt til sykehus, men det riktige er at \u00e9n person ble sendt til sykehus.<\/p>\n<p>\u2013 Helsepersonell unders\u00f8ker de andre passasjerene.<\/p>\n<p>Det skal v\u00e6re sv\u00e6rt glatt p\u00e5 stedet i tillegg til sterke vindkast if\u00f8lge politiet.<\/p>\n<p>\u2013 Det fremst\u00e5r som at vinden kan ha for\u00e5rsaket at bussen ble presset ut i gr\u00f8fta. En person blir forel\u00f8pig sendt til sykehus for videre unders\u00f8kelser etter oppdatering fra helsepersonell p\u00e5 stedet. Politiet dirigerer trafikken forbi ulykkesstedet.<\/p>\n","protected":false},"excerpt":{"rendered":"N\u00f8detatene rykket ut til en bussulykke p\u00e5 E10 ved B\u00f8osen i Flakstad mandag morgen. \u2013 Det skal v\u00e6re&hellip;\n","protected":false},"author":2,"featured_media":135447,"comment_status":"","ping_status":"","sticky":false,"template":"","format":"standard","meta":{"footnotes":""},"categories":[10],"tags":[36,20,21,2100,24,25,15,22,23,13,30,28,29,14,16,1510,26,27,224,51],"class_list":{"0":"post-135446","1":"post","2":"type-post","3":"status-publish","4":"format-standard","5":"has-post-thumbnail","7":"category-norge","8":"tag-art","9":"tag-breaking-news","10":"tag-breakingnews","11":"tag-e10","12":"tag-featured-news","13":"tag-featurednews","14":"tag-headlines","15":"tag-latest-news","16":"tag-latestnews","17":"tag-news","18":"tag-no","19":"tag-norge","20":"tag-norway","21":"tag-nyheter","22":"tag-overskrifter","23":"tag-story","24":"tag-top-stories","25":"tag-topstories","26":"tag-trafikk","27":"tag-ulykke"},"share_on_mastodon":{"url":"https:\/\/pubeurope.com\/@no\/115882041251892490","error":""},"_links":{"self":[{"href":"https:\/\/www.europesays.com\/no\/wp-json\/wp\/v2\/posts\/135446","targetHints":{"allow":["GET"]}}],"collection":[{"href":"https:\/\/www.europesays.com\/no\/wp-json\/wp\/v2\/posts"}],"about":[{"href":"https:\/\/www.europesays.com\/no\/wp-json\/wp\/v2\/types\/post"}],"author":[{"embeddable":true,"href":"https:\/\/www.europesays.com\/no\/wp-json\/wp\/v2\/users\/2"}],"replies":[{"embeddable":true,"href":"https:\/\/www.europesays.com\/no\/wp-json\/wp\/v2\/comments?post=135446"}],"version-history":[{"count":0,"href":"https:\/\/www.europesays.com\/no\/wp-json\/wp\/v2\/posts\/135446\/revisions"}],"wp:featuredmedia":[{"embeddable":true,"href":"https:\/\/www.europesays.com\/no\/wp-json\/wp\/v2\/media\/135447"}],"wp:attachment":[{"href":"https:\/\/www.europesays.com\/no\/wp-json\/wp\/v2\/media?parent=135446"}],"wp:term":[{"taxonomy":"category","embeddable":true,"href":"https:\/\/www.europesays.com\/no\/wp-json\/wp\/v2\/categories?post=135446"},{"taxonomy":"post_tag","embeddable":true,"href":"https:\/\/www.europesays.com\/no\/wp-json\/wp\/v2\/tags?post=135446"}],"curies":[{"name":"wp","href":"https:\/\/api.w.org\/{rel}","templated":true}]}}