{"id":135448,"date":"2026-01-12T12:06:08","date_gmt":"2026-01-12T12:06:08","guid":{"rendered":"https:\/\/www.europesays.com\/no\/135448\/"},"modified":"2026-01-12T12:06:08","modified_gmt":"2026-01-12T12:06:08","slug":"sendt-til-sykehus-etter-fall-fra-lift-nrk-sorlandet-lokale-nyheter-tv-og-radio","status":"publish","type":"post","link":"https:\/\/www.europesays.com\/no\/135448\/","title":{"rendered":"Sendt til sykehus etter fall fra lift \u2013 NRK S\u00f8rlandet \u2013 Lokale nyheter, TV og radio"},"content":{"rendered":"<p><strong>\u2013 Det fremst\u00e5r som en alvorlig ulykke og personen var bevisstl\u00f8s da han ble brakt til sykehuset, sier operasjonsleder Linn Andresen til NRK.<\/strong><\/p>\n<p>Klokka 09.30 fikk politiet melding om en arbeidsulykke ved Rise i Arendal kommun<strong>e. <\/strong><\/p>\n<p>Til sykehus<\/p>\n<p>En mann hadde falt ut av en lift som hadde sklidd og veltet.<\/p>\n<p>Mannen ble brakt med ambulanse til akuttmottaket ved sykehuset i Arendal.<\/p>\n<p><img decoding=\"async\"   src=\"data:image\/gif;base64,R0lGODlhAQABAIAAAAAAAP\/\/\/yH5BAEAAAAALAAAAAABAAEAAAIBRAA7\" loading=\"eager\" alt=\"En politibil foran den liften som skled.\" title=\"Foto: Elisabeth Altenborg\"\/><\/p>\n<p class=\"\">Politiet er p\u00e5 stedet, og krimteknikere er p\u00e5 vei.<\/p>\n<p>Foto: Elisabeth Altenborg<\/p>\n<p>Arbeidstilsynet er rutinemessig varslet om hendelsen.<\/p>\n<p>Andresen opplyste til NRK litt f\u00f8r kl. 11.30 at politiets krimteknikere var p\u00e5 stedet, for \u00e5 unders\u00f8ke ulykken n\u00e6rmere.<\/p>\n<p>Fall p\u00e5 flere meter<\/p>\n<p>Til <a href=\"https:\/\/www.agderposten.no\/nyheter\/n\/xr3rd8\/siste-arbeidsulykke-i-arendal\" ec-id=\"https:\/\/www.agderposten.no\/nyheter\/n\/xr3rd8\/siste-arbeidsulykke-i-arendal\" ec-name=\"Agderposten\" rel=\"nofollow noopener\" target=\"_blank\">Agderposten<\/a> sier innsatsleder Glenn Sollid at arbeideren skal ha falt fra flere meters h\u00f8yde.<\/p>\n<p>\u2013 Skadeomfanget er uklart. Politiet har snakket med vitner og de som har v\u00e6rt p\u00e5 stedet, sier Sollid til NRKs frilanser som har v\u00e6rt p\u00e5 stedet.<\/p>\n<p><img decoding=\"async\"   src=\"data:image\/gif;base64,R0lGODlhAQABAIAAAAAAAP\/\/\/yH5BAEAAAAALAAAAAABAAEAAAIBRAA7\" loading=\"eager\" alt=\"En politibetjent ved et ulykkessted.\" title=\"Foto: Elisabeth Altenborg\"\/><\/p>\n<p class=\"\">Glenn Sollid er innsatsleder hos politiet. Politiet har snakket med vitner p\u00e5 stedet.<\/p>\n<p>Foto: Elisabeth Altenborg<\/p>\n<p>Til Agderposten sier de ansvarlige p\u00e5 byggeplassen at de h\u00e5per det g\u00e5r bra med den skadede.<\/p>\n<p>Utleid lift<\/p>\n<p>Liften tilh\u00f8rer selskapet J.T. Liftutleie AS, og var utleid da ulykken skjedde.<\/p>\n<p>\u2013 Vi vet veldig lite. Men jeg kan i grunnen ikke si noe mer, for det er uvisst hvordan det har g\u00e5tt med personen, sier daglig leder i liftselskapet, Inge Johnsen.<\/p>\n<p>\u2013 \u00c5rskontroll av liften er gjort, s\u00e5 det skal ikke ha v\u00e6rt noe galt med liften, sier Johnsen.<\/p>\n<p>Han \u00f8nsker ikke p\u00e5 n\u00e5v\u00e6rende tidspunkt \u00e5 si noe om hvem som har leid liften.<\/p>\n<p>Publisert<\/p>\n<p>12.01.2026, kl. 10.40<\/p>\n<p>Oppdatert<\/p>\n<p>12.01.2026, kl. 12.55<\/p>\n","protected":false},"excerpt":{"rendered":"\u2013 Det fremst\u00e5r som en alvorlig ulykke og personen var bevisstl\u00f8s da han ble brakt til sykehuset, sier&hellip;\n","protected":false},"author":2,"featured_media":135449,"comment_status":"","ping_status":"","sticky":false,"template":"","format":"standard","meta":{"footnotes":""},"categories":[5],"tags":[20,21,24,25,15,19,22,23,17,18,13,30,28,29,14,16,26,27],"class_list":{"0":"post-135448","1":"post","2":"type-post","3":"status-publish","4":"format-standard","5":"has-post-thumbnail","7":"category-overskrifter","8":"tag-breaking-news","9":"tag-breakingnews","10":"tag-featured-news","11":"tag-featurednews","12":"tag-headlines","13":"tag-hovedoppslag","14":"tag-latest-news","15":"tag-latestnews","16":"tag-main-news","17":"tag-mainnews","18":"tag-news","19":"tag-no","20":"tag-norge","21":"tag-norway","22":"tag-nyheter","23":"tag-overskrifter","24":"tag-top-stories","25":"tag-topstories"},"share_on_mastodon":{"url":"https:\/\/pubeurope.com\/@no\/115882045107832187","error":""},"_links":{"self":[{"href":"https:\/\/www.europesays.com\/no\/wp-json\/wp\/v2\/posts\/135448","targetHints":{"allow":["GET"]}}],"collection":[{"href":"https:\/\/www.europesays.com\/no\/wp-json\/wp\/v2\/posts"}],"about":[{"href":"https:\/\/www.europesays.com\/no\/wp-json\/wp\/v2\/types\/post"}],"author":[{"embeddable":true,"href":"https:\/\/www.europesays.com\/no\/wp-json\/wp\/v2\/users\/2"}],"replies":[{"embeddable":true,"href":"https:\/\/www.europesays.com\/no\/wp-json\/wp\/v2\/comments?post=135448"}],"version-history":[{"count":0,"href":"https:\/\/www.europesays.com\/no\/wp-json\/wp\/v2\/posts\/135448\/revisions"}],"wp:featuredmedia":[{"embeddable":true,"href":"https:\/\/www.europesays.com\/no\/wp-json\/wp\/v2\/media\/135449"}],"wp:attachment":[{"href":"https:\/\/www.europesays.com\/no\/wp-json\/wp\/v2\/media?parent=135448"}],"wp:term":[{"taxonomy":"category","embeddable":true,"href":"https:\/\/www.europesays.com\/no\/wp-json\/wp\/v2\/categories?post=135448"},{"taxonomy":"post_tag","embeddable":true,"href":"https:\/\/www.europesays.com\/no\/wp-json\/wp\/v2\/tags?post=135448"}],"curies":[{"name":"wp","href":"https:\/\/api.w.org\/{rel}","templated":true}]}}