{"id":135450,"date":"2026-01-12T12:12:17","date_gmt":"2026-01-12T12:12:17","guid":{"rendered":"https:\/\/www.europesays.com\/no\/135450\/"},"modified":"2026-01-12T12:12:17","modified_gmt":"2026-01-12T12:12:17","slug":"takelegging-av-aktiviteten-rundt-operahuset","status":"publish","type":"post","link":"https:\/\/www.europesays.com\/no\/135450\/","title":{"rendered":"\u00abT\u00e5kelegging av aktiviteten rundt Operahuset\u00bb"},"content":{"rendered":"<p data-testid=\"textWithMarkup-text\" data-v-81d7dc2b=\"\" data-v-62d58f52=\"\">Med utgangspunktet i den \u00f8konomiske situasjonen Stad kommune er i og p\u00e5g\u00e5ande innsparingsprosessar, har underteikna, fleire gonger, fors\u00f8kt \u00e5 f\u00e5 ut informasjon rundt drifta av Operahuset. Hittil utan \u00e5 ha lukkast.<\/p>\n<p data-testid=\"textWithMarkup-text\" data-v-81d7dc2b=\"\" data-v-62d58f52=\"\">Eg er ingen kulturmotstandar, tvert imot. Har bak meg eit par ti-\u00e5r med frivillig kulturarbeid i Selje, og ser verdien av det aktiviteten i Operahuset tilf\u00f8rer distriktet, s\u00e6rleg i n\u00e6rmilj\u00f8et rundt Eid. Men til kva pris, og kven betalar gildet?<\/p>\n<p data-testid=\"textWithMarkup-text\" data-v-81d7dc2b=\"\" data-v-62d58f52=\"\">Rettferd og openheit er drivkrafta for mitt engasjement i denne saka, og m\u00e5let er at det kan skapast betre tillit mellom kommuneleiing, politikarar og innbyggjarane i den krevjande omstruktureringsprosessen som g\u00e5r. Det trengst! \u00c5 bli kalla operahatar og kulturmotstandar syner niv\u00e5et p\u00e5 ordskiftet som g\u00e5r i det opne rom. Det understrekar og kvifor det er n\u00f8dvendig med full offentlegheit rundt dei reelle kostnadane med drift av Operahuset.<\/p>\n<p data-testid=\"textWithMarkup-text\" data-v-81d7dc2b=\"\" data-v-62d58f52=\"\">N\u00e5r kultursjefen, med utgangspunkt i bes\u00f8kstala for 2025, no er ute og fortel om enno eit vellukka \u00e5r for Operahuset, er det n\u00e6rliggjande \u00e5 be om at den reelle \u00f8konomiske stoda til denne institusjonen pr. 31.12.25 vert lagt fram. Dette med utgangspunkt i tidlegare stilte sp\u00f8rsm\u00e5l som enno ikkje er gjort greie for:<\/p>\n<p data-testid=\"textWithMarkup-text\" data-v-81d7dc2b=\"\" data-v-62d58f52=\"\">Kor mykje Stad kommune direkte og indirekte har st\u00f8tta aktivitetar rundt Operahuset og Stiftinga Operahuset pr. \u00e5r i perioden 2019 \u2013 2024 fordelt p\u00e5:<\/p>\n<p data-testid=\"textWithMarkup-text\" data-v-81d7dc2b=\"\" data-v-62d58f52=\"\">\u2013 Direkte investeringa.<\/p>\n<p data-testid=\"textWithMarkup-text\" data-v-81d7dc2b=\"\" data-v-62d58f52=\"\">\u2013 Direkte driftstilskott.<\/p>\n<p data-testid=\"textWithMarkup-text\" data-v-81d7dc2b=\"\" data-v-62d58f52=\"\">\u2013 Indirekte bidrag som:<\/p>\n<ul data-testid=\"ul\" data-v-81d7dc2b=\"\" data-v-b2d275fa=\"\">\n<li data-testid=\"ul-list-item\" data-v-b2d275fa=\"\">\n<p data-testid=\"textWithMarkup-text\" data-v-b2d275fa=\"\" data-v-62d58f52=\"\">Administrasjon.<\/p>\n<\/li>\n<li data-testid=\"ul-list-item\" data-v-b2d275fa=\"\">\n<p data-testid=\"textWithMarkup-text\" data-v-b2d275fa=\"\" data-v-62d58f52=\"\">Vedlikehald.<\/p>\n<\/li>\n<li data-testid=\"ul-list-item\" data-v-b2d275fa=\"\">\n<p data-testid=\"textWithMarkup-text\" data-v-b2d275fa=\"\" data-v-62d58f52=\"\">Reinhold.<\/p>\n<\/li>\n<li data-testid=\"ul-list-item\" data-v-b2d275fa=\"\">\n<p data-testid=\"textWithMarkup-text\" data-v-b2d275fa=\"\" data-v-62d58f52=\"\">Str\u00f8m\/oppvarming mm.<\/p>\n<\/li>\n<li data-testid=\"ul-list-item\" data-v-b2d275fa=\"\">\n<p data-testid=\"textWithMarkup-text\" data-v-b2d275fa=\"\" data-v-62d58f52=\"\">St\u00f8tte til arrangement.<\/p>\n<\/li>\n<\/ul>\n<p data-testid=\"textWithMarkup-text\" data-v-81d7dc2b=\"\" data-v-62d58f52=\"\">\u2013 Skjult subsidiering som:<\/p>\n<ul data-testid=\"ul\" data-v-81d7dc2b=\"\" data-v-b2d275fa=\"\">\n<li data-testid=\"ul-list-item\" data-v-b2d275fa=\"\">\n<p data-testid=\"textWithMarkup-text\" data-v-b2d275fa=\"\" data-v-62d58f52=\"\">Kommunale leigeforhold i bygget med opplysning om kva aktivitet, kvifor, kostnader og alternative l\u00f8ysinga.<\/p>\n<\/li>\n<li data-testid=\"ul-list-item\" data-v-b2d275fa=\"\">\n<p data-testid=\"textWithMarkup-text\" data-v-b2d275fa=\"\" data-v-62d58f52=\"\">Arbeid utf\u00f8rt av kommunalt l\u00f8nna personell til drift og arrangement.<\/p>\n<\/li>\n<\/ul>\n<p data-testid=\"textWithMarkup-text\" data-v-81d7dc2b=\"\" data-v-62d58f52=\"\">\u2013 Investeringa og oppgraderinga i bygg og anlegg betalt av Stad kommune.<\/p>\n<p data-testid=\"textWithMarkup-text\" data-v-81d7dc2b=\"\" data-v-62d58f52=\"\">Med utgangspunkt i dette, er det og \u00f8nskjeleg at den eigentlege \u00f8konomien til den omtala aktiviteten i 2025 vert opplyst. Kva er reelle billettinntekter, driftskostnadar og eventuell inntektsfordeling mellom deltakande partar? Ei liknande oversikt for dei 64 arrangement utan billettsal er og \u00f8nskjeleg.<\/p>\n<p data-testid=\"textWithMarkup-text\" data-v-81d7dc2b=\"\" data-v-62d58f52=\"\">Dessutan, det vil og v\u00e6re sv\u00e6rt interessant \u00e5 f\u00e5 opplyst kva postadressa til alle dei n\u00e6rmare 18 tusen bes\u00f8kjande i 2025 er.<\/p>\n<p data-testid=\"textWithMarkup-text\" data-v-81d7dc2b=\"\" data-v-62d58f52=\"\">Kultursjefen er og ute i Fjordabladet med informasjon om innsparingsprosessen som har r\u00e5ka kulturavdelinga i Stad. Opplysningane som kom fram var vanskeleg \u00e5 forst\u00e5. Difor er det ynskjeleg med avklaring p\u00e5 ogs\u00e5 fylgjande sp\u00f8rsm\u00e5l:<\/p>\n<ul data-testid=\"ul\" data-v-81d7dc2b=\"\" data-v-b2d275fa=\"\">\n<li data-testid=\"ul-list-item\" data-v-b2d275fa=\"\">\n<p data-testid=\"textWithMarkup-text\" data-v-b2d275fa=\"\" data-v-62d58f52=\"\">Kor stort er det totale kulturbudsjettet, og kva g\u00e5r pengane til?<\/p>\n<\/li>\n<li data-testid=\"ul-list-item\" data-v-b2d275fa=\"\">\n<p data-testid=\"textWithMarkup-text\" data-v-b2d275fa=\"\" data-v-62d58f52=\"\">Kor store innsparingar innan kultursektoren er tekne\/vil finne stad, fordelt p\u00e5 Selje og Eid?<\/p>\n<\/li>\n<li data-testid=\"ul-list-item\" data-v-b2d275fa=\"\">\n<p data-testid=\"textWithMarkup-text\" data-v-b2d275fa=\"\" data-v-62d58f52=\"\">I Selje er 1,4 stillingar allereie borte. Kor mange \u00e5rsverk er kultursektoren p\u00e5 Eid redusert med?<\/p>\n<\/li>\n<li data-testid=\"ul-list-item\" data-v-b2d275fa=\"\">\n<p data-testid=\"textWithMarkup-text\" data-v-b2d275fa=\"\" data-v-62d58f52=\"\">Kor store kostnader utgjer det redusert teknisk vedlikehaldet i Operahuset, og kva vil det bety for etterslep og ekstra framtidige kostnadar?<\/p>\n<\/li>\n<li data-testid=\"ul-list-item\" data-v-b2d275fa=\"\">\n<p data-testid=\"textWithMarkup-text\" data-v-b2d275fa=\"\" data-v-62d58f52=\"\">Kor stort bel\u00f8p, og kvar vert pengane som kjem fr\u00e5 Riksantikvaren gjennom Vestland fylkeskommune til opprusting av Selja kloster og helgenanlegg brukte?<\/p>\n<\/li>\n<\/ul>\n<p data-testid=\"textWithMarkup-text\" data-v-81d7dc2b=\"\" data-v-62d58f52=\"\">Forventar at kultursjefen gjev gode forklaringar p\u00e5 sp\u00f8rsm\u00e5la som er stilte over, d\u00e5 det er mange som vil vite.<\/p>\n","protected":false},"excerpt":{"rendered":"Med utgangspunktet i den \u00f8konomiske situasjonen Stad kommune er i og p\u00e5g\u00e5ande innsparingsprosessar, har underteikna, fleire gonger, fors\u00f8kt&hellip;\n","protected":false},"author":2,"featured_media":135451,"comment_status":"","ping_status":"","sticky":false,"template":"","format":"standard","meta":{"footnotes":""},"categories":[10],"tags":[20,21,24,25,15,22,23,13,30,28,29,14,16,26,27],"class_list":{"0":"post-135450","1":"post","2":"type-post","3":"status-publish","4":"format-standard","5":"has-post-thumbnail","7":"category-norge","8":"tag-breaking-news","9":"tag-breakingnews","10":"tag-featured-news","11":"tag-featurednews","12":"tag-headlines","13":"tag-latest-news","14":"tag-latestnews","15":"tag-news","16":"tag-no","17":"tag-norge","18":"tag-norway","19":"tag-nyheter","20":"tag-overskrifter","21":"tag-top-stories","22":"tag-topstories"},"share_on_mastodon":{"url":"https:\/\/pubeurope.com\/@no\/115882069317867030","error":""},"_links":{"self":[{"href":"https:\/\/www.europesays.com\/no\/wp-json\/wp\/v2\/posts\/135450","targetHints":{"allow":["GET"]}}],"collection":[{"href":"https:\/\/www.europesays.com\/no\/wp-json\/wp\/v2\/posts"}],"about":[{"href":"https:\/\/www.europesays.com\/no\/wp-json\/wp\/v2\/types\/post"}],"author":[{"embeddable":true,"href":"https:\/\/www.europesays.com\/no\/wp-json\/wp\/v2\/users\/2"}],"replies":[{"embeddable":true,"href":"https:\/\/www.europesays.com\/no\/wp-json\/wp\/v2\/comments?post=135450"}],"version-history":[{"count":0,"href":"https:\/\/www.europesays.com\/no\/wp-json\/wp\/v2\/posts\/135450\/revisions"}],"wp:featuredmedia":[{"embeddable":true,"href":"https:\/\/www.europesays.com\/no\/wp-json\/wp\/v2\/media\/135451"}],"wp:attachment":[{"href":"https:\/\/www.europesays.com\/no\/wp-json\/wp\/v2\/media?parent=135450"}],"wp:term":[{"taxonomy":"category","embeddable":true,"href":"https:\/\/www.europesays.com\/no\/wp-json\/wp\/v2\/categories?post=135450"},{"taxonomy":"post_tag","embeddable":true,"href":"https:\/\/www.europesays.com\/no\/wp-json\/wp\/v2\/tags?post=135450"}],"curies":[{"name":"wp","href":"https:\/\/api.w.org\/{rel}","templated":true}]}}