{"id":135454,"date":"2026-01-12T12:19:10","date_gmt":"2026-01-12T12:19:10","guid":{"rendered":"https:\/\/www.europesays.com\/no\/135454\/"},"modified":"2026-01-12T12:19:10","modified_gmt":"2026-01-12T12:19:10","slug":"trafikk-seljestad-kolonne-over-seljestad","status":"publish","type":"post","link":"https:\/\/www.europesays.com\/no\/135454\/","title":{"rendered":"Trafikk, Seljestad | Kolonne over Seljestad"},"content":{"rendered":"\n<p><b>TRAFIKK:<\/b> Like f\u00f8r klokken 10 melder Vegtrafikksentralen at de har stengt veistrekningen mellom Korlevoll og H\u00e5radalen p\u00e5 E 134. <\/p>\n<p>Uv\u00e6ret skaper s\u00e5pass store problemer at det skal innf\u00f8res kolonnekj\u00f8ring p\u00e5 strekket. Kolonnekj\u00f8ringen ble innf\u00f8rt fra klokken 11.30. <\/p>\n<p><b>\u2013 Det er vind og sikt som er problemet. Da jeg kj\u00f8rte opp her tidligere, var det noen voldsomme vindkast. Noen plasser er det helt bart, mens andre steder er det store sn\u00f8skavler, sier Cato Hernes i Straums\u00f8y Maskin. <\/b><\/p>\n<p>De har ansvaret for br\u00f8yting av hyttefelt og parkeringsplasser, og er ikke direkte involvert i stengingen av veien. <\/p>\n<p><b>\u2013 Det er noen heftige vindkast i dag, og sikkert verre lenger oppover enn her jeg sitter, sier Hernes, som befinner seg p\u00e5 vestsiden like f\u00f8r veien stenges ved Korlevoll. <\/b><\/p>\n<p>For\u00f8vrig er det allerede kolonnekj\u00f8ring p\u00e5 E 134 over Haukelifjell. <\/p>\n","protected":false},"excerpt":{"rendered":"TRAFIKK: Like f\u00f8r klokken 10 melder Vegtrafikksentralen at de har stengt veistrekningen mellom Korlevoll og H\u00e5radalen p\u00e5 E&hellip;\n","protected":false},"author":2,"featured_media":135455,"comment_status":"","ping_status":"","sticky":false,"template":"","format":"standard","meta":{"footnotes":""},"categories":[10],"tags":[36,20,21,11602,24,25,15,22,23,13,30,28,29,14,16,15559,1510,26,27,224],"class_list":{"0":"post-135454","1":"post","2":"type-post","3":"status-publish","4":"format-standard","5":"has-post-thumbnail","7":"category-norge","8":"tag-art","9":"tag-breaking-news","10":"tag-breakingnews","11":"tag-e-134","12":"tag-featured-news","13":"tag-featurednews","14":"tag-headlines","15":"tag-latest-news","16":"tag-latestnews","17":"tag-news","18":"tag-no","19":"tag-norge","20":"tag-norway","21":"tag-nyheter","22":"tag-overskrifter","23":"tag-seljestad","24":"tag-story","25":"tag-top-stories","26":"tag-topstories","27":"tag-trafikk"},"share_on_mastodon":{"url":"https:\/\/pubeurope.com\/@no\/115882096381123475","error":""},"_links":{"self":[{"href":"https:\/\/www.europesays.com\/no\/wp-json\/wp\/v2\/posts\/135454","targetHints":{"allow":["GET"]}}],"collection":[{"href":"https:\/\/www.europesays.com\/no\/wp-json\/wp\/v2\/posts"}],"about":[{"href":"https:\/\/www.europesays.com\/no\/wp-json\/wp\/v2\/types\/post"}],"author":[{"embeddable":true,"href":"https:\/\/www.europesays.com\/no\/wp-json\/wp\/v2\/users\/2"}],"replies":[{"embeddable":true,"href":"https:\/\/www.europesays.com\/no\/wp-json\/wp\/v2\/comments?post=135454"}],"version-history":[{"count":0,"href":"https:\/\/www.europesays.com\/no\/wp-json\/wp\/v2\/posts\/135454\/revisions"}],"wp:featuredmedia":[{"embeddable":true,"href":"https:\/\/www.europesays.com\/no\/wp-json\/wp\/v2\/media\/135455"}],"wp:attachment":[{"href":"https:\/\/www.europesays.com\/no\/wp-json\/wp\/v2\/media?parent=135454"}],"wp:term":[{"taxonomy":"category","embeddable":true,"href":"https:\/\/www.europesays.com\/no\/wp-json\/wp\/v2\/categories?post=135454"},{"taxonomy":"post_tag","embeddable":true,"href":"https:\/\/www.europesays.com\/no\/wp-json\/wp\/v2\/tags?post=135454"}],"curies":[{"name":"wp","href":"https:\/\/api.w.org\/{rel}","templated":true}]}}