{"id":135456,"date":"2026-01-12T12:20:24","date_gmt":"2026-01-12T12:20:24","guid":{"rendered":"https:\/\/www.europesays.com\/no\/135456\/"},"modified":"2026-01-12T12:20:24","modified_gmt":"2026-01-12T12:20:24","slug":"stjerner-med-politiske-budskap-pa-den-rode-loperen","status":"publish","type":"post","link":"https:\/\/www.europesays.com\/no\/135456\/","title":{"rendered":"Stjerner med politiske budskap p\u00e5 den r\u00f8de l\u00f8peren"},"content":{"rendered":"<p class=\"kicker \" style=\"\">Golden Globe 2026<\/p>\n<p>    P\u00e5 \u00e5rets Golden Globe-utdeling dukket flere stjerner opp med politisk beskjed p\u00e5 antrekket.<\/p>\n<p>\n    BUDSKAP: Mark Ruffalo sammen med kona Sunrise Coigney Foto: Michael Tran \/ AFP\n  <\/p>\n<p>\u00c5rets utdeling kom midt i en turbulent tid for b\u00e5de USA og film- og tv-industrien. Derfor stilte\u00a0<a href=\"https:\/\/apnews.com\/article\/2026-golden-globes-1538032b1bb06383484b15c3c4b9c16f\" style=\"font-size: 18px; font-weight: 400; font-family: Roboto, helvetica, arial, sans-serif;\" rel=\"nofollow noopener\" target=\"_blank\">nyhetsbyr\u00e5et AP<\/a> seg f\u00f8lgende sp\u00f8rsm\u00e5l i\u00a0starten av sin forh\u00e5ndsartikkel.<\/p>\n<p>&#8211; Er noen egentlig klare til \u00e5 feste i \u00e5r?\u00a0<\/p>\n<p>    <a itemprop=\"url\" href=\"https:\/\/www.seher.no\/kjendis\/kunne-ha-odelagt-alt\/84084070\" rel=\"nofollow noopener\" target=\"_blank\"><\/p>\n<p>        <img loading=\"lazy\" decoding=\"async\" src=\"https:\/\/www.europesays.com\/no\/wp-content\/uploads\/2026\/01\/84083948.webp.webp\" width=\"980\" height=\"441\" title=\"Kunne ha \u00f8delagt \u00abalt\u00bb\" alt=\"\" class=\"lazyload\" style=\"--aspect-ratio-image: 2.22; \"\/><\/p>\n<p>        Kunne ha \u00f8delagt \u00abalt\u00bb<\/p>\n<p>    <\/a><\/p>\n<p>Byr\u00e5et rapporterte at politisk spenning og usikkerhet i hele bransjen hadde preget stemningen inn mot s\u00f8ndagens 83. utgave av utdelingen.\u00a0<\/p>\n<p>&#8211; Hollywood kommer fra et skuffende kino\u00e5r og venter n\u00e5 spent p\u00e5 skjebnen til et av sine mest tradisjonsrike studioer, Warner Bros, het det i artikkelen.<\/p>\n<p>I tillegg kom utdelingen i kj\u00f8lvannet av\u00a0ICE-skytingen i Minneapolis, en hendelse som har utl\u00f8st store protester og skapt sterke reaksjoner i USA. <\/p>\n<p>        NULL PRIVATLIV: Kai Trump r\u00f8per hvordan livet hennes blir p\u00e5virket av \u00e5 v\u00e6re barnebarnet til president Donald Trump. Video: YouTube\/ @impaulsive\/ Tiktok\/ @thekaitrumpgolfer\/ R\u00f8d L\u00f8per<\/p>\n<p>St\u00f8tte etter ICE-skytingen\t<\/p>\n<p>\u00c5rets programleder Nikki Glaser \u00e5pnet med \u00e5 hinte til nettopp den turbulente situasjonen i verden.\u00a0<\/p>\n<p>&#8211; Ja, Golden Globe-utdelingen er uten tvil det viktigste som skjer i verden akkurat n\u00e5 \u2013 s\u00e5 la oss komme i gang, \u00e5pnet Glaser ironisk.<\/p>\n<p>        <img loading=\"lazy\" decoding=\"async\" src=\"https:\/\/www.europesays.com\/no\/wp-content\/uploads\/2026\/01\/84085174.webp.webp\" width=\"667\" height=\"541\" title=\"PROGRAMLEDER: Komiker Nikki Glaser er tilbake som prorgramleder. Foto: Richard Shotwell\/Invision\/AP\/NTB\" alt=\"\" class=\"\" style=\"--aspect-ratio-image: 1.23; \"\/><\/p>\n<p>\n        PROGRAMLEDER: Komiker Nikki Glaser er tilbake som prorgramleder. Foto: Richard Shotwell\/Invision\/AP\/NTB\n    <\/p>\n<p>Hun vitset ogs\u00e5 om b\u00e5de justisdepartementets h\u00e5ndtering av Epstein-filene og CBS, kanalen som sender utdelingen.<\/p>\n<p> P\u00e5 den r\u00f8de l\u00f8peren i Hollywood var det en rekke skuespillere som dukket opp med pins som hadde p\u00e5skriften\u00a0\u00abBe Good\u00bb. En referanse til, Renee Good, som ble drept i ICE-skytingen i Minneapolis.\u00a0<\/p>\n<p>En av dem var skuespiller Mark Ruffalo.<\/p>\n<p>        <img loading=\"lazy\" decoding=\"async\" src=\"https:\/\/www.europesays.com\/no\/wp-content\/uploads\/2026\/01\/84085182.webp.webp\" width=\"980\" height=\"559\" title=\"BESKJEDEN: Mark Ruffalo og en rekke andre kjendiser hadde denne beskjeden p\u00e5 antrekkene sine. Foto: Jordan Strauss\/Invision\/AP\" alt=\"\" class=\"\" style=\"--aspect-ratio-image: 1.75; \"\/><\/p>\n<p>\n        BESKJEDEN: Mark Ruffalo og en rekke andre kjendiser hadde denne beskjeden p\u00e5 antrekkene sine. Foto: Jordan Strauss\/Invision\/AP\n    <\/p>\n<p>Ogs\u00e5 komiker Wanda Sykes hadde en slik pin. Til Variety forklarer hun valget:<\/p>\n<p>&#8211; Dette er for moren som ble drept av ICE-agenten. Vi m\u00e5 si ifra og stanse en regjering som er ute av kontroll. Det de gj\u00f8r mot folk er forferdelig, sier Sykes til nettstedet.<\/p>\n<p>        <img loading=\"lazy\" decoding=\"async\" src=\"https:\/\/www.europesays.com\/no\/wp-content\/uploads\/2026\/01\/84085180.webp.webp\" width=\"667\" height=\"507\" title=\"\u00abBE GOOD\u00bb: Natasha Lyonne sammen med Clea DuVall. Foto: Michael Tran \/ AFP\" alt=\"\" class=\"\" style=\"--aspect-ratio-image: 1.32; \"\/><\/p>\n<p>\n        \u00abBE GOOD\u00bb: Natasha Lyonne sammen med Clea DuVall. Foto: Michael Tran \/ AFP\n    <\/p>\n<p>&#8211; Et vendepunkt\t<\/p>\n<p>Jean Smart, som vant prisen for beste kvinnelige hovedrolle i en dramaserie, hadde ogs\u00e5 den samme beskjeden p\u00e5 kjolen. Under takketalen ga hun ogs\u00e5 utrykk for hva hun mente.<\/p>\n<p>&#8211; Det er mye som kunne v\u00e6rt sagt i kveld. Jeg tok utbl\u00e5sningen min p\u00e5 den r\u00f8de l\u00f8peren, s\u00e5 jeg gj\u00f8r det ikke her. Men takk. La oss alle gj\u00f8re det rette. Jeg tror alle innerst inne vet hva det riktige er \u00e5 gj\u00f8re, s\u00e5 la oss gj\u00f8re det rette.<\/p>\n<p>        <img loading=\"lazy\" decoding=\"async\" src=\"https:\/\/www.europesays.com\/no\/wp-content\/uploads\/2026\/01\/84085235.webp.webp\" width=\"667\" height=\"541\" title=\"PIN OG PRIS: Jean Smart kunne juble for prisen beste kvinnelige hovedrolle i en dramaserie. Foto: Mario Anzuoni \/ Reuters \/ NTB\" alt=\"\" class=\"\" style=\"--aspect-ratio-image: 1.23; \"\/><\/p>\n<p>\n        PIN OG PRIS: Jean Smart kunne juble for prisen beste kvinnelige hovedrolle i en dramaserie. Foto: Mario Anzuoni \/ Reuters \/ NTB\n    <\/p>\n<p>P\u00e5 den r\u00f8de l\u00f8peren sa hun f\u00f8lgende til Entertainment Weekly:<\/p>\n<p>&#8211; Jeg f\u00f8ler at vi p\u00e5 en m\u00e5te st\u00e5r ved et vendepunkt i dette landet. Jeg h\u00e5per folk klarer \u00e5 bevare fatningen, for det er faktisk det vanskeligste, tror jeg \u2013 \u00e5 holde hodet kaldt. Det kommer til \u00e5 kreve mye mot og omtanke, men jeg tror det er viktig, sa Smart.<\/p>\n<p>    \u00c5rets vinnere:<\/p>\n<ul>\n<li>\n<p>Beste kvinnelige birolle i en kinofilm: Teyana Taylor, \u00abOne Battle After Another\u00bb<\/p>\n<\/li>\n<li>\n<p>Beste mannlige birolle i en kinofilm: Stellan Skarsg\u00e5rd, \u00abAffeksjonsverdi\u00bb<\/p>\n<\/li>\n<li>\n<p>Beste mannlige hovedrolle i en dramaserie: Noah Wyle, \u00abThe Pitt\u00bb<\/p>\n<\/li>\n<li>\n<p>Beste kvinnelige hovedrolle i en dramaserie: Jean Smart, \u00abHacks\u00bb<\/p>\n<\/li>\n<li>\n<p>Beste mannlige birolle i en TV-serie: Owen Cooper, \u00abAdolescence\u00bb<\/p>\n<\/li>\n<li>\n<p>Beste mannlige hovedrolle i en musikal- eller komiserie: Seth Rogen, \u00abThe Studio\u00bb<\/p>\n<\/li>\n<li>\n<p class=\"lab-bodytext-line\">Beste podkast: \u00abGood Hang with Amy Poehler\u00bb<\/p>\n<\/li>\n<li>\n<p class=\"lab-bodytext-line\">Beste originale filmmusikk: Golden fra \u00abKPop Demon Hunters\u00bb<\/p>\n<\/li>\n<li>\n<p class=\"lab-bodytext-line\">Beste manus \u2013 kinofilm: Paul Thomas Anderson, \u00abOne Battle After Another\u00bb<\/p>\n<\/li>\n<li>\n<p class=\"lab-bodytext-line\">Beste kvinnelige hovedrolle i musikal- eller komediefilm: Rose Byrne, \u00abIf I Had Legs I\u2019d Kick You\u00bb<\/p>\n<\/li>\n<li>\n<p class=\"lab-bodytext-line\">Beste mannlige hovedrolle i musikal- eller komediefilm: Timoth\u00e9e Chalamet, \u00abMarty Supreme\u00bb<\/p>\n<\/li>\n<li>\n<p class=\"lab-bodytext-line\">Beste mannlige hovedrolle i en miniserie, antologiserie eller TV-film: Stephen Graham, \u00abAdolescence\u00bb<\/p>\n<\/li>\n<li>\n<p class=\"lab-bodytext-line\">Beste kvinnelige hovedrolle i en miniserie, antologiserie eller TV-film: Michelle Williams, \u00abDying for Sex\u00bb<\/p>\n<\/li>\n<li>\n<p class=\"lab-bodytext-line\">Beste film\/kinoprestasjon: \u00abSinners\u00bb<\/p>\n<\/li>\n<li>\n<p class=\"lab-bodytext-line\">Beste regi \u2013 kinofilm: Paul Thomas Anderson, \u00abOne Battle After Another\u00bb<\/p>\n<\/li>\n<li>\n<p class=\"lab-bodytext-line\">Beste animasjonsfilm: \u00abKPop Demon Hunters\u00bb<\/p>\n<\/li>\n<li>\n<p class=\"lab-bodytext-line\">Beste kvinnelige birolle i en TV-serie: Erin Doherty, \u00abAdolescence\u00bb<\/p>\n<\/li>\n<li>\n<p class=\"lab-bodytext-line\">Beste standup-opptreden p\u00e5 TV: Ricky Gervais<\/p>\n<\/li>\n<li>\n<p class=\"lab-bodytext-line\">Beste kvinnelige hovedrolle i en dramaserie: Rhea Seehorn, \u00abPluribus\u00bb<\/p>\n<\/li>\n<li>\n<p class=\"lab-bodytext-line\">Beste dramaserie: \u00abThe Pitt\u00bb<\/p>\n<\/li>\n<li data-lab-font_weight=\"\" class=\"\">\n<p class=\"lab-bodytext-line\">Beste miniserie, antologiserie eller TV-film: \u00abAdolescence\u00bb<\/p>\n<\/li>\n<li data-lab-font_weight=\"\" class=\"\">\n<p class=\"lab-bodytext-line\">Beste TV-serie \u2013 musikal eller komedie:\u00a0\u00abThe Studio\u00bb<\/p>\n<\/li>\n<li data-lab-font_weight=\"\" class=\"\">\n<p class=\"lab-bodytext-line\">Beste kvinnelige hovedrolle i en dramafilm:\u00a0Jessie Buckley, \u00abHamnet\u00bb<\/p>\n<\/li>\n<li data-lab-font_weight=\"\" class=\"\">\n<p class=\"lab-bodytext-line\">Beste mannlige hovedrolle i en dramafilm:\u00a0Wagner Moura, \u00abThe Secret Agent\u00bb<\/p>\n<\/li>\n<li data-lab-font_weight=\"\" class=\"\">\n<p class=\"lab-bodytext-line\">Beste musikal- eller komediefilm: \u00abOne Battle After Another\u00bb<\/p>\n<\/li>\n<li data-lab-font_weight=\"\" class=\"\">\n<p class=\"lab-bodytext-line\">Beste dramafilm: \u00abHamnet\u00bb<\/p>\n<\/li>\n<\/ul>\n<p>      Vis mer<br \/>\n      Vis mindre<\/p>\n","protected":false},"excerpt":{"rendered":"Golden Globe 2026 P\u00e5 \u00e5rets Golden Globe-utdeling dukket flere stjerner opp med politisk beskjed p\u00e5 antrekket. BUDSKAP: Mark&hellip;\n","protected":false},"author":2,"featured_media":135457,"comment_status":"","ping_status":"","sticky":false,"template":"","format":"standard","meta":{"footnotes":""},"categories":[5],"tags":[15560,20,21,24,25,15422,15,19,479,22,23,17,18,15530,13,30,28,29,14,16,26,27],"class_list":{"0":"post-135456","1":"post","2":"type-post","3":"status-publish","4":"format-standard","5":"has-post-thumbnail","7":"category-overskrifter","8":"tag-be-good","9":"tag-breaking-news","10":"tag-breakingnews","11":"tag-featured-news","12":"tag-featurednews","13":"tag-golden-globe","14":"tag-headlines","15":"tag-hovedoppslag","16":"tag-kjendis","17":"tag-latest-news","18":"tag-latestnews","19":"tag-main-news","20":"tag-mainnews","21":"tag-mark-ruffalo","22":"tag-news","23":"tag-no","24":"tag-norge","25":"tag-norway","26":"tag-nyheter","27":"tag-overskrifter","28":"tag-top-stories","29":"tag-topstories"},"share_on_mastodon":{"url":"https:\/\/pubeurope.com\/@no\/115882100225275898","error":""},"_links":{"self":[{"href":"https:\/\/www.europesays.com\/no\/wp-json\/wp\/v2\/posts\/135456","targetHints":{"allow":["GET"]}}],"collection":[{"href":"https:\/\/www.europesays.com\/no\/wp-json\/wp\/v2\/posts"}],"about":[{"href":"https:\/\/www.europesays.com\/no\/wp-json\/wp\/v2\/types\/post"}],"author":[{"embeddable":true,"href":"https:\/\/www.europesays.com\/no\/wp-json\/wp\/v2\/users\/2"}],"replies":[{"embeddable":true,"href":"https:\/\/www.europesays.com\/no\/wp-json\/wp\/v2\/comments?post=135456"}],"version-history":[{"count":0,"href":"https:\/\/www.europesays.com\/no\/wp-json\/wp\/v2\/posts\/135456\/revisions"}],"wp:featuredmedia":[{"embeddable":true,"href":"https:\/\/www.europesays.com\/no\/wp-json\/wp\/v2\/media\/135457"}],"wp:attachment":[{"href":"https:\/\/www.europesays.com\/no\/wp-json\/wp\/v2\/media?parent=135456"}],"wp:term":[{"taxonomy":"category","embeddable":true,"href":"https:\/\/www.europesays.com\/no\/wp-json\/wp\/v2\/categories?post=135456"},{"taxonomy":"post_tag","embeddable":true,"href":"https:\/\/www.europesays.com\/no\/wp-json\/wp\/v2\/tags?post=135456"}],"curies":[{"name":"wp","href":"https:\/\/api.w.org\/{rel}","templated":true}]}}