{"id":13546,"date":"2025-08-20T19:31:10","date_gmt":"2025-08-20T19:31:10","guid":{"rendered":"https:\/\/www.europesays.com\/no\/13546\/"},"modified":"2025-08-20T19:31:10","modified_gmt":"2025-08-20T19:31:10","slug":"nederlandsk-prinsesse-utsatt-for-deepfake-angrep","status":"publish","type":"post","link":"https:\/\/www.europesays.com\/no\/13546\/","title":{"rendered":"Nederlandsk prinsesse utsatt for deepfake-angrep"},"content":{"rendered":"\n<p class=\"_lead_1bvmi_2 _lead_xtcu6_50 layout-component text-serif-m layout-normal text-serif-l layout-component layout-wide layout-padded _wide_17hqh_1 layout-padded\">Politiet jakter p\u00e5 de som laget de falske videoene.<\/p>\n<p><img alt=\"Prinsesse Catharina-Amalia (21) Nederland er tronarving og landets neste dronning.  Foto: REMKO DE WAAL \/ EPA \/ NTB\" class=\"_image_qp4xg_65 layout-component layout-wide\" data-fullscreen- data-track-element-type=\"Article image fullscreen\" data-track-name=\"ImageFullscreen\" fetchpriority=\"high\" decoding=\"sync\" loading=\"eager\" height=\"3108\" itemprop=\"image\"  src=\"https:\/\/www.europesays.com\/no\/wp-content\/uploads\/2025\/08\/cf00ae20-faa4-478f-a412-c590ea8c4ac0\"  style=\"object-position:0% 0%\" width=\"4250\"\/>Prinsesse Catharina-Amalia (21) Nederland er tronarving og landets neste dronning.  Foto: REMKO DE WAAL \/ EPA \/ NTB<\/p>\n<ul aria-hidden=\"true\" class=\"_images_1y6fe_106\">\n<li><a class=\"_link_1y6fe_111\" href=\"https:\/\/www.vg.no\/forfatter\/ingrid-storeboe\" style=\"z-index:1\" title=\"Ingrid Storeb\u00f8\" rel=\"nofollow noopener\" target=\"_blank\"><img alt=\"Bilde av Ingrid Storeb\u00f8\" class=\"_image_1y6fe_88\" fetchpriority=\"low\" loading=\"lazy\" decoding=\"async\" itemprop=\"image\"  src=\"https:\/\/www.europesays.com\/no\/wp-content\/uploads\/2025\/08\/1755718269_384_b3fc896d-536d-4041-8257-79b6b2cd3323\"  width=\"480\"\/><\/a><\/li>\n<\/ul>\n<p> Oppdatert onsdag 20. august kl. 20:57     <\/p>\n<p class=\"_paragraph_1bvmi_4 _paragraph_xtcu6_10 layout-component text-serif-m layout-normal text-serif-m layout-padded\">Prinsesse Catharina-Amalia av Nederland har blitt offer for et grovt deepfakedeepfakeEn teknologi som bruker kunstig intelligens for \u00e5 lage manipulerte videoer eller bilder der en persons ansikt eller stemme blir erstattet med en annens.-angrep.<\/p>\n<p class=\"_paragraph_1bvmi_4 _paragraph_xtcu6_10 layout-component text-serif-m layout-normal text-serif-m layout-padded\">Den 21 \u00e5r gamle kronprinsessen, som er arving til den nederlandske tronen, har blitt misbrukt i manipulerte pornografiske videoer laget med kunstig intelligens.<\/p>\n<p><img alt=\"I sommer brakk prinsessen armen etter en rideulykke.   Foto: REMKO DE WAAL \/ EPA \/ NTB\" class=\"_image_qp4xg_65 layout-component layout-normal\" data-fullscreen- data-track-element-type=\"Article image fullscreen\" data-track-name=\"ImageFullscreen\" decoding=\"async\" loading=\"lazy\" height=\"3218\" itemprop=\"image\"  src=\"https:\/\/www.europesays.com\/no\/wp-content\/uploads\/2025\/08\/4aa1e34e-c991-4d12-b772-f5c47d5fe145\"  style=\"object-position:0% 0%\" width=\"4250\"\/>I sommer brakk prinsessen armen etter en rideulykke.   Foto: REMKO DE WAAL \/ EPA \/ NTB<\/p>\n<p class=\"_paragraph_1bvmi_4 _paragraph_xtcu6_10 layout-component text-serif-m layout-normal text-serif-m layout-padded\">Nederlandske myndigheter og FBI har samarbeidet om \u00e5 stenge nettsider som MrDeepFakes, som hadde spredt videoene av prinsessen og 70 andre nederlandske kvinner, melder <a href=\"https:\/\/www.dailymail.co.uk\/femail\/article-15004169\/Princess-Catharina-Amalia-Netherlands-victim-deepfake-attack.html\" class=\"_link_1bvmi_39\" rel=\"nofollow noopener\" target=\"_blank\">Daily Mail<\/a>.<\/p>\n<p><img alt=\"Foto: Peter Dejong \/ AP \/ NTB\" class=\"_image_qp4xg_65 layout-component layout-normal\" data-fullscreen- data-track-element-type=\"Article image fullscreen\" data-track-name=\"ImageFullscreen\" decoding=\"async\" loading=\"lazy\" height=\"5471\" itemprop=\"image\"  src=\"https:\/\/www.europesays.com\/no\/wp-content\/uploads\/2025\/08\/6e0d0c17-05e4-4a84-83a7-e2cfea8a0572\"  style=\"object-position:0% 0%\" width=\"8207\"\/>Foto: Peter Dejong \/ AP \/ NTB<\/p>\n<p class=\"_paragraph_1bvmi_4 _paragraph_xtcu6_10 layout-component text-serif-m layout-normal text-serif-m layout-padded\">Ved hjelp av AI-teknologi ble prinsessens ansikt limt inn p\u00e5 kroppene til skuespillere i intime videoer. <\/p>\n<p class=\"_paragraph_1bvmi_4 _paragraph_xtcu6_10 layout-component text-serif-m layout-normal text-serif-m layout-padded\">Et stort antall nederlendere skal angivelig ha sett filmene med kronprinsessen i \u00abhovedrollen\u00bb.<\/p>\n<p class=\"_paragraph_1bvmi_4 _paragraph_xtcu6_10 layout-component text-serif-m layout-normal text-serif-m layout-padded\">FBI-etterforskning og tiltak fra nederlandske myndigheter har f\u00f8rt til at slike videoer n\u00e5 skal v\u00e6re fjernet.<\/p>\n<p class=\"_paragraph_1bvmi_4 _paragraph_xtcu6_10 layout-component text-serif-m layout-normal text-serif-m layout-padded\">I Nederland er det straffbart \u00e5 lage slike videoer, med straff p\u00e5 opptil ett \u00e5rs fengsel. Videre distribusjon kan gi to \u00e5rs fengsel.<\/p>\n<p class=\"_paragraph_1bvmi_4 _paragraph_xtcu6_10 layout-component text-serif-m layout-normal text-serif-m layout-padded\">Flere nederlandske kjendiser har anmeldt forholdet, men ingen er s\u00e5 langt arrestert.<\/p>\n<p><img alt=\"Foran f.v. prinsesse Estelle fra Sverige, prinsesse Ingrid Alexandra og prins Charles fra Luxembourg. Bak st\u00e5r prinsesse Catharina-Amalie t.v. fra Nederland og prinsesse Elisabeth fra Belgia. Tronarvinger samlet p\u00e5 slottet f\u00f8r markeringen av at prinsesse Ingrid Alexandras 18-\u00e5rsdag. Prinsesse Ingrid Alexandra fylte 18 \u00e5r 21. januar 2022.  Foto: Lise \u00c5serud \/ NTB\" class=\"_image_qp4xg_65 layout-component layout-normal\" data-fullscreen- data-track-element-type=\"Article image fullscreen\" data-track-name=\"ImageFullscreen\" decoding=\"async\" loading=\"lazy\" height=\"3436\" itemprop=\"image\"  src=\"https:\/\/www.europesays.com\/no\/wp-content\/uploads\/2025\/08\/96befe67-f910-47d9-bf36-b637622a85d6\"  style=\"object-position:0% 0%\" width=\"5154\"\/>Foran f.v. prinsesse Estelle fra Sverige, prinsesse Ingrid Alexandra og prins Charles fra Luxembourg. Bak st\u00e5r prinsesse Catharina-Amalie t.v. fra Nederland og prinsesse Elisabeth fra Belgia. Tronarvinger samlet p\u00e5 slottet f\u00f8r markeringen av at prinsesse Ingrid Alexandras 18-\u00e5rsdag. Prinsesse Ingrid Alexandra fylte 18 \u00e5r 21. januar 2022.  Foto: Lise \u00c5serud \/ NTB<\/p>\n<p class=\"_paragraph_1bvmi_4 _paragraph_xtcu6_10 layout-component text-serif-m layout-normal text-serif-m layout-padded\">Dette er ikke f\u00f8rste gang prinsessen rammes av slike angrep. Allerede i 2022 gikk det rykter om at hun var blitt utsatt for lignende manipulasjoner, if\u00f8lge <a href=\"https:\/\/www.seher.no\/kongelig\/dukket-opp-i-intime-videoer\/83456396\" class=\"_link_1bvmi_39\" rel=\"nofollow noopener\" target=\"_blank\">Se og H\u00f8r<\/a>.<\/p>\n<p class=\"_paragraph_1bvmi_4 _paragraph_xtcu6_10 layout-component text-serif-m layout-normal text-serif-m layout-padded\">H\u00f8sten 2022 begynte tronarvingen \u00e5 studere statsvitenskap, psykologi, jus og \u00f8konomi (PPLE) ved Universitetet i <a href=\"https:\/\/www.vg.no\/tag\/amsterdam?utm_source=vg-article&amp;utm_medium=auto-tagger&amp;utm_campaign=zAmWkw\" class=\"_link_1bvmi_39\" rel=\"nofollow noopener\" target=\"_blank\">Amsterdam<\/a>. Det kommer ogs\u00e5 frem at skrev Catharina-Amalia sin bacheloroppgave om nettopp deepfake-problematikk ved Universitetet i Amsterdam.<\/p>\n<p class=\"_paragraph_1bvmi_4 _paragraph_xtcu6_10 layout-component text-serif-m layout-normal text-serif-m layout-padded\">I sin avhandling unders\u00f8kte prinsesse Amalia spenningen mellom europeiske grunnleggende rettigheter og KI-lovgivning.<\/p>\n<p class=\"_paragraph_1bvmi_4 _paragraph_xtcu6_10 layout-component text-serif-m layout-normal text-serif-m layout-padded\">Prinsessen har tidligere m\u00e5ttet flytte fra Amsterdam til Spania p\u00e5 grunn av trusler fra kriminelle gjenger. Hun studerte derfor i Madrid.<\/p>\n<p><img alt=\"Nederlands kong Willem-Alexander, dronning M\u00e1xima og prinsesse Catharina-Amalia hilser p\u00e5 USAs president Donald Trump i forkant av en middag, i forbindelse med NATO-toppm\u00f8tet, p\u00e5 Huis ten Bosch-palasset i Haag, Nederland, 24. juni 2025.  Foto: MISCHA SCHOEMAKER \/ Reuters \/ NTB\" class=\"_image_qp4xg_65 layout-component layout-normal\" data-fullscreen- data-track-element-type=\"Article image fullscreen\" data-track-name=\"ImageFullscreen\" decoding=\"async\" loading=\"lazy\" height=\"3934\" itemprop=\"image\"  src=\"https:\/\/www.europesays.com\/no\/wp-content\/uploads\/2025\/08\/69e3b43e-8e68-4cd0-a73e-74b83d28c4fc\"  style=\"object-position:0% 0%\" width=\"5500\"\/>Nederlands kong Willem-Alexander, dronning M\u00e1xima og prinsesse Catharina-Amalia hilser p\u00e5 USAs president Donald Trump i forkant av en middag, i forbindelse med NATO-toppm\u00f8tet, p\u00e5 Huis ten Bosch-palasset i Haag, Nederland, 24. juni 2025.  Foto: MISCHA SCHOEMAKER \/ Reuters \/ NTB<\/p>\n<p class=\"_paragraph_1bvmi_4 _paragraph_xtcu6_10 layout-component text-serif-m layout-normal text-serif-m layout-padded\">Den nederlandske tronarvingen fortsetter \u00e5 satse p\u00e5 jus \u2013 et felt som ogs\u00e5 i fremtiden vil v\u00e6re en viktig del av hennes offisielle rolle. Etter planen starter hun p\u00e5 en bachelorgrad i nederlandsk jus.<\/p>\n<p class=\"_paragraph_1bvmi_4 _paragraph_xtcu6_10 layout-component text-serif-m layout-normal text-serif-m layout-padded\">Samtidig skal hun delta i Forsvarsh\u00f8yskolens oppl\u00e6ringsprogram i Amsterdam, et to\u00e5rig traineeprogram i regi av det nederlandske forsvarsdepartementet. Programmet utdanner studenter til \u00e5 bli milit\u00e6re reservister.<\/p>\n<p class=\"_paragraph_1bvmi_4 _paragraph_xtcu6_10 layout-component text-serif-m layout-normal text-serif-m layout-padded\"><strong class=\"_strong_1bvmi_25\">Deepfake har v\u00e6rt brukt i porno ogs\u00e5 tidligere. Se video:<\/strong><\/p>\n","protected":false},"excerpt":{"rendered":"Politiet jakter p\u00e5 de som laget de falske videoene. Prinsesse Catharina-Amalia (21) Nederland er tronarving og landets neste&hellip;\n","protected":false},"author":2,"featured_media":13547,"comment_status":"","ping_status":"","sticky":false,"template":"","format":"standard","meta":{"footnotes":""},"categories":[12],"tags":[2639,20,21,24,25,15,22,23,2640,13,30,28,29,14,16,2641,26,27,42,46,43,44,45],"class_list":{"0":"post-13546","1":"post","2":"type-post","3":"status-publish","4":"format-standard","5":"has-post-thumbnail","7":"category-verden","8":"tag-amsterdam","9":"tag-breaking-news","10":"tag-breakingnews","11":"tag-featured-news","12":"tag-featurednews","13":"tag-headlines","14":"tag-latest-news","15":"tag-latestnews","16":"tag-luxembourg","17":"tag-news","18":"tag-no","19":"tag-norge","20":"tag-norway","21":"tag-nyheter","22":"tag-overskrifter","23":"tag-prinsesser","24":"tag-top-stories","25":"tag-topstories","26":"tag-verden","27":"tag-vgai","28":"tag-world","29":"tag-world-news","30":"tag-worldnews"},"share_on_mastodon":{"url":"","error":""},"_links":{"self":[{"href":"https:\/\/www.europesays.com\/no\/wp-json\/wp\/v2\/posts\/13546","targetHints":{"allow":["GET"]}}],"collection":[{"href":"https:\/\/www.europesays.com\/no\/wp-json\/wp\/v2\/posts"}],"about":[{"href":"https:\/\/www.europesays.com\/no\/wp-json\/wp\/v2\/types\/post"}],"author":[{"embeddable":true,"href":"https:\/\/www.europesays.com\/no\/wp-json\/wp\/v2\/users\/2"}],"replies":[{"embeddable":true,"href":"https:\/\/www.europesays.com\/no\/wp-json\/wp\/v2\/comments?post=13546"}],"version-history":[{"count":0,"href":"https:\/\/www.europesays.com\/no\/wp-json\/wp\/v2\/posts\/13546\/revisions"}],"wp:featuredmedia":[{"embeddable":true,"href":"https:\/\/www.europesays.com\/no\/wp-json\/wp\/v2\/media\/13547"}],"wp:attachment":[{"href":"https:\/\/www.europesays.com\/no\/wp-json\/wp\/v2\/media?parent=13546"}],"wp:term":[{"taxonomy":"category","embeddable":true,"href":"https:\/\/www.europesays.com\/no\/wp-json\/wp\/v2\/categories?post=13546"},{"taxonomy":"post_tag","embeddable":true,"href":"https:\/\/www.europesays.com\/no\/wp-json\/wp\/v2\/tags?post=13546"}],"curies":[{"name":"wp","href":"https:\/\/api.w.org\/{rel}","templated":true}]}}