{"id":135460,"date":"2026-01-12T12:27:19","date_gmt":"2026-01-12T12:27:19","guid":{"rendered":"https:\/\/www.europesays.com\/no\/135460\/"},"modified":"2026-01-12T12:27:19","modified_gmt":"2026-01-12T12:27:19","slug":"utsolgt-dagbladet","status":"publish","type":"post","link":"https:\/\/www.europesays.com\/no\/135460\/","title":{"rendered":"Utsolgt &#8211; Dagbladet"},"content":{"rendered":"<ol>\n<li><a href=\"https:\/\/news.google.com\/rss\/articles\/CBMiW0FVX3lxTE5WV1hDM19QNkhwdW1kZk15ZkREbFltand0YWltaG53ZTFwQnJ5dW4xUEl2eTZjUmVlWC1GOHFad3h0bW53OG9kUkRZQjZRSzZzVkdGZGVZTmZ3N0E?oc=5\" target=\"_blank\" rel=\"nofollow noopener\">Utsolgt<\/a>&nbsp;&nbsp;Dagbladet<\/li>\n<li><a href=\"https:\/\/news.google.com\/rss\/articles\/CBMioAFBVV95cUxPVTVIZXNGeVVYN0pLNUJuVEdNQjhLeUdwRFZ6TXVKSnNpbGxPMGVaRURLdGlqajV6Qjk3ZDRQWGF3RjNyRTdOck40UmowYy0wblMxaXQ1LUJnNjJXa0RMZGJyMUl4ZS1DTThGTWhpTEJSZEV1by1WTm0yT0VUQ0hBVTcyQXNIWFVHOFViYm5ZTEFhcExodXJ1RHR0VFNJcGNQ?oc=5\" target=\"_blank\" rel=\"nofollow noopener\">Vil ha ny EM-fest i Trondheim: &#8211; Vi skal legge tr\u00f8kk p\u00e5 dette<\/a>&nbsp;&nbsp;adressa.no<\/li>\n<li><a href=\"https:\/\/news.google.com\/rss\/articles\/CBMisgFBVV95cUxOd09scXU4OXdiT0RFNlZZSWhfNlBNS1Z4TjJCZXhvZWx3Zjh0MUpoei04YkpBRWRxTk5hV0pESF82U1VnSXB6QTQxY01HbF9ITG91REhzWmJsdzItNzFKNzUtUzJFY0l3OWhfQzJpeDYzN0RES1ZoTDRTWG5ud1FvX1VjMUtMMWo5VTlkMnR2ZTFUaTNQS3V6VmRLSGZvT05vNHZ3SDlGVVZ4c0ZzUWQ0aUtR?oc=5\" target=\"_blank\" rel=\"nofollow noopener\">EM-klare Tobias Gr\u00f8ndahl: \u2013 Endelig en liten revansjemulighet<\/a>&nbsp;&nbsp;Norsk Tipping<\/li>\n<li><a href=\"https:\/\/news.google.com\/rss\/articles\/CBMiZkFVX3lxTFBEQ2hJMVVFX1RLUUFqclIyNGdHZ2ZSY3Nqeld2UmMtY2JlblJJZG5VOVVJUkRnQTZyMlhHV2FZbHRjUHN4Uk1KVG96c0F2eFFjaXVIQWktRVJYQzc3NkFXZk5KYU00QQ?oc=5\" target=\"_blank\" rel=\"nofollow noopener\">Sportsstudio &#8211; H\u00e5ndballguttas EM-kamp mot Frankrike utsolgt<\/a>&nbsp;&nbsp;Stavanger Aftenblad<\/li>\n<li><a href=\"https:\/\/news.google.com\/rss\/articles\/CBMihAFBVV95cUxQdk1FUVhlbC12UXNyanhhYmh2cWpLV0FDUW9oRXpXa25IUXdzc1dmRFlTZFlSdmkyS1RuQzc4S0x0QUNkN1dZcEQ3MjAwQWk0b0tkcEx5eUNQaFRuUlJHZWRhQmhQUWgwYUt3TktFR2JaTDVNckpUOVB2ZWEwYTlzaE82TmU?oc=5\" target=\"_blank\" rel=\"nofollow noopener\">H\u00e5ndball-EM 2026 menn: Program og sendeskjema<\/a>&nbsp;&nbsp;VG<\/li>\n<\/ol>\n","protected":false},"excerpt":{"rendered":"Utsolgt&nbsp;&nbsp;Dagbladet Vil ha ny EM-fest i Trondheim: &#8211; Vi skal legge tr\u00f8kk p\u00e5 dette&nbsp;&nbsp;adressa.no EM-klare Tobias Gr\u00f8ndahl: \u2013&hellip;\n","protected":false},"author":2,"featured_media":135461,"comment_status":"","ping_status":"","sticky":false,"template":"","format":"standard","meta":{"footnotes":""},"categories":[5],"tags":[20,21,556,24,25,105,15,19,22,23,17,18,13,30,28,29,14,16,83,26,27],"class_list":{"0":"post-135460","1":"post","2":"type-post","3":"status-publish","4":"format-standard","5":"has-post-thumbnail","7":"category-overskrifter","8":"tag-breaking-news","9":"tag-breakingnews","10":"tag-em","11":"tag-featured-news","12":"tag-featurednews","13":"tag-handball","14":"tag-headlines","15":"tag-hovedoppslag","16":"tag-latest-news","17":"tag-latestnews","18":"tag-main-news","19":"tag-mainnews","20":"tag-news","21":"tag-no","22":"tag-norge","23":"tag-norway","24":"tag-nyheter","25":"tag-overskrifter","26":"tag-sport","27":"tag-top-stories","28":"tag-topstories"},"share_on_mastodon":{"url":"https:\/\/pubeurope.com\/@no\/115882127703010865","error":""},"_links":{"self":[{"href":"https:\/\/www.europesays.com\/no\/wp-json\/wp\/v2\/posts\/135460","targetHints":{"allow":["GET"]}}],"collection":[{"href":"https:\/\/www.europesays.com\/no\/wp-json\/wp\/v2\/posts"}],"about":[{"href":"https:\/\/www.europesays.com\/no\/wp-json\/wp\/v2\/types\/post"}],"author":[{"embeddable":true,"href":"https:\/\/www.europesays.com\/no\/wp-json\/wp\/v2\/users\/2"}],"replies":[{"embeddable":true,"href":"https:\/\/www.europesays.com\/no\/wp-json\/wp\/v2\/comments?post=135460"}],"version-history":[{"count":0,"href":"https:\/\/www.europesays.com\/no\/wp-json\/wp\/v2\/posts\/135460\/revisions"}],"wp:featuredmedia":[{"embeddable":true,"href":"https:\/\/www.europesays.com\/no\/wp-json\/wp\/v2\/media\/135461"}],"wp:attachment":[{"href":"https:\/\/www.europesays.com\/no\/wp-json\/wp\/v2\/media?parent=135460"}],"wp:term":[{"taxonomy":"category","embeddable":true,"href":"https:\/\/www.europesays.com\/no\/wp-json\/wp\/v2\/categories?post=135460"},{"taxonomy":"post_tag","embeddable":true,"href":"https:\/\/www.europesays.com\/no\/wp-json\/wp\/v2\/tags?post=135460"}],"curies":[{"name":"wp","href":"https:\/\/api.w.org\/{rel}","templated":true}]}}