{"id":135466,"date":"2026-01-12T12:32:09","date_gmt":"2026-01-12T12:32:09","guid":{"rendered":"https:\/\/www.europesays.com\/no\/135466\/"},"modified":"2026-01-12T12:32:09","modified_gmt":"2026-01-12T12:32:09","slug":"ice-ice-agenter-milliardaer-bill-ackman-gir-100-000-kroner-til-ice-skytteren-som-tok-livet-av-renee-nicole-good","status":"publish","type":"post","link":"https:\/\/www.europesays.com\/no\/135466\/","title":{"rendered":"Ice, ICE-agenter | Milliard\u00e6r Bill Ackman gir 100.000 kroner til ICE-skytteren som tok livet av Renee Nicole Good"},"content":{"rendered":"\n<p>Milliard\u00e6ren har gitt en donasjon p\u00e5 10.000 dollar til spleisen GoFundMe, tilsvarende litt over 100.000 kroner.<\/p>\n<p>\u2013 Jeg er en stor tilhenger av v\u00e5rt juridiske prinsipp om at man er uskyldig inntil det motsatte er bevist. I den forbindelse st\u00f8ttet jeg GoFundMe for Jonathan Ross, og hadde tenkt \u00e5 st\u00f8tte gofundme\u2019en for Renee Goods familie p\u00e5 samme m\u00e5te (hennes gofundme var stengt da jeg fors\u00f8kte \u00e5 gi st\u00f8tte), sier Bill Ackman p\u00e5 <a href=\"https:\/\/x.com\/BillAckman\/status\/2010506467452076132?s=20\" rel=\"Follow nofollow\">X<\/a>.<\/p>\n<p>   <img decoding=\"async\" width=\"5000\" height=\"3335\" fetchpriority=\"low\"  loading=\"lazy\"  src=\"https:\/\/www.europesays.com\/no\/wp-content\/uploads\/2026\/01\/NTB_xcyPe_A25VI.jpg\" alt=\"People hold signs as they protest in Los Angeles, California on January 10, 2026 against US Immigration and Customs Enforcement (ICE) after the fatal shooting of Renee Nicole Good in Minneapolis. A US Immigration and Customs Enforcement (ICE) agent shot and killed 37-year-old Renee Nicole Good on the streets of Minneapolis on January 7, leading to huge protests and outrage from local leaders who rejected White House claims she was a domestic terrorist. (Photo by ETIENNE LAURENT \/ AFP)\" class=\"brick-c-cFOWSL\" style=\"--brick-image-ratio: 5000 \/ 3335;\"\/><\/p>\n<p>      DEMONSTRERER: Mange folk i USA har f\u00e5tt nok ICE.<br \/>\n      Foto: Etienne Laurent (AP)\n    <\/p>\n<p>Ross er ICE-agenten som skj\u00f8t Good, og det har satt sinnene i kok i kj\u00f8lvannet av episoden i Minneapolis. <a href=\"https:\/\/www.nettavisen.no\/nyheter\/titusener-i-ice-demonstrasjon-i-minneapolis\/s\/5-95-2818894\" rel=\"Follow nofollow noopener\" target=\"_blank\">Tusenvis har tatt til gatene for \u00e5 sin avsky mot ICE<\/a>, men milliard\u00e6ren Ackman g\u00e5r motsatt vei.<\/p>\n<p>    Vil du se neste video?<\/p>\n<p>    <a href=\"https:\/\/www.nettavisen.no\/nyheter\/pete-hegseth-avbryter-plutselig-marco-rubio-klikker-pa-direkten\/v\/5-95-2813524\" class=\"recommend-poster\" data-adp-clicklabel=\"video-recommend\" data-adp-clickvalue=\"poster\" rel=\"nofollow noopener\" target=\"_blank\"><br \/>\n      <img decoding=\"async\" width=\"200\" height=\"200\" loading=\"lazy\" src=\"https:\/\/www.europesays.com\/no\/wp-content\/uploads\/2026\/01\/Hegseth+til+cue.jpg\" alt=\"\" class=\"brick-c-cFOWSL\" style=\"--brick-image-ratio: 200 \/ 200;\"\/><\/p>\n<p>Avbryter plutselig: Klikker p\u00e5 direkten1:05<\/p>\n<p>    <\/a><\/p>\n<p>        Nye bilder fra ICE-drapet av 37 \u00e5r gamle Renee Nicole Macklin Good vekker sterke reaksjoner.<\/p>\n<p>\u2013 Hele situasjonen er en tragedie. En offiser som gj\u00f8r sitt beste for \u00e5 utf\u00f8re jobben sin, og en demonstrant som sannsynligvis ikke hadde til hensikt \u00e5 drepe offiseren, men hvis handlinger i et \u00f8yeblikk f\u00f8rte til hennes d\u00f8d. Landet v\u00e5rt st\u00e5r sterkere dersom vi arbeider sammen for \u00e5 l\u00f8se de komplekse problemene som river oss fra hverandre, legger han til.<\/p>\n","protected":false},"excerpt":{"rendered":"Milliard\u00e6ren har gitt en donasjon p\u00e5 10.000 dollar til spleisen GoFundMe, tilsvarende litt over 100.000 kroner. \u2013 Jeg&hellip;\n","protected":false},"author":2,"featured_media":135467,"comment_status":"","ping_status":"","sticky":false,"template":"","format":"standard","meta":{"footnotes":""},"categories":[12],"tags":[20,21,24,25,15,22,23,13,30,28,29,14,16,26,27,42,43,44,45],"class_list":{"0":"post-135466","1":"post","2":"type-post","3":"status-publish","4":"format-standard","5":"has-post-thumbnail","7":"category-verden","8":"tag-breaking-news","9":"tag-breakingnews","10":"tag-featured-news","11":"tag-featurednews","12":"tag-headlines","13":"tag-latest-news","14":"tag-latestnews","15":"tag-news","16":"tag-no","17":"tag-norge","18":"tag-norway","19":"tag-nyheter","20":"tag-overskrifter","21":"tag-top-stories","22":"tag-topstories","23":"tag-verden","24":"tag-world","25":"tag-world-news","26":"tag-worldnews"},"share_on_mastodon":{"url":"https:\/\/pubeurope.com\/@no\/115882147447952051","error":""},"_links":{"self":[{"href":"https:\/\/www.europesays.com\/no\/wp-json\/wp\/v2\/posts\/135466","targetHints":{"allow":["GET"]}}],"collection":[{"href":"https:\/\/www.europesays.com\/no\/wp-json\/wp\/v2\/posts"}],"about":[{"href":"https:\/\/www.europesays.com\/no\/wp-json\/wp\/v2\/types\/post"}],"author":[{"embeddable":true,"href":"https:\/\/www.europesays.com\/no\/wp-json\/wp\/v2\/users\/2"}],"replies":[{"embeddable":true,"href":"https:\/\/www.europesays.com\/no\/wp-json\/wp\/v2\/comments?post=135466"}],"version-history":[{"count":0,"href":"https:\/\/www.europesays.com\/no\/wp-json\/wp\/v2\/posts\/135466\/revisions"}],"wp:featuredmedia":[{"embeddable":true,"href":"https:\/\/www.europesays.com\/no\/wp-json\/wp\/v2\/media\/135467"}],"wp:attachment":[{"href":"https:\/\/www.europesays.com\/no\/wp-json\/wp\/v2\/media?parent=135466"}],"wp:term":[{"taxonomy":"category","embeddable":true,"href":"https:\/\/www.europesays.com\/no\/wp-json\/wp\/v2\/categories?post=135466"},{"taxonomy":"post_tag","embeddable":true,"href":"https:\/\/www.europesays.com\/no\/wp-json\/wp\/v2\/tags?post=135466"}],"curies":[{"name":"wp","href":"https:\/\/api.w.org\/{rel}","templated":true}]}}