{"id":135468,"date":"2026-01-12T12:33:10","date_gmt":"2026-01-12T12:33:10","guid":{"rendered":"https:\/\/www.europesays.com\/no\/135468\/"},"modified":"2026-01-12T12:33:10","modified_gmt":"2026-01-12T12:33:10","slug":"sporty-siktet-etter-ulykkene-undersoker-om-de-har-forsomt-vedlikeholdsplikten-moss-avis","status":"publish","type":"post","link":"https:\/\/www.europesays.com\/no\/135468\/","title":{"rendered":"Sporty siktet etter ulykkene: \u2013 Unders\u00f8ker om de har fors\u00f8mt vedlikeholdsplikten &#8211; Moss Avis"},"content":{"rendered":"<ol>\n<li><a href=\"https:\/\/news.google.com\/rss\/articles\/CBMiuAFBVV95cUxNVEdzT1FJZmZPcU16SlR5Y0I1aFdmYlRmdzR6czNCS3d4UnVjc1RiaUtpYm1IcF91S2Z3VnVlNGNRMUpvb3NtM2R2YUZmM3NRZlgtekhhQVV4WnZsSzJtQi1CTUM0V1hzM1pOODhuSm04cmNneGh6SFZZc0Jhd2dRXzlMYVVkQUhkM3pKd3lna3NoOWZyMWFWS1ZRajVSdVhKbkk1a1VoRUxkeS1YMC1XTTEzRXRWN2p4?oc=5\" target=\"_blank\" rel=\"nofollow noopener\">Sporty siktet etter ulykkene: \u2013 Unders\u00f8ker om de har fors\u00f8mt vedlikeholdsplikten<\/a>&nbsp;&nbsp;Moss Avis<\/li>\n<li><a href=\"https:\/\/news.google.com\/rss\/articles\/CBMitAFBVV95cUxNbklTQzFvZFdfMjJ6RDQ3cmVnYmo4QkpneGxpTGJOYmc2OWJsaGw5cWt2aF9kUm1ZVEhCX1BLcFBhWlVSMnU1TkFxWm9MTUtlZG8zLVFPdU5mWjA1OXlNdVc2NENBbmpaZ2ZnY3RYd1BTR1lqMkJ0TV9hRVMwd3UyTXBpYWpzdVVGNU5Db2lxaU11TERMSnZQZFRaQmg1SmlhYWthY3NOdFNRNF9BUWsyZDJPOXI?oc=5\" target=\"_blank\" rel=\"nofollow noopener\">Marie (27) brakk nakken p\u00e5 treningssenter: \u2013 Tenkte at livet mitt er \u00f8delagt<\/a>&nbsp;&nbsp;NRK<\/li>\n<li><a href=\"https:\/\/news.google.com\/rss\/articles\/CBMikAFBVV95cUxQc0NLZ2duV3dFRTV1T1NQaTczMVZiMl9BQWg0Y2FnYkxKWjJKQURPb2hXNjg1d3U4aXhWRjRFM3pYcGFBZHpBUTBXWU9WY1gycThkZ3Nrbll6MHdTWE1OZy1ZZWhELVpaMnRkcjFrbFctMWVuWGQwSUpGLTN4MzV5YUJTQ2FaTUZnaDNRbUZxcHQ?oc=5\" target=\"_blank\" rel=\"nofollow noopener\">Marie (27) brakk nakken: \u2013 Hele min verden raser sammen<\/a>&nbsp;&nbsp;TV2.no<\/li>\n<li><a href=\"https:\/\/news.google.com\/rss\/articles\/CBMilAFBVV95cUxQaHlWMmQtazd1VmQwREhBM3F6UU1DcG01M05ZbmJFQzBWS1Q2bDJyajB1OUEzM29tVGJOeWQ1QWJhZGtVSTJlaXZPWlU1NlFHTnVSM2U1Ylloak5tci1lXzNzTVFPcmp6dHVFUzlYTXhsUlEzLVRlTXJpMGNOX2U3WWV4dlBfeFBrODdZS21jV3MtZnVk?oc=5\" target=\"_blank\" rel=\"nofollow noopener\">Trening, Ulykke | Marie (27) brakk nakken under trenings\u00f8kt: \u2013 Jeg er kjemperedd<\/a>&nbsp;&nbsp;T\u00f8nsbergs Blad<\/li>\n<li><a href=\"https:\/\/news.google.com\/rss\/articles\/CBMiqwFBVV95cUxNUkcxejNPS3g5dWVCZWR3UzVRbmR5RUs1TjNUUVpaSE8xRDVoLXpHQ0dBWFZsRnczcE5INktBRy1oRDV4Q1hZcVhWQ1VWUkpvSHNhM2xzMU41VTlJa1luYmxqclliRXcwSTY4UElFU1VvblNKYmhPTm1hbXFXbU1WU194QzhESzNRSVZyZkV4NlRTUHZNaEgyZE94WnRlZFNLMHE3dzVjZGNvalE?oc=5\" target=\"_blank\" rel=\"nofollow noopener\">Marie (27) er hjemme igjen etter den alvorlige ulykken: \u2013 Jeg skal tilbake!<\/a>&nbsp;&nbsp;Moss Avis<\/li>\n<\/ol>\n","protected":false},"excerpt":{"rendered":"Sporty siktet etter ulykkene: \u2013 Unders\u00f8ker om de har fors\u00f8mt vedlikeholdsplikten&nbsp;&nbsp;Moss Avis Marie (27) brakk nakken p\u00e5 treningssenter:&hellip;\n","protected":false},"author":2,"featured_media":135469,"comment_status":"","ping_status":"","sticky":false,"template":"","format":"standard","meta":{"footnotes":""},"categories":[10],"tags":[20,21,24,25,15,22,23,13,30,28,29,14,16,26,27],"class_list":{"0":"post-135468","1":"post","2":"type-post","3":"status-publish","4":"format-standard","5":"has-post-thumbnail","7":"category-norge","8":"tag-breaking-news","9":"tag-breakingnews","10":"tag-featured-news","11":"tag-featurednews","12":"tag-headlines","13":"tag-latest-news","14":"tag-latestnews","15":"tag-news","16":"tag-no","17":"tag-norge","18":"tag-norway","19":"tag-nyheter","20":"tag-overskrifter","21":"tag-top-stories","22":"tag-topstories"},"share_on_mastodon":{"url":"https:\/\/pubeurope.com\/@no\/115882151278934430","error":""},"_links":{"self":[{"href":"https:\/\/www.europesays.com\/no\/wp-json\/wp\/v2\/posts\/135468","targetHints":{"allow":["GET"]}}],"collection":[{"href":"https:\/\/www.europesays.com\/no\/wp-json\/wp\/v2\/posts"}],"about":[{"href":"https:\/\/www.europesays.com\/no\/wp-json\/wp\/v2\/types\/post"}],"author":[{"embeddable":true,"href":"https:\/\/www.europesays.com\/no\/wp-json\/wp\/v2\/users\/2"}],"replies":[{"embeddable":true,"href":"https:\/\/www.europesays.com\/no\/wp-json\/wp\/v2\/comments?post=135468"}],"version-history":[{"count":0,"href":"https:\/\/www.europesays.com\/no\/wp-json\/wp\/v2\/posts\/135468\/revisions"}],"wp:featuredmedia":[{"embeddable":true,"href":"https:\/\/www.europesays.com\/no\/wp-json\/wp\/v2\/media\/135469"}],"wp:attachment":[{"href":"https:\/\/www.europesays.com\/no\/wp-json\/wp\/v2\/media?parent=135468"}],"wp:term":[{"taxonomy":"category","embeddable":true,"href":"https:\/\/www.europesays.com\/no\/wp-json\/wp\/v2\/categories?post=135468"},{"taxonomy":"post_tag","embeddable":true,"href":"https:\/\/www.europesays.com\/no\/wp-json\/wp\/v2\/tags?post=135468"}],"curies":[{"name":"wp","href":"https:\/\/api.w.org\/{rel}","templated":true}]}}