{"id":135470,"date":"2026-01-12T12:34:08","date_gmt":"2026-01-12T12:34:08","guid":{"rendered":"https:\/\/www.europesays.com\/no\/135470\/"},"modified":"2026-01-12T12:34:08","modified_gmt":"2026-01-12T12:34:08","slug":"helene-sandvig-gjor-comeback","status":"publish","type":"post","link":"https:\/\/www.europesays.com\/no\/135470\/","title":{"rendered":"Helene Sandvig gj\u00f8r comeback"},"content":{"rendered":"<p>Mandag presenterte NRK v\u00e5rens TV-meny, og blant nyhetene finner vi dokumentaren \u00abBarbeint i sn\u00f8en\u00bb.<\/p>\n<p>Serien tar utgangspunkt i en tragisk hendelse i november 2022: En ung norsk kvinne, Lina, g\u00e5r inn p\u00e5 et svensk badehotell, tynnkledd og uten sko.<\/p>\n<p>\u00a0Dagen etter blir hun funnet avkledd og d\u00f8d utenfor et sommerhus i n\u00e6rheten. Drapsetterforskningen starter umiddelbart.<\/p>\n<p>Et halvt \u00e5r senere f\u00e5r programleder Helene Sandvig en telefon fra Linas mor. Hun ber om hjelp til \u00e5 finne svar p\u00e5 hvordan datterens liv kunne ende s\u00e5 fatalt. Lina ble bare 28 \u00e5r.<\/p>\n<p> Helene Sandvig er kjent fra \u00abHelene sjekker inn\u00bb, som ble en stor suksess og ga henne Gullruten for beste kvinnelige programleder i 2018. N\u00e5 gj\u00f8r hun comeback med en serie som lover sterke f\u00f8lelser og ubehagelige sp\u00f8rsm\u00e5l. <\/p>\n<p>Serien har tre episoder og har premiere p\u00e5 NRK mandag 16. mars.<\/p>\n","protected":false},"excerpt":{"rendered":"Mandag presenterte NRK v\u00e5rens TV-meny, og blant nyhetene finner vi dokumentaren \u00abBarbeint i sn\u00f8en\u00bb. Serien tar utgangspunkt i&hellip;\n","protected":false},"author":2,"featured_media":135471,"comment_status":"","ping_status":"","sticky":false,"template":"","format":"standard","meta":{"footnotes":""},"categories":[5],"tags":[20,21,24,25,15,19,22,23,17,18,13,30,28,29,14,16,26,27],"class_list":{"0":"post-135470","1":"post","2":"type-post","3":"status-publish","4":"format-standard","5":"has-post-thumbnail","7":"category-overskrifter","8":"tag-breaking-news","9":"tag-breakingnews","10":"tag-featured-news","11":"tag-featurednews","12":"tag-headlines","13":"tag-hovedoppslag","14":"tag-latest-news","15":"tag-latestnews","16":"tag-main-news","17":"tag-mainnews","18":"tag-news","19":"tag-no","20":"tag-norge","21":"tag-norway","22":"tag-nyheter","23":"tag-overskrifter","24":"tag-top-stories","25":"tag-topstories"},"share_on_mastodon":{"url":"https:\/\/pubeurope.com\/@no\/115882155356352110","error":""},"_links":{"self":[{"href":"https:\/\/www.europesays.com\/no\/wp-json\/wp\/v2\/posts\/135470","targetHints":{"allow":["GET"]}}],"collection":[{"href":"https:\/\/www.europesays.com\/no\/wp-json\/wp\/v2\/posts"}],"about":[{"href":"https:\/\/www.europesays.com\/no\/wp-json\/wp\/v2\/types\/post"}],"author":[{"embeddable":true,"href":"https:\/\/www.europesays.com\/no\/wp-json\/wp\/v2\/users\/2"}],"replies":[{"embeddable":true,"href":"https:\/\/www.europesays.com\/no\/wp-json\/wp\/v2\/comments?post=135470"}],"version-history":[{"count":0,"href":"https:\/\/www.europesays.com\/no\/wp-json\/wp\/v2\/posts\/135470\/revisions"}],"wp:featuredmedia":[{"embeddable":true,"href":"https:\/\/www.europesays.com\/no\/wp-json\/wp\/v2\/media\/135471"}],"wp:attachment":[{"href":"https:\/\/www.europesays.com\/no\/wp-json\/wp\/v2\/media?parent=135470"}],"wp:term":[{"taxonomy":"category","embeddable":true,"href":"https:\/\/www.europesays.com\/no\/wp-json\/wp\/v2\/categories?post=135470"},{"taxonomy":"post_tag","embeddable":true,"href":"https:\/\/www.europesays.com\/no\/wp-json\/wp\/v2\/tags?post=135470"}],"curies":[{"name":"wp","href":"https:\/\/api.w.org\/{rel}","templated":true}]}}