{"id":135476,"date":"2026-01-12T12:41:07","date_gmt":"2026-01-12T12:41:07","guid":{"rendered":"https:\/\/www.europesays.com\/no\/135476\/"},"modified":"2026-01-12T12:41:07","modified_gmt":"2026-01-12T12:41:07","slug":"mads-clemmetsen-tyveri-utlovet-finnerlonn-na-er-snofreseren-funnet","status":"publish","type":"post","link":"https:\/\/www.europesays.com\/no\/135476\/","title":{"rendered":"Mads Clemmetsen, Tyveri | Utlovet finnerl\u00f8nn \u2013 n\u00e5 er sn\u00f8freseren funnet"},"content":{"rendered":"\n<p>I julen ble influenser og TV-personlighet Mads Clemmetsens (30) sn\u00f8freser <a href=\"https:\/\/www.nettavisen.no\/kjendis\/mads-clemmetsen-anmelder-innbrudd-faen-ikke-greit\/s\/5-95-2799984\" rel=\"Follow nofollow noopener\" target=\"_blank\">stj\u00e5let fra hjemmet hans i Telemark. <\/a>Tyvene skal ha tatt med seg over 100.000 kroner i utstyr.<\/p>\n<p><b>Les ogs\u00e5: <a rel=\"Follow nofollow noopener\" href=\"https:\/\/www.nettavisen.no\/kjendis\/mads-clemmetsen-tapte-flere-millioner-pa-oppussingen-alt-er-borte\/s\/5-95-2296616\" target=\"_blank\">Tapte flere millioner p\u00e5 oppussingen: \u2013 Jeg skal aldri ha bes\u00f8k av \u00abLuksusfellen\u00bb<\/a><\/b><\/p>\n<p>Den gang uttalte han at han ville betale en finnerl\u00f8nn p\u00e5 15.000 kroner til den som kunne bidra til \u00e5 f\u00e5 sn\u00f8freseren tilbake.<\/p>\n<p>\u2013 Dette er ganske j\u00e6vlig, og ubehagelig. Men mest gj\u00f8r det meg j\u00e6vla sint. En ting er at det er verdi, men \u00e5 tr\u00e5 opp p\u00e5 andre sin tomt s\u00e5nn, er faen ikke greit. Skal bruke alt jeg har av kontakter og selvf\u00f8lgelig anmelde det, sa han.<\/p>\n<p>N\u00e5 deler Clemmetsen p\u00e5 Instagram at sn\u00f8freseren har kommet til rette.<\/p>\n<p>\u00abTusen takk til alle dere der ute som bidra til at freseren ble funnet, og til alle dere som hadde \u00f8ynene \u00e5pne politiet fikk til slutt inn et \u00abanonymt\u00bb tips om hvor freseren sto\u00bb. <\/p>\n<p>\u00abNoen ting som er \u00f8delagt som m\u00e5 fikses, men n\u00e5 er den p\u00e5 plass i hvert fall\u00bb. <\/p>\n<p>Mads Clemmetsen har forel\u00f8pig ikke besvart Nettavisens henvendelse i forbindelse med denne saken. <\/p>\n","protected":false},"excerpt":{"rendered":"I julen ble influenser og TV-personlighet Mads Clemmetsens (30) sn\u00f8freser stj\u00e5let fra hjemmet hans i Telemark. Tyvene skal&hellip;\n","protected":false},"author":2,"featured_media":135477,"comment_status":"","ping_status":"","sticky":false,"template":"","format":"standard","meta":{"footnotes":""},"categories":[10],"tags":[20,21,24,25,15,22,23,13,30,28,29,14,16,26,27],"class_list":{"0":"post-135476","1":"post","2":"type-post","3":"status-publish","4":"format-standard","5":"has-post-thumbnail","7":"category-norge","8":"tag-breaking-news","9":"tag-breakingnews","10":"tag-featured-news","11":"tag-featurednews","12":"tag-headlines","13":"tag-latest-news","14":"tag-latestnews","15":"tag-news","16":"tag-no","17":"tag-norge","18":"tag-norway","19":"tag-nyheter","20":"tag-overskrifter","21":"tag-top-stories","22":"tag-topstories"},"share_on_mastodon":{"url":"https:\/\/pubeurope.com\/@no\/115882182805886890","error":""},"_links":{"self":[{"href":"https:\/\/www.europesays.com\/no\/wp-json\/wp\/v2\/posts\/135476","targetHints":{"allow":["GET"]}}],"collection":[{"href":"https:\/\/www.europesays.com\/no\/wp-json\/wp\/v2\/posts"}],"about":[{"href":"https:\/\/www.europesays.com\/no\/wp-json\/wp\/v2\/types\/post"}],"author":[{"embeddable":true,"href":"https:\/\/www.europesays.com\/no\/wp-json\/wp\/v2\/users\/2"}],"replies":[{"embeddable":true,"href":"https:\/\/www.europesays.com\/no\/wp-json\/wp\/v2\/comments?post=135476"}],"version-history":[{"count":0,"href":"https:\/\/www.europesays.com\/no\/wp-json\/wp\/v2\/posts\/135476\/revisions"}],"wp:featuredmedia":[{"embeddable":true,"href":"https:\/\/www.europesays.com\/no\/wp-json\/wp\/v2\/media\/135477"}],"wp:attachment":[{"href":"https:\/\/www.europesays.com\/no\/wp-json\/wp\/v2\/media?parent=135476"}],"wp:term":[{"taxonomy":"category","embeddable":true,"href":"https:\/\/www.europesays.com\/no\/wp-json\/wp\/v2\/categories?post=135476"},{"taxonomy":"post_tag","embeddable":true,"href":"https:\/\/www.europesays.com\/no\/wp-json\/wp\/v2\/tags?post=135476"}],"curies":[{"name":"wp","href":"https:\/\/api.w.org\/{rel}","templated":true}]}}