{"id":135478,"date":"2026-01-12T12:42:10","date_gmt":"2026-01-12T12:42:10","guid":{"rendered":"https:\/\/www.europesays.com\/no\/135478\/"},"modified":"2026-01-12T12:42:10","modified_gmt":"2026-01-12T12:42:10","slug":"vaer-trafikk-fra-20-minus-til-plussgrader-det-kan-bli-veldig-glatt","status":"publish","type":"post","link":"https:\/\/www.europesays.com\/no\/135478\/","title":{"rendered":"V\u00e6r, Trafikk | Fra 20 minus til plussgrader: \u2013 Det kan bli veldig glatt"},"content":{"rendered":"\n<p>Etter en kald periode med temperaturer ned mot 20 minusgrader forrige uke, blir det denne uka et v\u00e6romslag. Det gir b\u00e5de sn\u00f8, plussgrader og muligheter for regn.<\/p>\n<p>\u2013 Det blir spennende \u00e5 se hvor langt opp mildv\u00e6ret g\u00e5r, sier vakthavende meteorolog Hanne Beate Skatt\u00f8r til OA.<\/p>\n<p><b>Se v\u00e6rmelding for uka lenger ned i saken.<\/b><\/p>\n<p>Kan bli veldig glatt<\/p>\n<p>Hun opplyser at det mandag og tirsdag vil komme sn\u00f8 i Vestoppland. Tirsdag er det ventet mellom fem og ti centimeter.<\/p>\n<p>Onsdag er det den store nedb\u00f8rsdagen denne uka. Det er if\u00f8lge yr meldt rundt elleve centimeter med sn\u00f8 p\u00e5 Gj\u00f8vik. Minusgradene har kr\u00f8pet oppover, og det vil bli mildt.<\/p>\n<p>\u2013 Utover i uka kan det veksle litt mellom sludd og sn\u00f8, og kanskje noe regn, sier Skatt\u00f8r.<\/p>\n<p>Fra og med onsdag er det meldt opp mot to plussgrader p\u00e5 Gj\u00f8vik p\u00e5 dagtid. Dette varer ut denne uka og utover i neste uke. P\u00e5 sp\u00f8rsm\u00e5l fra OA om plussgradene kan f\u00f8re til at sn\u00f8en blir borte igjen, sier meteorologen at det vil komme for mye sn\u00f8 til at det kan skje.<\/p>\n<p>\u2013 Sn\u00f8en blir tyngre, s\u00e5 er man glad i \u00e5 st\u00e5 p\u00e5 ski eller lage sn\u00f8mann, s\u00e5 kan det hende at det er bedre forhold for det, sier hun.<\/p>\n<p>Med noen plussgrader p\u00e5 dagtid, s\u00e5 vil noe av sn\u00f8en smelte. P\u00e5 nattestid er det fare for at dette kan fryse p\u00e5.<\/p>\n<p>\u2013 Da kan det bli veldig glatt, sier Skatt\u00f8r, som sier det kan v\u00e6re en id\u00e9 \u00e5 ha p\u00e5 brodder om man skal ut p\u00e5 tur.<\/p>\n<p>If\u00f8lge meteorologene vil de mer vinterlige temperaturene komme tilbake neste uke.<\/p>\n","protected":false},"excerpt":{"rendered":"Etter en kald periode med temperaturer ned mot 20 minusgrader forrige uke, blir det denne uka et v\u00e6romslag.&hellip;\n","protected":false},"author":2,"featured_media":135479,"comment_status":"","ping_status":"","sticky":false,"template":"","format":"standard","meta":{"footnotes":""},"categories":[5],"tags":[36,20,21,24,25,15,19,22,23,17,18,13,30,28,29,14,16,15561,6527,1510,26,27,224,553],"class_list":{"0":"post-135478","1":"post","2":"type-post","3":"status-publish","4":"format-standard","5":"has-post-thumbnail","7":"category-overskrifter","8":"tag-art","9":"tag-breaking-news","10":"tag-breakingnews","11":"tag-featured-news","12":"tag-featurednews","13":"tag-headlines","14":"tag-hovedoppslag","15":"tag-latest-news","16":"tag-latestnews","17":"tag-main-news","18":"tag-mainnews","19":"tag-news","20":"tag-no","21":"tag-norge","22":"tag-norway","23":"tag-nyheter","24":"tag-overskrifter","25":"tag-plussgrader","26":"tag-sno","27":"tag-story","28":"tag-top-stories","29":"tag-topstories","30":"tag-trafikk","31":"tag-vaer"},"share_on_mastodon":{"url":"https:\/\/pubeurope.com\/@no\/115882186695472000","error":""},"_links":{"self":[{"href":"https:\/\/www.europesays.com\/no\/wp-json\/wp\/v2\/posts\/135478","targetHints":{"allow":["GET"]}}],"collection":[{"href":"https:\/\/www.europesays.com\/no\/wp-json\/wp\/v2\/posts"}],"about":[{"href":"https:\/\/www.europesays.com\/no\/wp-json\/wp\/v2\/types\/post"}],"author":[{"embeddable":true,"href":"https:\/\/www.europesays.com\/no\/wp-json\/wp\/v2\/users\/2"}],"replies":[{"embeddable":true,"href":"https:\/\/www.europesays.com\/no\/wp-json\/wp\/v2\/comments?post=135478"}],"version-history":[{"count":0,"href":"https:\/\/www.europesays.com\/no\/wp-json\/wp\/v2\/posts\/135478\/revisions"}],"wp:featuredmedia":[{"embeddable":true,"href":"https:\/\/www.europesays.com\/no\/wp-json\/wp\/v2\/media\/135479"}],"wp:attachment":[{"href":"https:\/\/www.europesays.com\/no\/wp-json\/wp\/v2\/media?parent=135478"}],"wp:term":[{"taxonomy":"category","embeddable":true,"href":"https:\/\/www.europesays.com\/no\/wp-json\/wp\/v2\/categories?post=135478"},{"taxonomy":"post_tag","embeddable":true,"href":"https:\/\/www.europesays.com\/no\/wp-json\/wp\/v2\/tags?post=135478"}],"curies":[{"name":"wp","href":"https:\/\/api.w.org\/{rel}","templated":true}]}}