{"id":135480,"date":"2026-01-12T12:48:09","date_gmt":"2026-01-12T12:48:09","guid":{"rendered":"https:\/\/www.europesays.com\/no\/135480\/"},"modified":"2026-01-12T12:48:09","modified_gmt":"2026-01-12T12:48:09","slug":"bekrefter-fortsatt-etterforskning-i-hoiby-saken","status":"publish","type":"post","link":"https:\/\/www.europesays.com\/no\/135480\/","title":{"rendered":"Bekrefter fortsatt etterforskning i H\u00f8iby-saken"},"content":{"rendered":"<p>Mandag skriver\u00a0<a href=\"https:\/\/www.aftenposten.no\/norge\/i\/rrLkg0\/marius-borg-hoeiby-siktet-for-nye-lovbrudd\" style=\"letter-spacing: 0.01em;\" rel=\"nofollow noopener\" target=\"_blank\">Aftenposten<\/a>\u00a0at\u00a0Marius Borg H\u00f8iby (28) er siktet for flere lovbrudd, der ett av dem beskrives som alvorlig.<\/p>\n<p>\u2013 Jeg kan bekrefte at det fremdeles p\u00e5g\u00e5r etterforskning i saken, utover det har jeg ingen kommentarer, sier politiadvokat Andreas Kruszewski til TV 2.<\/p>\n<p>Politiet skal siden desember har etterforsket H\u00f8iby for flere nye forhold, og like f\u00f8r juleferien\u00a0ble det foretatt en ransaking av H\u00f8ibys bolig i Oslo.<\/p>\n<p>NTB erfarer mandag at dette skal dreie seg om flere nye forhold knyttet til en av de forn\u00e6rmede i saken.<\/p>\n<p>Statsadvokat Sturla Henriksb\u00f8 var den som i august tok ut tiltalen om voldtekt, mishandling i n\u00e6re relasjoner og trusler.\u00a0<\/p>\n<p>\u2013 Jeg \u00f8nsker ikke kommentere saker som er under etterforskning av politiet. Hvorvidt det er aktuelt \u00e5 ta ut en tileggstiltalebeslutning kommer an p\u00e5 resultatet av etterforskningen, n\u00e5r den er ferdigstilt, sier Henriksb\u00f8 til NTB.<\/p>\n<p>Forsvareren til Marius Borg H\u00f8iby, Ellen Holager Anden\u00e6s, vil ikke kommentere saken overfor TV 2.<\/p>\n<p>Rettssaken mot H\u00f8iby starter i Oslo tingrett 3. februar, og det er satt av syv uker til behandling av saken.<\/p>\n","protected":false},"excerpt":{"rendered":"Mandag skriver\u00a0Aftenposten\u00a0at\u00a0Marius Borg H\u00f8iby (28) er siktet for flere lovbrudd, der ett av dem beskrives som alvorlig. \u2013&hellip;\n","protected":false},"author":2,"featured_media":135481,"comment_status":"","ping_status":"","sticky":false,"template":"","format":"standard","meta":{"footnotes":""},"categories":[10],"tags":[20,21,24,25,15,22,23,13,30,28,29,14,16,26,27],"class_list":{"0":"post-135480","1":"post","2":"type-post","3":"status-publish","4":"format-standard","5":"has-post-thumbnail","7":"category-norge","8":"tag-breaking-news","9":"tag-breakingnews","10":"tag-featured-news","11":"tag-featurednews","12":"tag-headlines","13":"tag-latest-news","14":"tag-latestnews","15":"tag-news","16":"tag-no","17":"tag-norge","18":"tag-norway","19":"tag-nyheter","20":"tag-overskrifter","21":"tag-top-stories","22":"tag-topstories"},"share_on_mastodon":{"url":"https:\/\/pubeurope.com\/@no\/115882210376711291","error":""},"_links":{"self":[{"href":"https:\/\/www.europesays.com\/no\/wp-json\/wp\/v2\/posts\/135480","targetHints":{"allow":["GET"]}}],"collection":[{"href":"https:\/\/www.europesays.com\/no\/wp-json\/wp\/v2\/posts"}],"about":[{"href":"https:\/\/www.europesays.com\/no\/wp-json\/wp\/v2\/types\/post"}],"author":[{"embeddable":true,"href":"https:\/\/www.europesays.com\/no\/wp-json\/wp\/v2\/users\/2"}],"replies":[{"embeddable":true,"href":"https:\/\/www.europesays.com\/no\/wp-json\/wp\/v2\/comments?post=135480"}],"version-history":[{"count":0,"href":"https:\/\/www.europesays.com\/no\/wp-json\/wp\/v2\/posts\/135480\/revisions"}],"wp:featuredmedia":[{"embeddable":true,"href":"https:\/\/www.europesays.com\/no\/wp-json\/wp\/v2\/media\/135481"}],"wp:attachment":[{"href":"https:\/\/www.europesays.com\/no\/wp-json\/wp\/v2\/media?parent=135480"}],"wp:term":[{"taxonomy":"category","embeddable":true,"href":"https:\/\/www.europesays.com\/no\/wp-json\/wp\/v2\/categories?post=135480"},{"taxonomy":"post_tag","embeddable":true,"href":"https:\/\/www.europesays.com\/no\/wp-json\/wp\/v2\/tags?post=135480"}],"curies":[{"name":"wp","href":"https:\/\/api.w.org\/{rel}","templated":true}]}}