{"id":135491,"date":"2026-01-12T12:54:07","date_gmt":"2026-01-12T12:54:07","guid":{"rendered":"https:\/\/www.europesays.com\/no\/135491\/"},"modified":"2026-01-12T12:54:07","modified_gmt":"2026-01-12T12:54:07","slug":"marlene-stavrum-gravid-komiker-marlene-stavrum-er-gravid","status":"publish","type":"post","link":"https:\/\/www.europesays.com\/no\/135491\/","title":{"rendered":"Marlene Stavrum, Gravid | Komiker Marlene Stavrum er gravid"},"content":{"rendered":"\n<p>\u2013 Det er veldig spennende, sier Stavrum p\u00e5 programmet \u00abDrivkraft\u00bb p\u00e5 NRK radio mandag, skriver <a href=\"https:\/\/www.nrk.no\/trondelag\/komiker-marlene-stavrum-er-gravid-1.17724061\" rel=\"nofollow noopener\" target=\"_blank\">NRK<\/a>.<\/p>\n<p>Stavrum studerer for tiden sykepleie ved siden av komikerjobben, men sier at hun n\u00e5 har permisjon p\u00e5 grunn av graviditeten. Hun er n\u00e5 16 uker p\u00e5 vei.<\/p>\n<p>Komikeren ble forlovet i fjor sommer.<\/p>\n<p>\u2013 Jeg har en veldig flott forlovede og f\u00f8ler meg veldig heldig, sier Stavrum i programmet.<\/p>\n<p>Stavrum og Erlend Johannessen Egeland ble kj\u00e6rester i 2024. <\/p>\n<p>(\u00a9NTB)<\/p>\n","protected":false},"excerpt":{"rendered":"\u2013 Det er veldig spennende, sier Stavrum p\u00e5 programmet \u00abDrivkraft\u00bb p\u00e5 NRK radio mandag, skriver NRK. Stavrum studerer&hellip;\n","protected":false},"author":2,"featured_media":135492,"comment_status":"","ping_status":"","sticky":false,"template":"","format":"standard","meta":{"footnotes":""},"categories":[12],"tags":[20,21,24,25,15,22,23,13,30,28,29,14,16,26,27,42,43,44,45],"class_list":{"0":"post-135491","1":"post","2":"type-post","3":"status-publish","4":"format-standard","5":"has-post-thumbnail","7":"category-verden","8":"tag-breaking-news","9":"tag-breakingnews","10":"tag-featured-news","11":"tag-featurednews","12":"tag-headlines","13":"tag-latest-news","14":"tag-latestnews","15":"tag-news","16":"tag-no","17":"tag-norge","18":"tag-norway","19":"tag-nyheter","20":"tag-overskrifter","21":"tag-top-stories","22":"tag-topstories","23":"tag-verden","24":"tag-world","25":"tag-world-news","26":"tag-worldnews"},"share_on_mastodon":{"url":"https:\/\/pubeurope.com\/@no\/115882234002943555","error":""},"_links":{"self":[{"href":"https:\/\/www.europesays.com\/no\/wp-json\/wp\/v2\/posts\/135491","targetHints":{"allow":["GET"]}}],"collection":[{"href":"https:\/\/www.europesays.com\/no\/wp-json\/wp\/v2\/posts"}],"about":[{"href":"https:\/\/www.europesays.com\/no\/wp-json\/wp\/v2\/types\/post"}],"author":[{"embeddable":true,"href":"https:\/\/www.europesays.com\/no\/wp-json\/wp\/v2\/users\/2"}],"replies":[{"embeddable":true,"href":"https:\/\/www.europesays.com\/no\/wp-json\/wp\/v2\/comments?post=135491"}],"version-history":[{"count":0,"href":"https:\/\/www.europesays.com\/no\/wp-json\/wp\/v2\/posts\/135491\/revisions"}],"wp:featuredmedia":[{"embeddable":true,"href":"https:\/\/www.europesays.com\/no\/wp-json\/wp\/v2\/media\/135492"}],"wp:attachment":[{"href":"https:\/\/www.europesays.com\/no\/wp-json\/wp\/v2\/media?parent=135491"}],"wp:term":[{"taxonomy":"category","embeddable":true,"href":"https:\/\/www.europesays.com\/no\/wp-json\/wp\/v2\/categories?post=135491"},{"taxonomy":"post_tag","embeddable":true,"href":"https:\/\/www.europesays.com\/no\/wp-json\/wp\/v2\/tags?post=135491"}],"curies":[{"name":"wp","href":"https:\/\/api.w.org\/{rel}","templated":true}]}}