{"id":135493,"date":"2026-01-12T12:55:10","date_gmt":"2026-01-12T12:55:10","guid":{"rendered":"https:\/\/www.europesays.com\/no\/135493\/"},"modified":"2026-01-12T12:55:10","modified_gmt":"2026-01-12T12:55:10","slug":"tank-opp-sa-fort-som-mulig","status":"publish","type":"post","link":"https:\/\/www.europesays.com\/no\/135493\/","title":{"rendered":"\u2013 Tank opp s\u00e5 fort som mulig"},"content":{"rendered":"\n<p class=\"_lead_o9xde_2 _lead_xtcu6_50 layout-component text-serif-m layout-normal text-serif-l layout-component layout-wide layout-padded _wide_17hqh_1 layout-padded\">Det p\u00e5g\u00e5r n\u00e5 en priskrig hos bensinstasjonene. R\u00e5det i bransjen er \u00e5 tanke opp s\u00e5 fort som mulig.<\/p>\n<p><img alt=\"Mandag er en god dag \u00e5 fylle tanken p\u00e5, if\u00f8lge bransjen.  Foto: Frederik Ringnes \/ NTB\" class=\"_image_qp4xg_65 layout-component layout-wide\" data-fullscreen- data-track-element-type=\"Article image fullscreen\" data-track-name=\"ImageFullscreen\" fetchpriority=\"high\" decoding=\"sync\" loading=\"eager\" height=\"3648\" itemprop=\"image\"  src=\"https:\/\/www.europesays.com\/no\/wp-content\/uploads\/2026\/01\/4f89cc4f-8fdd-4ba5-9638-61e50470fdaa.png\"  style=\"object-position:0% 0%\" width=\"5472\"\/>Mandag er en god dag \u00e5 fylle tanken p\u00e5, if\u00f8lge bransjen.  Foto: Frederik Ringnes \/ NTB<\/p>\n<ul aria-hidden=\"true\" class=\"_images_ntbth_112\">\n<li><a class=\"_link_ntbth_117\" href=\"https:\/\/www.vg.no\/forfatter\/bendik-hansen\" style=\"z-index:2\" title=\"Bendik Hansen\" rel=\"nofollow noopener\" target=\"_blank\"><img alt=\"Bilde av Bendik Hansen\" class=\"_image_ntbth_93\" fetchpriority=\"low\" loading=\"lazy\" decoding=\"async\" itemprop=\"image\"  src=\"https:\/\/www.europesays.com\/no\/wp-content\/uploads\/2026\/01\/1768222508_360_236bc5a3-2236-4046-b957-81f29d024aa6.jpeg\"  width=\"480\"\/><\/a><\/li>\n<li><a class=\"_link_ntbth_117\" href=\"https:\/\/www.vg.no\/forfatter\/ntb\" style=\"z-index:1\" title=\"NTB\" rel=\"nofollow noopener\" target=\"_blank\"><img alt=\"Bilde av NTB\" class=\"_image_ntbth_93\" fetchpriority=\"low\" loading=\"lazy\" decoding=\"async\" itemprop=\"image\"  src=\"https:\/\/www.europesays.com\/no\/wp-content\/uploads\/2026\/01\/1768222508_916_c33980b0-5d07-4027-84a1-813f90a7c8d6.png\"  width=\"480\"\/><\/a><\/li>\n<\/ul>\n<p> Oppdatert mandag 12. januar kl. 13:38     <\/p>\n<p class=\"_paragraph_o9xde_4 _paragraph_xtcu6_10 layout-component text-serif-m layout-normal text-serif-m layout-padded\"> \u2013 Vi er inne i en tydelig lavprisfase n\u00e5, sier daglig leder Syver Orhagen i DrivstoffAppen til <a href=\"https:\/\/www.nettavisen.no\/okonomi\/priskrig-pa-bensin-og-diesel-tank-opp-sa-fort-som-mulig\/s\/5-95-2820137\" class=\"_link_o9xde_39\" rel=\"nofollow noopener\" target=\"_blank\">Nettavisen.<\/a><\/p>\n<p class=\"_paragraph_o9xde_4 _paragraph_xtcu6_10 layout-component text-serif-m layout-normal text-serif-m layout-padded\">\u2013 Stasjonene konkurrerer hardt lokalt. I Norge justeres drivstoffprisene flere ganger samme dag, og det er ikke uvanlig \u00e5 se forskjeller p\u00e5 opptil fem kroner per liter mellom stasjoner eller p\u00e5 samme stasjon fra morgen til ettermiddag, opplyser han.<\/p>\n<p class=\"_paragraph_o9xde_4 _paragraph_xtcu6_10 layout-component text-serif-m layout-normal text-serif-m layout-padded\"><strong class=\"_strong_o9xde_25\">Flere steder er prisene nede i rundt 17 kroner literen mandag.<\/strong><\/p>\n<p class=\"_paragraph_o9xde_4 _paragraph_xtcu6_10 layout-component text-serif-m layout-normal text-serif-m layout-padded\">Direkt\u00f8r for stasjonsdrift i Automat1, Henning Aarsand, sier at helgen var preget av en ekstrem jakt p\u00e5 kundene.<\/p>\n<p class=\"_paragraph_o9xde_4 _paragraph_xtcu6_10 layout-component text-serif-m layout-normal text-serif-m layout-padded\">\u2013 Det har v\u00e6rt en voldsom priskrig. Vi presser ned prisene i v\u00e5re omr\u00e5der. Det er bevisst for \u00e5 vinne volum, sier han til Nettavisen og legger til at han tror prisene snart kommer til \u00e5 stige overalt.<\/p>\n<p class=\"_paragraph_o9xde_4 _paragraph_xtcu6_10 layout-component text-serif-m layout-normal text-serif-m layout-padded\"><strong class=\"_strong_o9xde_25\">\u2013 Jeg kan ikke si n\u00e5r og hvor. Jeg vil anbefale kundene \u00e5 tanke opp s\u00e5 fort som mulig.<\/strong><\/p>\n<p>    <img decoding=\"async\" alt=\"Tips oss illustrasjon\" src=\"https:\/\/www.europesays.com\/no\/wp-content\/uploads\/2025\/10\/pssst-small.webp.webp\"\/>    <\/p>\n<p class=\"title-serif-s\">Har du tips?<\/p>\n<p class=\"text-sans-m\">Send oss informasjon, bilder eller video.<\/p>\n<p>  <a href=\"https:\/\/www.vg.no\/tips-oss\" rel=\"nofollow noopener\" target=\"_blank\"> Tips oss <\/a>      <\/p>\n","protected":false},"excerpt":{"rendered":"Det p\u00e5g\u00e5r n\u00e5 en priskrig hos bensinstasjonene. R\u00e5det i bransjen er \u00e5 tanke opp s\u00e5 fort som mulig.&hellip;\n","protected":false},"author":2,"featured_media":135494,"comment_status":"","ping_status":"","sticky":false,"template":"","format":"standard","meta":{"footnotes":""},"categories":[10],"tags":[20,21,5933,24,25,15,22,23,13,30,28,29,14,16,7636,26,27],"class_list":{"0":"post-135493","1":"post","2":"type-post","3":"status-publish","4":"format-standard","5":"has-post-thumbnail","7":"category-norge","8":"tag-breaking-news","9":"tag-breakingnews","10":"tag-drivstoff","11":"tag-featured-news","12":"tag-featurednews","13":"tag-headlines","14":"tag-latest-news","15":"tag-latestnews","16":"tag-news","17":"tag-no","18":"tag-norge","19":"tag-norway","20":"tag-nyheter","21":"tag-overskrifter","22":"tag-priskrig","23":"tag-top-stories","24":"tag-topstories"},"share_on_mastodon":{"url":"https:\/\/pubeurope.com\/@no\/115882238303819713","error":""},"_links":{"self":[{"href":"https:\/\/www.europesays.com\/no\/wp-json\/wp\/v2\/posts\/135493","targetHints":{"allow":["GET"]}}],"collection":[{"href":"https:\/\/www.europesays.com\/no\/wp-json\/wp\/v2\/posts"}],"about":[{"href":"https:\/\/www.europesays.com\/no\/wp-json\/wp\/v2\/types\/post"}],"author":[{"embeddable":true,"href":"https:\/\/www.europesays.com\/no\/wp-json\/wp\/v2\/users\/2"}],"replies":[{"embeddable":true,"href":"https:\/\/www.europesays.com\/no\/wp-json\/wp\/v2\/comments?post=135493"}],"version-history":[{"count":0,"href":"https:\/\/www.europesays.com\/no\/wp-json\/wp\/v2\/posts\/135493\/revisions"}],"wp:featuredmedia":[{"embeddable":true,"href":"https:\/\/www.europesays.com\/no\/wp-json\/wp\/v2\/media\/135494"}],"wp:attachment":[{"href":"https:\/\/www.europesays.com\/no\/wp-json\/wp\/v2\/media?parent=135493"}],"wp:term":[{"taxonomy":"category","embeddable":true,"href":"https:\/\/www.europesays.com\/no\/wp-json\/wp\/v2\/categories?post=135493"},{"taxonomy":"post_tag","embeddable":true,"href":"https:\/\/www.europesays.com\/no\/wp-json\/wp\/v2\/tags?post=135493"}],"curies":[{"name":"wp","href":"https:\/\/api.w.org\/{rel}","templated":true}]}}