{"id":135501,"date":"2026-01-12T13:06:07","date_gmt":"2026-01-12T13:06:07","guid":{"rendered":"https:\/\/www.europesays.com\/no\/135501\/"},"modified":"2026-01-12T13:06:07","modified_gmt":"2026-01-12T13:06:07","slug":"politiet-har-bedt-om-vurdering-av-gjentagelsesfare","status":"publish","type":"post","link":"https:\/\/www.europesays.com\/no\/135501\/","title":{"rendered":"Politiet har bedt om vurdering av gjentagelsesfare"},"content":{"rendered":"\n<ul class=\"_list_o9xde_3 _list_64s2r_85 _unordered_o9xde_106 text-sans-m\">\n<li class=\"_item_o9xde_30\">Politiet har bedt de sakkyndige vurdere gjentagelsesfaren ved siktede J\u00f8rn Andersen.<\/li>\n<li class=\"_item_o9xde_30\">Andersen er siktet for drapet p\u00e5 Marita L\u00f8fshus Haugen og har tidligere drapsdom.<\/li>\n<li class=\"_item_o9xde_30\">Mistanken mot Andersen er styrket, og varetektsfengslingen hans er forlenget.<\/li>\n<li class=\"_item_o9xde_30\">Politiet venter p\u00e5 flere pr\u00f8vesvar og en fullstendig observasjon av Andersen.<\/li>\n<\/ul>\n<p>Vis mer <\/p>\n<p class=\"_paragraph_o9xde_4 _paragraph_xtcu6_10 layout-component text-serif-m layout-normal text-serif-m layout-padded\">Det har g\u00e5tt en m\u00e5ned siden Marita L\u00f8fshus Haugen (35) <a href=\"https:\/\/www.vg.no\/nyheter\/i\/bOKp7q\/marita-35-drept-i-orkland\" data-track-element-type=\"Link\" data-track-id=\"link:bOKp7q\" class=\"_link_o9xde_39\" rel=\"nofollow noopener\" target=\"_blank\">ble funnet drept i n\u00e6rheten av arbeidsplassen<\/a> i L\u00f8kken Verk.<\/p>\n<p class=\"_paragraph_o9xde_4 _paragraph_xtcu6_10 layout-component text-serif-m layout-normal text-serif-m layout-padded\">Tidligere drapsd\u00f8mte J\u00f8rn Andersen (54) er siktet for drapet. Han har s\u00e5 langt ikke latt seg avh\u00f8re av politiet. <\/p>\n<p class=\"_paragraph_o9xde_4 _paragraph_xtcu6_10 layout-component text-serif-m layout-normal text-serif-m layout-padded\">\u2013 Vi skal gjennomf\u00f8re det s\u00e5 fort som mulig. Det har ikke skjedd i helgen, sier politiadvokat Ole Andreas Aftret.<\/p>\n<p class=\"_paragraph_o9xde_4 _paragraph_xtcu6_10 layout-component text-serif-m layout-normal text-serif-m layout-padded\">Det er ikke kjent hvordan Andersen stiller seg til anklagene. VG har ikke lyktes \u00e5 komme i kontakt med forsvareren hans, Fredrik Sch\u00f8ne Brodwall.<\/p>\n<p class=\"_paragraph_o9xde_4 _paragraph_xtcu6_10 layout-component text-serif-m layout-normal text-serif-m layout-padded\">Det ble tidlig etter p\u00e5gripelse gjennomf\u00f8rt en prejudisiell unders\u00f8kelseprejudisiell unders\u00f8kelseEn forel\u00f8pig vurdering av en persons mentale tilstand for \u00e5 avgj\u00f8re om de er tilregnelige., som er en mindre og forel\u00f8pig observasjon gjort av sakkyndigsakkyndigEksperter, ofte psykologer eller psykiatere, som gir faglige vurderinger i rettssaker. psykolog eller psykiater for \u00e5 unders\u00f8ke tilregnelighettilregnelighet En persons evne til \u00e5 forst\u00e5 og ta ansvar for sine handlinger.. <\/p>\n<p class=\"_paragraph_o9xde_4 _paragraph_xtcu6_10 layout-component text-serif-m layout-normal text-serif-m layout-padded\">Politiet har i tillegg bedt om en fullstendig observasjon av den siktede, som er vanlig \u00e5 gj\u00f8re i alvorlige saker. <\/p>\n<p class=\"_paragraph_o9xde_4 _paragraph_xtcu6_10 layout-component text-serif-m layout-normal text-serif-m layout-padded\">\u2013 Det er ogs\u00e5 gitt oppdrag om \u00e5 se p\u00e5 faren for gjentagelse, med forbehold om en mulig forvaringforvaringEn type fengselsstraff i Norge som kan forlenges p\u00e5 ubestemt tid hvis personen anses som farlig.sp\u00e5stand, forklarer Aftret. <\/p>\n<p class=\"_paragraph_o9xde_4 _paragraph_xtcu6_10 layout-component text-serif-m layout-normal text-serif-m layout-padded\">Det er et krav som m\u00e5 fylles for \u00e5 kunne id\u00f8mme forvaring. I tillegg m\u00e5 retten bestemme at det er n\u00e6rliggende fare for at personen vil beg\u00e5 alvorlig kriminalitet igjen. <\/p>\n<p class=\"_paragraph_o9xde_4 _paragraph_xtcu6_10 layout-component text-serif-m layout-normal text-serif-m layout-padded\">Forvaring er den eneste formen for tidsubestemt straff i norsk rettspleie.<\/p>\n<p class=\"_paragraph_o9xde_4 _paragraph_xtcu6_10 layout-component text-serif-m layout-normal text-serif-m layout-padded\">Svaret p\u00e5 unders\u00f8kelsen er ventet i midten av februar.<\/p>\n<p class=\"_paragraph_o9xde_4 _paragraph_xtcu6_10 layout-component text-serif-m layout-normal text-serif-m layout-padded\">Det var l\u00f8rdag 13. desember Marita L\u00f8fshus Haugen skulle startet p\u00e5 jobb klokken 20 ved Bj\u00f8rnlihiet pub i tettstedet L\u00f8kken Verk i <a href=\"https:\/\/www.vg.no\/tag\/orkland?utm_source=vg-article&amp;utm_medium=auto-tagger&amp;utm_campaign=rrgre3\" class=\"_link_o9xde_39\" rel=\"nofollow noopener\" target=\"_blank\">Orkland<\/a> kommune.<\/p>\n<p><img alt=\"Marita Haugen ble bare 35 \u00e5r gammel. Hun ble drept den 13. desember 2025.  Foto: Privat\" class=\"_image_qp4xg_65 layout-component layout-normal\" data-fullscreen- data-track-element-type=\"Article image fullscreen\" data-track-name=\"ImageFullscreen\" decoding=\"async\" loading=\"lazy\" height=\"1605\" itemprop=\"image\"  src=\"https:\/\/www.europesays.com\/no\/wp-content\/uploads\/2026\/01\/36867d32-09e1-42fb-a337-94c5623a1bff.jpeg\"  style=\"object-position:0% 0%\" width=\"1242\"\/>Marita Haugen ble bare 35 \u00e5r gammel. Hun ble drept den 13. desember 2025.  Foto: Privat<\/p>\n<p class=\"_paragraph_o9xde_4 _paragraph_xtcu6_10 layout-component text-serif-m layout-normal text-serif-m layout-padded\">I stedet fikk politiet en oppringing klokken 21.41 fra en som hadde funnet henne d\u00f8d, om lag hundre meter fra arbeidsplassen.<\/p>\n<p class=\"_paragraph_o9xde_4 _paragraph_xtcu6_10 layout-component text-serif-m layout-normal text-serif-m layout-padded\">Rundt en time senere ble 35-\u00e5ringens kollega, 54 \u00e5r gamle J\u00f8rn Andersen, p\u00e5grepet og siktet for drapet.<\/p>\n<p class=\"_paragraph_o9xde_4 _paragraph_xtcu6_10 layout-component text-serif-m layout-normal layout-padded\"><strong class=\"_strong_o9xde_25\">Les ogs\u00e5:<\/strong> <a href=\"https:\/\/www.vg.no\/i\/GxGrAB\" data-track-element-type=\"Link\" data-track-id=\"link:GxGrAB\" class=\"_link_o9xde_39\" rel=\"nofollow noopener\" target=\"_blank\">Marita (35) begravet i dag: \u2013 Hjertene v\u00e5re er knust<\/a><\/p>\n<p class=\"_paragraph_o9xde_4 _paragraph_xtcu6_10 layout-component text-serif-m layout-normal text-serif-m layout-padded\">F\u00e5 dager f\u00f8r drapet hadde Andersen\u00a0<a href=\"https:\/\/www.vg.no\/nyheter\/i\/bOKA45\/kvinnen-i-30-aarene-sa-til-vennene-sine-at-den-drapssiktede-skulle-holde-seg-unna\" data-track-element-type=\"Link\" data-track-id=\"link:bOKA45\" class=\"_link_o9xde_39\" rel=\"nofollow noopener\" target=\"_blank\">f\u00e5tt beskjed om \u00e5 holde seg unna Marita<\/a>. VG er kjent med at han skal ha hatt tilhold ved Bj\u00f8rnlihiet pub siden i sommer.<\/p>\n<p>Mistanken styrket<\/p>\n<p class=\"_paragraph_o9xde_4 _paragraph_xtcu6_10 layout-component text-serif-m layout-normal text-serif-m layout-padded\">Varetektsfengslingen av Andersen <a href=\"https:\/\/www.vg.no\/nyheter\/i\/M733oJ\/politiet-om-drapet-i-orkland-mistanken-mot-siktede-er-styrket\" data-track-element-type=\"Link\" data-track-id=\"link:M733oJ\" class=\"_link_o9xde_39\" rel=\"nofollow noopener\" target=\"_blank\">ble fredag forlenget<\/a> i fire uker. N\u00e5 venter politiet p\u00e5 pr\u00f8vesvar, og p\u00e5 \u00e5 f\u00e5 gjennomf\u00f8rt avh\u00f8r.<\/p>\n<p class=\"_paragraph_o9xde_4 _paragraph_xtcu6_10 layout-component text-serif-m layout-normal text-serif-m layout-padded\">\u2013 Vi har jobbet godt i denne saken, og jobbet effektivt. S\u00e5 vil alle slike saker etterforskes uavhengig av forklaringen til siktede. Forklaringen vil ogs\u00e5 m\u00e5tte etterpr\u00f8ves, og vi m\u00e5 se om hans forklaring gir grunnlag for nye etterforskningsskritt, forklarer politiadvokaten.<\/p>\n<p class=\"_paragraph_o9xde_4 _paragraph_xtcu6_10 layout-component text-serif-m layout-normal text-serif-m layout-padded\">\u2013 Vi \u00f8nsker ikke \u00e5 si noe om detaljene om selve drapsetterforskning s\u00e5 lenge han har ikke avh\u00f8rt. <\/p>\n<p class=\"_paragraph_o9xde_4 _paragraph_xtcu6_10 layout-component text-serif-m layout-normal text-serif-m layout-padded\">Aftret sier at mistanken mot den siktede er styrket, og at det fremst\u00e5r som mindre sannsynlig at andre er involvert. <\/p>\n<p class=\"_paragraph_o9xde_4 _paragraph_xtcu6_10 layout-component text-serif-m layout-normal text-serif-m layout-padded\">\u2013 S\u00e5 m\u00e5 vi ta alle forbehold om at etterforskningen ikke er avsluttet og fortsatt opererer med flere hypoteser, inkludert at han kan v\u00e6re uskyldig, fram til saken sendes over til statsadvokaten. S\u00e5 er det RiksadvokatenRiksadvokatenDen \u00f8verste lederen for p\u00e5talemyndigheten i Norge, som tar endelige beslutninger om tiltale i alvorlige saker. som tar endelig beslutning om tiltale skal reises.<\/p>\n<p>Tidligere d\u00f8mt for drap<\/p>\n<p class=\"_paragraph_o9xde_4 _paragraph_xtcu6_10 layout-component text-serif-m layout-normal text-serif-m layout-padded\">Andersen er tidligere d\u00f8mt for drap, og vold mot to tidligere kj\u00e6rester. I 2016 ble han l\u00f8slatt fra forvaring, viser en rettsavgj\u00f8relse fra samme \u00e5r.<\/p>\n<p class=\"_paragraph_o9xde_4 _paragraph_xtcu6_10 layout-component text-serif-m layout-normal text-serif-m layout-padded\">Han var 28 \u00e5r gammel da han drepte 16 \u00e5r gamle <a href=\"https:\/\/www.vg.no\/nyheter\/i\/J1od2R\/fakta-om-linn-drapet\" data-track-element-type=\"Link\" data-track-id=\"link:J1od2R\" class=\"_link_o9xde_39\" rel=\"nofollow noopener\" target=\"_blank\">Linn Charlott Nesblom<\/a> med kniv i 1999.<\/p>\n<p class=\"_paragraph_o9xde_4 _paragraph_xtcu6_10 layout-component text-serif-m layout-normal text-serif-m layout-padded\">I lagmannsretten ble han <a href=\"https:\/\/www.vg.no\/nyheter\/i\/xRPopn\/skjerpet-straff-for-linns-drapsmann\" data-track-element-type=\"Link\" data-track-id=\"link:xRPopn\" class=\"_link_o9xde_39\" rel=\"nofollow noopener\" target=\"_blank\">d\u00f8mt til 15 \u00e5r i fengsel<\/a> for drap og vold mot Nesblom. Den gang fant to rettsinstanser at vilk\u00e5rene for \u00e5 id\u00f8mme sikring var oppfylt, men lagmannsretten landet p\u00e5 at en lengre, tidsavgrenset straff var mer egnet, heter det i en senere dom.<\/p>\n<p class=\"_paragraph_o9xde_4 _paragraph_xtcu6_10 layout-component text-serif-m layout-normal text-serif-m layout-padded\">Mens han sonet for drapet, traff han en annen kvinne som han fikk et forhold til, viser rettsavgj\u00f8relser.<\/p>\n<p class=\"_paragraph_o9xde_4 _paragraph_xtcu6_10 layout-component text-serif-m layout-normal text-serif-m layout-padded\"><strong class=\"_strong_o9xde_25\">I 2011 ble han d\u00f8mt til forvaring i fire \u00e5r og seks m\u00e5neder for \u00e5 ha v\u00e6rt voldelig mot, kvalt og truet henne.<\/strong><\/p>\n<p class=\"_paragraph_o9xde_4 _paragraph_xtcu6_10 layout-component text-serif-m layout-normal text-serif-m layout-padded\">Tingrettens vurderinger fra \u00e5ret f\u00f8r var at det var fare for gjentagelse. Retten pekte p\u00e5 at til tross for at Andersen hadde sonet cirka ti \u00e5r i fengsel, forhindret ikke dette han fra \u00e5 beg\u00e5 en ny voldshandling.<\/p>\n<p class=\"_paragraph_o9xde_4 _paragraph_xtcu6_10 layout-component text-serif-m layout-normal text-serif-m layout-padded\">Da forvaringssp\u00f8rsm\u00e5let l\u00e5 for retten i 2016, pekte lagmannsretten p\u00e5 at drapet i 1999 og voldsdommen fra 2011 hadde klare likhetstrekk.<\/p>\n<p class=\"_paragraph_o9xde_4 _paragraph_xtcu6_10 layout-component text-serif-m layout-normal text-serif-m layout-padded\">Det ble ogs\u00e5 vist til at han allerede i 20-\u00e5rene hadde blitt d\u00f8mt for vold og trusler mot en kj\u00e6reste. For dette ble han d\u00f8mt til seks m\u00e5neders fengsel.<\/p>\n<p class=\"_paragraph_o9xde_4 _paragraph_xtcu6_10 layout-component text-serif-m layout-normal text-serif-m layout-padded\">Likevel kom lagmannsretten i 2016 frem til at Andersen skulle l\u00f8slates fra forvaring, fordi de mente at de strenge vilk\u00e5rene for forvaring ikke var oppfylt.<\/p>\n","protected":false},"excerpt":{"rendered":"Politiet har bedt de sakkyndige vurdere gjentagelsesfaren ved siktede J\u00f8rn Andersen. Andersen er siktet for drapet p\u00e5 Marita&hellip;\n","protected":false},"author":2,"featured_media":135502,"comment_status":"","ping_status":"","sticky":false,"template":"","format":"standard","meta":{"footnotes":""},"categories":[10],"tags":[20,21,2320,24,25,15,22,23,13831,13,30,28,29,14,2238,16,26,27],"class_list":{"0":"post-135501","1":"post","2":"type-post","3":"status-publish","4":"format-standard","5":"has-post-thumbnail","7":"category-norge","8":"tag-breaking-news","9":"tag-breakingnews","10":"tag-drap-i-norge","11":"tag-featured-news","12":"tag-featurednews","13":"tag-headlines","14":"tag-latest-news","15":"tag-latestnews","16":"tag-lokken-verk","17":"tag-news","18":"tag-no","19":"tag-norge","20":"tag-norway","21":"tag-nyheter","22":"tag-orkland","23":"tag-overskrifter","24":"tag-top-stories","25":"tag-topstories"},"share_on_mastodon":{"url":"https:\/\/pubeurope.com\/@no\/115882281294796302","error":""},"_links":{"self":[{"href":"https:\/\/www.europesays.com\/no\/wp-json\/wp\/v2\/posts\/135501","targetHints":{"allow":["GET"]}}],"collection":[{"href":"https:\/\/www.europesays.com\/no\/wp-json\/wp\/v2\/posts"}],"about":[{"href":"https:\/\/www.europesays.com\/no\/wp-json\/wp\/v2\/types\/post"}],"author":[{"embeddable":true,"href":"https:\/\/www.europesays.com\/no\/wp-json\/wp\/v2\/users\/2"}],"replies":[{"embeddable":true,"href":"https:\/\/www.europesays.com\/no\/wp-json\/wp\/v2\/comments?post=135501"}],"version-history":[{"count":0,"href":"https:\/\/www.europesays.com\/no\/wp-json\/wp\/v2\/posts\/135501\/revisions"}],"wp:featuredmedia":[{"embeddable":true,"href":"https:\/\/www.europesays.com\/no\/wp-json\/wp\/v2\/media\/135502"}],"wp:attachment":[{"href":"https:\/\/www.europesays.com\/no\/wp-json\/wp\/v2\/media?parent=135501"}],"wp:term":[{"taxonomy":"category","embeddable":true,"href":"https:\/\/www.europesays.com\/no\/wp-json\/wp\/v2\/categories?post=135501"},{"taxonomy":"post_tag","embeddable":true,"href":"https:\/\/www.europesays.com\/no\/wp-json\/wp\/v2\/tags?post=135501"}],"curies":[{"name":"wp","href":"https:\/\/api.w.org\/{rel}","templated":true}]}}