{"id":135505,"date":"2026-01-12T13:14:31","date_gmt":"2026-01-12T13:14:31","guid":{"rendered":"https:\/\/www.europesays.com\/no\/135505\/"},"modified":"2026-01-12T13:14:31","modified_gmt":"2026-01-12T13:14:31","slug":"senator-vil-ha-utlevert-fagfellevurderinger-og-e-poster-fra-tidsskrifter","status":"publish","type":"post","link":"https:\/\/www.europesays.com\/no\/135505\/","title":{"rendered":"Senator vil ha utlevert fagfellevurderinger og e-poster fra tidsskrifter"},"content":{"rendered":"<p class=\"kicker t14 tm15 align-left mobile_text_align_align-left\" style=\"\">covid-19<\/p>\n<p>    Den amerikanske senatoren\u00a0Rand Paul vil ha innsyn i fagfellevurderinger og e-poster knyttet til koronaforskning.<\/p>\n<p>\n        Senator Rand Paul har anklaget tidligere smittevernsjef Anthony Fauci for \u00e5 ha l\u00f8yet til Kongressen om USA-finansiert forskning i Wuhan i Kina. Her fra en h\u00f8ring i Senatet i 2021 der Paul stilte sp\u00f8rsm\u00e5l til Fauci.<br \/>\n        Foto: J. Scott Applewhite\/NTB\n    <\/p>\n<p>Det skriver nyhetsmagasinet til <a href=\"https:\/\/www.science.org\/content\/article\/u-s-senator-asks-science-provide-its-coronavirus-manuscripts-emails\" rel=\"nofollow noopener\" target=\"_blank\">Science.\u00a0<\/a><\/p>\n<p>Den republikanske senatoren Rand Paul har tidligere havnet i klinsj med forskersamfunnet om covid-19.<\/p>\n<p>Blant annet var han sv\u00e6rt aktiv i en serie opphetede h\u00f8ringer i 2020, der han grillet Anthony Fauci, som ledet det f\u00f8derale smitteverninstituttet i USA, om pandemiens opphav.\u00a0<\/p>\n<p>Paul mener pandemien stammer fra et laboratorium i Wuhan, den kinesiske byen med de f\u00f8rste\u00a0dokumenterte covid-19-tilfellene.\u00a0<\/p>\n<p>Han har ogs\u00e5 anklaget Fauci for \u00e5 ha godkjent at amerikanske skattepenger ble brukt til \u00e5 finansiere koronaforskning i Wuhan, og at USA dermed er indirekte medansvarlig for utbruddet.<\/p>\n<p>                <img decoding=\"async\" src=\"https:\/\/www.europesays.com\/no\/wp-content\/uploads\/2026\/01\/1026808.webp.jpeg\" width=\"480\" height=\"389\" title=\"Anthony Fauci\" alt=\"\" loading=\"lazy\" style=\"\"\/><\/p>\n<p>\n            Anthony Fauci<br \/>\n            Christopher Michel\n        <\/p>\n<p class=\"font-weight-bold m-font-weight-bold\" data-lab-font_weight=\"font-weight-bold\">N\u00e5 ber han om \u00e5 f\u00e5 utlevert upublisert materiale om covid-19-forskning fra tidsskriftene i Science-familien.<\/p>\n<p>Science-familien har fem tidsskrifter, inkludert et sv\u00e6rt prestisjetungt hovedtidsskrift, som er sammenlignbart med tidsskrifter som Nature og The Lancet.<\/p>\n<p>Dette sto i brevet<\/p>\n<p>If\u00f8lge nyhetsmagasinet til Science, som er redaksjonelt uavhengig, sendte senator Paul 18. desember et brev til Sudip Parikh, den administrerende direkt\u00f8ren for American Association for the Advancement of Science (AAS), som er utgiver av Science.\u00a0<\/p>\n<p class=\"font-weight-bold m-font-weight-bold\" data-lab-font_weight=\"font-weight-bold\">Paul ba om alle relevante manuskripter om covid-19 som er sendt inn til Science, inkludert upubliserte fagfellevurderinger og detaljer om redaksjonelle beslutninger, samt alle koronarelaterte e-poster til og fra bestemte grupper og forskere, deriblant Anthony Fauci.\u00a0<\/p>\n<p>Han ga Science frist til 7. januar.<\/p>\n<p class=\"font-weight-bold m-font-weight-bold\" data-lab-font_weight=\"font-weight-bold\">Det er uvanlig og kontroversielt \u00e5 kreve innsyn i tidsskrifters interne redaksjonelle prosesser.\u00a0<\/p>\n<p>Tidsskriftene holder som regel fagfellevurderinger, upubliserte manuskripter og kommunikasjon med forskere unntatt offentligheten, selv om noen f\u00e5 tidsskrifter har begynt \u00e5 publisere fagfellevurderinger og tidlige utkast.<\/p>\n<p>\u00a0Tidsskrifter har tidligere motsatt seg fors\u00f8k p\u00e5 innsyn i sine interne prosesser.<\/p>\n<p>Ikke plikt til \u00e5 utlevere<\/p>\n<p>Brevet fra senatoren er imidlertid ikke ledsaget av en stevning, slik at det i utgangspunktet er opp til Science om de vil utlevere informasjonen. Derimot har komiteer i Kongressen fullmakt til \u00e5 utstede stevninger.<\/p>\n<p>AAS-direkt\u00f8r Sudip Parikh og Science-redakt\u00f8r Holden Thorp \u00f8nsker ikke \u00e5 kommentere saken.\u00a0<\/p>\n<p>Det er uklart om senator Rand Paul har sendt tilsvarende henvendelser til andre tidsskrifter. Nature og The Lancet svarer ikke p\u00e5 om senatoren har sendt brev til dem.<\/p>\n<p>Rand Paul har ikke sagt hva han skal bruke informasjonen til, og det fremg\u00e5r ikke av brevet.<\/p>\n<p>        <a itemprop=\"url\" class=\"\" href=\"https:\/\/www.khrono.no\/jobber-for-a-hente-dansk-toppforsker-fra-usa-til-norge\/977388\" data-k5a-url=\"https:\/\/www.khrono.no\/a\/977388\" rel=\"nofollow noopener\" target=\"_blank\"><\/p>\n<p>\nUSA\n<\/p>\n<p>            Jobber for \u00e5 hente dansk koronaforsker fra USA til Norge<\/p>\n<p>        <\/a><\/p>\n<p>Redakt\u00f8r har vitnet for Kongressen<\/p>\n<p>Science-redakt\u00f8r Thorp har tidligere vitnet for Kongressen i forbindelse med dens gransking av pandemiens opprinnelse.\u00a0<\/p>\n<p>Politikerne spurte blant annet Thorp om deres redaksjonelle praksis og om dav\u00e6rende president Joe Bidens administrasjon hadde fors\u00f8kt \u00e5 presse tidsskriftet til \u00e5 tone ned eller avvise lablekkasje-teorien. Dette avviste Thorp.<\/p>\n<p>Lablekkasje-teorien om covid-19 g\u00e5r ut p\u00e5 at SARS-CoV-2 \u2013 viruset bak pandemien \u2013 kan ha kommet fra et laboratorium i Wuhan. Den finnes i mange varianter, fra et uhell under legitim forskning til p\u00e5stander om bevisst utslipp eller \u00abbiov\u00e5pen\u00bb.<\/p>\n<p>Omstridt teori\u00a0<\/p>\n<p>Teorien er omstridt, og flertallet av forskerne p\u00e5 feltet mener forklaringen er smitte fra dyr til menneske, og ikke lablekkasje.\u00a0<\/p>\n<p>Studier, publisert blant annet i <a href=\"https:\/\/pubmed.ncbi.nlm.nih.gov\/35881010\/\" data-lab-font_weight=\"font-weight-bold\" class=\"font-weight-bold m-font-weight-bold\" rel=\"nofollow noopener\" target=\"_blank\">Science<\/a>, konkluderer med at viruset mest sannsynlig hoppet fra et dyr til menneske ved et marked i Wuhan.\u00a0<\/p>\n<p>Men teorien om en lablekkasje har etter hvert f\u00e5tt mer st\u00f8tte.\u00a0<\/p>\n<p>Amerikansk etterretning har brukt flere \u00e5r p\u00e5 \u00e5 unders\u00f8ke dets opprinnelse, men kommet til ulike konklusjoner.\u00a0<\/p>\n<p>Det vekket oppsikt da CIA i januar 2025 konkluderte med at det er <a href=\"https:\/\/www.vg.no\/nyheter\/i\/bm6Val\/cia-koronaviruset-stammer-trolig-fra-kinesisk-laboratorium\" data-lab-font_weight=\"font-weight-bold\" class=\"font-weight-bold m-font-weight-bold\" rel=\"nofollow noopener\" target=\"_blank\">mer sannsynlig<\/a> at covid-19 kom fra et laboratorium i Kina enn fra dyr.<\/p>\n<p>Flere andre saker<\/p>\n<p>Det har v\u00e6rt flere saker i USA der utenforst\u00e5ende har krevd innsyn eller svar fra vitenskapelige tidsskrifter.<\/p>\n<ul>\n<li class=\"lab-bodytext-line\">Legemiddelselskapet Pfizer gikk rettens vei for \u00e5 f\u00e5 innsyn i fagfellevurderinger fra vitenskapelige tidsskrifter. Retten <a href=\"https:\/\/pmc.ncbi.nlm.nih.gov\/articles\/PMC2287234\/\" rel=\"nofollow noopener\" target=\"_blank\">avviste i 2008 s\u00f8ksm\u00e5let<\/a> og begrunnet det blant annet med at en slik utlevering kan skremme forskere fra \u00e5 skrive fagfellevurderinger.<\/li>\n<li class=\"lab-bodytext-line\">I april 2025 sendte statsadvokaten for Washington D.C.<a href=\"https:\/\/www.nytimes.com\/2025\/04\/18\/health\/trump-martin-us-attorney-medical-journals.html\" data-lab-font_weight=\"font-weight-bold\" class=\"font-weight-bold m-font-weight-bold\" rel=\"nofollow noopener\" target=\"_blank\"> brev til flere vitenskapelige tidsskrifter<\/a> med blant annet sp\u00f8rsm\u00e5l om hvordan de sikrer objektivitet, om de aksepterer artikler med alternative perspektiver og hvordan de h\u00e5ndterer p\u00e5stander om at de villeder leserne sine.<\/li>\n<li class=\"lab-bodytext-line\">Kongressmedlemmet og klimaskeptikeren Lamar Smith krevde i 2015 <a href=\"https:\/\/www.govexec.com\/oversight\/2015\/11\/lawmaker-claims-noaa-altered-climate-change-data-issues-rare-subpoena-internal-research-docs\/123449\/\" data-lab-font_weight=\"font-weight-bold\" class=\"font-weight-bold m-font-weight-bold\" rel=\"nofollow noopener\" target=\"_blank\">innsyn i interne dokumenter fra en klimastudie fra NOAA<\/a>, et f\u00f8deralt forskningsbyr\u00e5. Smith hevdet NOAA hadde \u00abendret dataene for \u00e5 f\u00e5 de politisk korrekte resultatene de \u00f8nsket\u00bb. Det endte med at NOAA leverte ut r\u00e5dataene, men ikke forskernes interne og eksterne kommunikasjon.<\/li>\n<\/ul>\n<p>        <a itemprop=\"url\" class=\"\" href=\"https:\/\/www.khrono.no\/hvorfor-far-laboratorieteorien-fortsatt-oppmerksomhet\/978637\" data-k5a-url=\"https:\/\/www.khrono.no\/a\/978637\" rel=\"nofollow noopener\" target=\"_blank\"><\/p>\n<p>\nDebatt \u25cf J\u00f6rn Klein\n<\/p>\n<p>            \u00a0Hvorfor laboratorieteorien fortsatt f\u00e5r oppmerksomhet<\/p>\n<p>        <\/a><\/p>\n","protected":false},"excerpt":{"rendered":"covid-19 Den amerikanske senatoren\u00a0Rand Paul vil ha innsyn i fagfellevurderinger og e-poster knyttet til koronaforskning. Senator Rand Paul&hellip;\n","protected":false},"author":2,"featured_media":135506,"comment_status":"","ping_status":"","sticky":false,"template":"","format":"standard","meta":{"footnotes":""},"categories":[12],"tags":[20,21,24,25,15,22,23,13,30,28,29,14,16,26,27,42,43,44,45],"class_list":{"0":"post-135505","1":"post","2":"type-post","3":"status-publish","4":"format-standard","5":"has-post-thumbnail","7":"category-verden","8":"tag-breaking-news","9":"tag-breakingnews","10":"tag-featured-news","11":"tag-featurednews","12":"tag-headlines","13":"tag-latest-news","14":"tag-latestnews","15":"tag-news","16":"tag-no","17":"tag-norge","18":"tag-norway","19":"tag-nyheter","20":"tag-overskrifter","21":"tag-top-stories","22":"tag-topstories","23":"tag-verden","24":"tag-world","25":"tag-world-news","26":"tag-worldnews"},"share_on_mastodon":{"url":"https:\/\/pubeurope.com\/@no\/115882312792333409","error":""},"_links":{"self":[{"href":"https:\/\/www.europesays.com\/no\/wp-json\/wp\/v2\/posts\/135505","targetHints":{"allow":["GET"]}}],"collection":[{"href":"https:\/\/www.europesays.com\/no\/wp-json\/wp\/v2\/posts"}],"about":[{"href":"https:\/\/www.europesays.com\/no\/wp-json\/wp\/v2\/types\/post"}],"author":[{"embeddable":true,"href":"https:\/\/www.europesays.com\/no\/wp-json\/wp\/v2\/users\/2"}],"replies":[{"embeddable":true,"href":"https:\/\/www.europesays.com\/no\/wp-json\/wp\/v2\/comments?post=135505"}],"version-history":[{"count":0,"href":"https:\/\/www.europesays.com\/no\/wp-json\/wp\/v2\/posts\/135505\/revisions"}],"wp:featuredmedia":[{"embeddable":true,"href":"https:\/\/www.europesays.com\/no\/wp-json\/wp\/v2\/media\/135506"}],"wp:attachment":[{"href":"https:\/\/www.europesays.com\/no\/wp-json\/wp\/v2\/media?parent=135505"}],"wp:term":[{"taxonomy":"category","embeddable":true,"href":"https:\/\/www.europesays.com\/no\/wp-json\/wp\/v2\/categories?post=135505"},{"taxonomy":"post_tag","embeddable":true,"href":"https:\/\/www.europesays.com\/no\/wp-json\/wp\/v2\/tags?post=135505"}],"curies":[{"name":"wp","href":"https:\/\/api.w.org\/{rel}","templated":true}]}}