{"id":135507,"date":"2026-01-12T13:15:23","date_gmt":"2026-01-12T13:15:23","guid":{"rendered":"https:\/\/www.europesays.com\/no\/135507\/"},"modified":"2026-01-12T13:15:23","modified_gmt":"2026-01-12T13:15:23","slug":"vaeret-vestlandet-kansellerte-flyavganger-og-kolonnekjoring-pa-vestlandet-pa-grunn-av-uvaeret","status":"publish","type":"post","link":"https:\/\/www.europesays.com\/no\/135507\/","title":{"rendered":"V\u00e6ret, Vestlandet | Kansellerte flyavganger og kolonnekj\u00f8ring p\u00e5 Vestlandet p\u00e5 grunn av uv\u00e6ret"},"content":{"rendered":"\n<p><b>V\u00c6RET: <\/b>Flere flyankomster og -avganger p\u00e5 Flesland i Bergen, er kansellert, skriver <a rel=\"noopener nofollow\" href=\"https:\/\/www.ba.no\/incoming\/5-8-3278337.html\" target=\"_blank\">Bergensavisen <\/a>og <a rel=\"noopener nofollow\" href=\"https:\/\/www.bt.no\/nyheter\/direkte\/i\/BR649v\/nyheter-direkte?pinnedEntry=328504\" target=\"_blank\">Bergens Tidende.<\/a><\/p>\n<p>P\u00e5 Stavanger Lufthavn Sola sto all flytrafikken i en kort periode mandag formiddag, skriver <a rel=\"noopener nofollow\" href=\"https:\/\/www.aftenbladet.no\/direkte\/i\/0EGlxJ\/vi-foelger-trafikken-direkte?pinnedEntry=297239\" target=\"_blank\">Stavanger Aftenblad<\/a>.<\/p>\n<p><b>\u2013 Hovedproblemet akkurat n\u00e5 er at vi ikke klarer \u00e5 ise av flyene p\u00e5 grunn av vinden. Det betyr at ingen fly kan lette fra Sola, sa lufthavnsdirekt\u00f8r Anette Sigmundstad i Avinor til Aftenbladet rundt klokken 9.<\/b><\/p>\n<p>Kort tid f\u00f8r klokken 10 opplyser Avinor til NTB at problemet s\u00e5 ut til \u00e5 v\u00e6re l\u00f8st og flere fly hadde f\u00e5tt tatt av.<\/p>\n<p>Nordsj\u00f8-trafikk kansellert<\/p>\n<p>I Nordsj\u00f8en er alle dagens helikopteravganger til og fra Flesland i Bergen, opplyser Equinor p\u00e5 Heliport.no. De viser til vind og h\u00f8ye b\u00f8lger. De fleste avgangene mellom Flor\u00f8 og Nordsj\u00f8en er ogs\u00e5 kansellert.<\/p>\n<p>Den \u00f8vrige helikoptertrafikken mellom Stavanger og Nordsj\u00f8en er preget av forsinkelser, skriver <a rel=\"noopener nofollow\" href=\"https:\/\/www.nrk.no\/rogaland\/forseinkingar-i-helikoptertrafikken--1.17723446\" target=\"_blank\">NRK. <\/a>Equinor ber passasjerene m\u00f8te opp til vanlig tid.<\/p>\n<p>  <a href=\"https:\/\/www.h-avis.no\/5-62-1974856\" class=\"related-teaser has-image default-story-teaser article--c-eRUmMG article--c-eRUmMG-jKCPdD-design-default\" rel=\"nofollow noopener\" target=\"_blank\"><\/p>\n<p>    <img decoding=\"async\" loading=\"lazy\"  src=\"https:\/\/www.europesays.com\/no\/wp-content\/uploads\/2026\/01\/IMG_2713.jpg\" alt=\"\" class=\"brick-c-cFOWSL\" style=\"\"\/><\/p>\n<p>\n            Les ogs\u00e5<\/p>\n<p>              Parkerte flyene sidelengs\n        <\/p>\n<p>  <\/a><br \/>\n  En rekke farevarsler<\/p>\n<p>Store deler av norgeskartet er dekket av ulike farevarsler. Kraftige vindkast preget store deler av landet, men det er alts\u00e5 deler av Hordaland og Rogaland hvor det bl\u00e5ser som verst.<\/p>\n<p><a rel=\"noopener nofollow\" href=\"https:\/\/www.yr.no\/nb\/farevarsler\" target=\"_blank\">Meteorologene advarer<\/a> om mulighet for sv\u00e6rt kraftige vindkast p\u00e5 opp til 40 meter per sekund, liten til full storm p\u00e5 kysten og i fjellet.<\/p>\n<p>I ytre deler av Agder er det sendt ut oransje farevarsel om sv\u00e6rt mye sn\u00f8 mandag. Det kan komme opptil 40 centimeter sn\u00f8 enkelte steder.<\/p>\n<p>Kolonnekj\u00f8ring i fjellet<\/p>\n<p>P\u00e5 riksvei 7 over Hardangervidda er det innf\u00f8rt kolonnekj\u00f8ring for alle kj\u00f8ret\u00f8y, opplyser Vegtrafikksentralen p\u00e5 <a rel=\"noopener nofollow\" href=\"https:\/\/x.com\/VTSvest\">X<\/a> mandag morgen.<\/p>\n<p>Kolonnekj\u00f8ringen ble innf\u00f8rt ved 6.30-tiden mandag morgen og ansl\u00e5s \u00e5 vare til klokken 18 mandag kveld.<\/p>\n<p>Det er ogs\u00e5 kolonnekj\u00f8ring for alle kj\u00f8ret\u00f8y p\u00e5 E134 Haukelifjell, som ventes \u00e5 vare til klokken 3.12 natt til tirsdag.<\/p>\n<p>  <a href=\"https:\/\/www.h-avis.no\/5-62-1974865\" class=\"related-teaser has-image default-story-teaser article--c-eRUmMG article--c-eRUmMG-jKCPdD-design-default\" rel=\"nofollow noopener\" target=\"_blank\"><\/p>\n<p>    <img decoding=\"async\" loading=\"lazy\"  src=\"https:\/\/www.europesays.com\/no\/wp-content\/uploads\/2026\/01\/1229047_1.jpg\" alt=\"\" class=\"brick-c-cFOWSL\" style=\"\"\/><\/p>\n<p>\n            Les ogs\u00e5<\/p>\n<p>              Kolonne p\u00e5 Haukeli\n        <\/p>\n<p>  <\/a><\/p>\n<p>  <a href=\"https:\/\/www.h-avis.no\/5-62-1974898\" class=\"related-teaser has-image default-story-teaser article--c-eRUmMG article--c-eRUmMG-jKCPdD-design-default\" rel=\"nofollow noopener\" target=\"_blank\"><\/p>\n<p>    <img decoding=\"async\" loading=\"lazy\"  src=\"https:\/\/www.europesays.com\/no\/wp-content\/uploads\/2026\/01\/image_F4721C54-740E-4CC3-98E2-C96E90A17C0D_1768203185.jpeg\" alt=\"\" class=\"brick-c-cFOWSL\" style=\"\"\/><\/p>\n<p>\n            Les ogs\u00e5<\/p>\n<p>              Vognskur bl\u00e5ste avg\u00e5rde\n        <\/p>\n<p>  <\/a><\/p>\n","protected":false},"excerpt":{"rendered":"V\u00c6RET: Flere flyankomster og -avganger p\u00e5 Flesland i Bergen, er kansellert, skriver Bergensavisen og Bergens Tidende. P\u00e5 Stavanger&hellip;\n","protected":false},"author":2,"featured_media":135508,"comment_status":"","ping_status":"","sticky":false,"template":"","format":"standard","meta":{"footnotes":""},"categories":[10],"tags":[36,20,21,24,25,15,22,23,13,30,28,29,14,16,1510,26,27,224,387,4691],"class_list":{"0":"post-135507","1":"post","2":"type-post","3":"status-publish","4":"format-standard","5":"has-post-thumbnail","7":"category-norge","8":"tag-art","9":"tag-breaking-news","10":"tag-breakingnews","11":"tag-featured-news","12":"tag-featurednews","13":"tag-headlines","14":"tag-latest-news","15":"tag-latestnews","16":"tag-news","17":"tag-no","18":"tag-norge","19":"tag-norway","20":"tag-nyheter","21":"tag-overskrifter","22":"tag-story","23":"tag-top-stories","24":"tag-topstories","25":"tag-trafikk","26":"tag-vaeret","27":"tag-vestlandet"},"share_on_mastodon":{"url":"https:\/\/pubeurope.com\/@no\/115882316518232768","error":""},"_links":{"self":[{"href":"https:\/\/www.europesays.com\/no\/wp-json\/wp\/v2\/posts\/135507","targetHints":{"allow":["GET"]}}],"collection":[{"href":"https:\/\/www.europesays.com\/no\/wp-json\/wp\/v2\/posts"}],"about":[{"href":"https:\/\/www.europesays.com\/no\/wp-json\/wp\/v2\/types\/post"}],"author":[{"embeddable":true,"href":"https:\/\/www.europesays.com\/no\/wp-json\/wp\/v2\/users\/2"}],"replies":[{"embeddable":true,"href":"https:\/\/www.europesays.com\/no\/wp-json\/wp\/v2\/comments?post=135507"}],"version-history":[{"count":0,"href":"https:\/\/www.europesays.com\/no\/wp-json\/wp\/v2\/posts\/135507\/revisions"}],"wp:featuredmedia":[{"embeddable":true,"href":"https:\/\/www.europesays.com\/no\/wp-json\/wp\/v2\/media\/135508"}],"wp:attachment":[{"href":"https:\/\/www.europesays.com\/no\/wp-json\/wp\/v2\/media?parent=135507"}],"wp:term":[{"taxonomy":"category","embeddable":true,"href":"https:\/\/www.europesays.com\/no\/wp-json\/wp\/v2\/categories?post=135507"},{"taxonomy":"post_tag","embeddable":true,"href":"https:\/\/www.europesays.com\/no\/wp-json\/wp\/v2\/tags?post=135507"}],"curies":[{"name":"wp","href":"https:\/\/api.w.org\/{rel}","templated":true}]}}