{"id":135509,"date":"2026-01-12T13:16:25","date_gmt":"2026-01-12T13:16:25","guid":{"rendered":"https:\/\/www.europesays.com\/no\/135509\/"},"modified":"2026-01-12T13:16:25","modified_gmt":"2026-01-12T13:16:25","slug":"evakuerte-bebyggelse","status":"publish","type":"post","link":"https:\/\/www.europesays.com\/no\/135509\/","title":{"rendered":"Evakuerte bebyggelse"},"content":{"rendered":"<p class=\"kicker \" style=\"\">Skogbrann p\u00e5 Ask\u00f8y:<\/p>\n<p>    Det brant p\u00e5 tre forskjellige steder i terrenget p\u00e5 Ask\u00f8y, og flere m\u00e5tte evakuere.<\/p>\n<p>\n    BRANN: Sterk vind har gjort slokningsarbeidet krevende. Foto: Dagbladet-tipser\n  <\/p>\n<p class=\"font-weight-bold m-font-weight-bold\" data-lab-font_weight=\"font-weight-bold\">SISTE: Brannvesenet mener \u00e5 ha kontroll p\u00e5 brannen n\u00e5. Per n\u00e5 ingen \u00e5pne flammer, melder politiet klokka 20.36. De evakuerte f\u00e5r returnere til sine boliger.\u00a0<\/p>\n<p>&#8211; Det er kaotisk, sier Trond Thomassen til Dagbladet.\u00a0<\/p>\n<p>Han var p\u00e5 vei hjem til Ask\u00f8y etter en tur til \u00d8stlandet, da han knappe hundre meter fra hjemmet sitt ble stoppet med beskjed om at han m\u00e5 evakuere.<\/p>\n<p>&#8211; Jeg vet ikke hvor det brenner. Jeg kan ikke se huset mitt herfra, sier Thomassen, som f\u00f8rst snakket med <a href=\"https:\/\/www.bt.no\/nyheter\/direkte\/i\/8p6qRE\/rykker-ut-til-melding-om-brann-paa-askoey\" rel=\"nofollow noopener\" target=\"_blank\">BT.<\/a>\u00a0<\/p>\n<p>Ikke kontroll\t<\/p>\n<p>Like f\u00f8r klokka 19 s\u00f8ndag rykket n\u00f8detatene ut etter meldinger om brann og r\u00f8yk i omr\u00e5det Hauglandshella p\u00e5 Ask\u00f8y.<\/p>\n<p class=\"font-weight-bold m-font-weight-bold\" data-lab-font_weight=\"font-weight-bold\">Det brenner p\u00e5 tre forskjellige omr\u00e5der i terrenget, opplyser politiet like f\u00f8r klokka 20, og legger til at det ikke er kontroll p\u00e5 brannen.<\/p>\n<p>If\u00f8lge politiets operasjonsleder Tore-Andre Brakstad\u00a0brenner det i terrenget p\u00e5 Nordsiden av Storavatnet p\u00e5 Han\u00f8y.\u00a0<\/p>\n<p>&#8211; Det iverksettes evakuering av bebyggelse p\u00e5 nordsiden av Han\u00f8yvegen, opplyser han i politiloggen.<\/p>\n<p>Politiet har, etter det Dagbladet f\u00e5r opplyst s\u00f8ndag, banket p\u00e5 hos flere og sagt at de m\u00e5 v\u00e6re klare for \u00e5 evakuere dersom vinden snur.\u00a0<\/p>\n<p>&#8211; Krevende\t<\/p>\n<p>Vaktleder Stian Kvam hos 110-sentralen Vest forteller at brannvesenet har ankommet Ask\u00f8y og Laksev\u00e5g, og at de jobber med \u00e5 f\u00e5 oversikt.\u00a0<\/p>\n<p>&#8211; Vi vet ikke hvor stort omr\u00e5de det er som brenner, men f\u00e5r sendt inn en drone for \u00e5 f\u00e5 et bedre bilde, sier Kvam til Dagbladet.<\/p>\n<p>Terrenget det brenner i, er krevende, forteller han videre.\u00a0<\/p>\n<p>&#8211; Det er t\u00f8rt i terrenget, og brannen hopper fra lyng til tr\u00e6r, som gj\u00f8r det til et vanskelig omr\u00e5de \u00e5 f\u00e5 kontroll i. Det er ogs\u00e5 vind, som ikke er bra, sier vaktlederen.\u00a0<\/p>\n<p>If\u00f8lge Yr er det fra natt til mandag til mandag ettermiddag ventet lokalt kraftige vindkast p\u00e5 27-30 m\/s fra s\u00f8r\u00f8st, og liten til full storm p\u00e5 kysten og i fjellet p\u00e5 Ask\u00f8y. Det vil v\u00e6re store lokale forskjeller i vindstyrke.<\/p>\n","protected":false},"excerpt":{"rendered":"Skogbrann p\u00e5 Ask\u00f8y: Det brant p\u00e5 tre forskjellige steder i terrenget p\u00e5 Ask\u00f8y, og flere m\u00e5tte evakuere. BRANN:&hellip;\n","protected":false},"author":2,"featured_media":135510,"comment_status":"","ping_status":"","sticky":false,"template":"","format":"standard","meta":{"footnotes":""},"categories":[5],"tags":[20,21,24,25,15,19,2539,22,23,17,18,13,30,28,29,14,16,26,27],"class_list":{"0":"post-135509","1":"post","2":"type-post","3":"status-publish","4":"format-standard","5":"has-post-thumbnail","7":"category-overskrifter","8":"tag-breaking-news","9":"tag-breakingnews","10":"tag-featured-news","11":"tag-featurednews","12":"tag-headlines","13":"tag-hovedoppslag","14":"tag-innenriks","15":"tag-latest-news","16":"tag-latestnews","17":"tag-main-news","18":"tag-mainnews","19":"tag-news","20":"tag-no","21":"tag-norge","22":"tag-norway","23":"tag-nyheter","24":"tag-overskrifter","25":"tag-top-stories","26":"tag-topstories"},"share_on_mastodon":{"url":"https:\/\/pubeurope.com\/@no\/115882320494217945","error":""},"_links":{"self":[{"href":"https:\/\/www.europesays.com\/no\/wp-json\/wp\/v2\/posts\/135509","targetHints":{"allow":["GET"]}}],"collection":[{"href":"https:\/\/www.europesays.com\/no\/wp-json\/wp\/v2\/posts"}],"about":[{"href":"https:\/\/www.europesays.com\/no\/wp-json\/wp\/v2\/types\/post"}],"author":[{"embeddable":true,"href":"https:\/\/www.europesays.com\/no\/wp-json\/wp\/v2\/users\/2"}],"replies":[{"embeddable":true,"href":"https:\/\/www.europesays.com\/no\/wp-json\/wp\/v2\/comments?post=135509"}],"version-history":[{"count":0,"href":"https:\/\/www.europesays.com\/no\/wp-json\/wp\/v2\/posts\/135509\/revisions"}],"wp:featuredmedia":[{"embeddable":true,"href":"https:\/\/www.europesays.com\/no\/wp-json\/wp\/v2\/media\/135510"}],"wp:attachment":[{"href":"https:\/\/www.europesays.com\/no\/wp-json\/wp\/v2\/media?parent=135509"}],"wp:term":[{"taxonomy":"category","embeddable":true,"href":"https:\/\/www.europesays.com\/no\/wp-json\/wp\/v2\/categories?post=135509"},{"taxonomy":"post_tag","embeddable":true,"href":"https:\/\/www.europesays.com\/no\/wp-json\/wp\/v2\/tags?post=135509"}],"curies":[{"name":"wp","href":"https:\/\/api.w.org\/{rel}","templated":true}]}}