{"id":135513,"date":"2026-01-12T13:21:36","date_gmt":"2026-01-12T13:21:36","guid":{"rendered":"https:\/\/www.europesays.com\/no\/135513\/"},"modified":"2026-01-12T13:21:36","modified_gmt":"2026-01-12T13:21:36","slug":"sentralbanksjef-i-usa-jerome-powell-sier-han-er-under-etterforskning-nrk-urix-utenriksnyheter-og-dokumentarer","status":"publish","type":"post","link":"https:\/\/www.europesays.com\/no\/135513\/","title":{"rendered":"Sentralbanksjef i USA Jerome Powell sier han er under etterforskning \u2013 NRK Urix \u2013 Utenriksnyheter og -dokumentarer"},"content":{"rendered":"<p>Justisdepartementet i USA truer med \u00e5 tiltale sentralbanksjef Jerome Powell, sier han selv i <a href=\"https:\/\/www.federalreserve.gov\/newsevents\/speech\/powell20260111a.htm\" ec-id=\"https:\/\/www.federalreserve.gov\/newsevents\/speech\/powell20260111a.htm\" ec-name=\"en uttalelse\" rel=\"nofollow noopener\" target=\"_blank\">en uttalelse<\/a> natt til mandag.<\/p>\n<p>Bakgrunnen er forklaringen hans overfor Kongressen om det p\u00e5g\u00e5ende renoveringsprosjekt av Federal Reserves hovedkvarter i Washington.<\/p>\n<p>Prislappen skal v\u00e6re p\u00e5 2,5 milliarder dollar, eller i overkant av 25 milliarder kroner.<\/p>\n<p><img decoding=\"async\"   src=\"data:image\/gif;base64,R0lGODlhAQABAIAAAAAAAP\/\/\/yH5BAEAAAAALAAAAAABAAEAAAIBRAA7\" loading=\"eager\" alt=\"Byggeomr\u00e5de med stillaser og arbeidere. En arbeider med verneutstyr jobber p\u00e5 et stillas til venstre, mens en annen beveger seg p\u00e5 jorden til h\u00f8yre. Omgivelsene preges av konstruksjonsutstyr og barrierer. Bygningen i bakgrunnen har synlige vinduer og en uferdig fasade. (Bildebeskrivelsen er laget av en KI-tjeneste)\" title=\"Foto: BRENDAN SMIALOWSKI \/ AFP \/ NTB\"\/><\/p>\n<p class=\"\">Federal Reserve-bygget i Washington, D.C. er under oppussing. Her fra 30. desember 2025.<\/p>\n<p>Foto: BRENDAN SMIALOWSKI \/ AFP \/ NTB<\/p>\n<p>Det hvite hus begynte tidlig i fjor \u00e5 kritisere sentralbankens renovering av to bygninger i Washington, skriver Reuters. Det hvite hus har beskrevet prosjektet som overdrevent kostbart og prangende. Powell har sagt at oppgraderingene er n\u00f8dvendige.<\/p>\n<p><strong>Selv kaller Powell det hele for en unnskyldning for \u00e5 f\u00e5 mer innflytelse over sentralbanken og pengepolitikken.<\/strong><\/p>\n<p>Trump p\u00e5 sin side sier han ikke vet noe om etterforskningen.<\/p>\n<p>\u2013 Jeg vet ingenting om det, men han er i hvert fall ikke s\u00e6rlig flink i sentralbanken, og han er heller ikke s\u00e6rlig flink til \u00e5 bygge bygninger, sier Trump til <a href=\"https:\/\/www.nbcnews.com\/politics\/donald-trump\/trump-denies-involvement-doj-fed-subpoena-jerome-powell-rcna253526\" ec-id=\"https:\/\/www.nbcnews.com\/politics\/donald-trump\/trump-denies-involvement-doj-fed-subpoena-jerome-powell-rcna253526\" ec-name=\"NBC News.\" rel=\"nofollow noopener\" target=\"_blank\">NBC News.<\/a><\/p>\n<p>Til motangrep<\/p>\n<p>S\u00f8ndag kveld offentliggjorde Powell stevningen og truslene.<\/p>\n<p>\u2013 Fredag forkynte Justisdepartementet stevninger fra en storjury overfor Federal Reserve, med trussel om en tiltale knyttet til min forklaring for Senatets bankkomit\u00e9 i juni i fjor.<\/p>\n<p>Han legger til at han har dyp respekt for rettsstaten og ansvarliggj\u00f8ring i USAs demokrati, og at ingen, i alle fall ikke lederen for sentralbanken, st\u00e5r over loven.<\/p>\n<p><img decoding=\"async\"   src=\"data:image\/gif;base64,R0lGODlhAQABAIAAAAAAAP\/\/\/yH5BAEAAAAALAAAAAABAAEAAAIBRAA7\" loading=\"eager\" alt=\"Jerome Powell i dress ser rett inn i kamera. \" title=\"Foto: U.S. Federal Reserve \/ Reuters \/ NTB\"\/><\/p>\n<p class=\"\">Jerome Powell kom med en videouttalelse s\u00f8ndag kveld. <\/p>\n<p>Foto: U.S. Federal Reserve \/ Reuters \/ NTB<\/p>\n<p><strong>\u2013 Men denne enest\u00e5ende handlingen m\u00e5 sees i den bredere konteksten av administrasjonens trusler og p\u00e5g\u00e5ende press for lavere renter og generelt st\u00f8rre medbestemmelse over Fed.<\/strong><\/p>\n<p>Den republikanske senatoren Thom Tillis, medlem av Senatets bankkomit\u00e9 som vurderer presidentens nominasjoner til sentralbanken, uttalte p\u00e5 X at trusselen om tiltale setter Justisdepartementets \u00abuavhengighet og troverdighet\u00bb i tvil.<\/p>\n<p>Tillis sa at han vil motsette seg alle Trumps nominerte til Fed, inkludert presidentens kommende valg av ny sentralbanksjef, \u00abinntil dette juridiske sp\u00f8rsm\u00e5let er fullstendig avklart\u00bb.<\/p>\n<p>Powell er snart ferdig som sentralbanksjef.<\/p>\n<p>Et lavpunkt<\/p>\n<p>\u2013 Etterforskningen av Powell er et lavpunkt i Trumps presidentperiode og et lavpunkt i den amerikanske sentralbankens historie, sier Fed-historiker Peter Conti-Brown ved Pennsylvania-universitetet til Reuters.<\/p>\n<p><strong>Han understreker at sentralbanken ikke er til for \u00e5 f\u00f8lge presidentens ordre.<\/strong><\/p>\n<p>\u2013 Fordi Fed har avvist president Trumps fors\u00f8k p\u00e5 \u00e5 legge ned banken, setter han n\u00e5 inn den amerikanske strafferettens fulle tyngde mot dens leder, mener Conti-Brown.<\/p>\n<p><img decoding=\"async\"   src=\"data:image\/gif;base64,R0lGODlhAQABAIAAAAAAAP\/\/\/yH5BAEAAAAALAAAAAABAAEAAAIBRAA7\" loading=\"eager\" alt=\"To personer if\u00f8rt sikkerhetshjelmer st\u00e5r i et byggeomr\u00e5de. Den ene personen holder et dokument mens de diskuterer. Omgivelsene viser uferdige strukturer og byggemateriell. Belysningen i rommet er kunstig og skaper et arbeidsmilj\u00f8. (Bildebeskrivelsen er laget av en KI-tjeneste)\" title=\"Foto: ANDREW CABALLERO-REYNOLDS \/ AFP \/ NTB\"\/><\/p>\n<p class=\"\">Da Powell ga Trump en omvising p\u00e5 byggeomr\u00e5det endte det i krangel framfor verdens presse. <\/p>\n<p>Foto: ANDREW CABALLERO-REYNOLDS \/ AFP \/ NTB<\/p>\n<p>Sjefstrateg Karl Schamotta i Corpay i Toronto sier nyheten er dramatisk.<\/p>\n<p><strong>\u2013 Kveldens avsl\u00f8ringer markerer en dramatisk eskalering i administrasjonens fors\u00f8k p\u00e5 \u00e5 spenne beina under sentralbanken, og kan utl\u00f8se en rekke utilsiktede konsekvenser som g\u00e5r direkte imot president Trumps uttalte m\u00e5l, sier Schamotta til Reuters.<\/strong><\/p>\n<p>Rekordh\u00f8y gullpris<\/p>\n<p>Etter nyheten om etterforskningen stiger prisene p\u00e5 gull og s\u00f8lv til rekordh\u00f8ye niv\u00e5er, skriver AFP.<\/p>\n<p><strong>Prisen p\u00e5 gull n\u00e6rmer seg 4600 euro per unse, mens s\u00f8lvprisen n\u00e6rmer seg 85 euro.<\/strong><\/p>\n<p>Samtidig er det fall i f\u00f8rhandelen p\u00e5 Wall Street mandag, skriver <a href=\"https:\/\/e24.no\/bors\/nyheter?pinnedEntry=303080\" ec-id=\"https:\/\/e24.no\/bors\/nyheter\" ec-name=\"E24\" rel=\"nofollow noopener\" target=\"_blank\">E24<\/a>. Dollaren faller ogs\u00e5.<\/p>\n<p>Kranglet foran pressen<\/p>\n<p>Trump har langet ut mot sentralbanksjef Powell en rekke ganger siden han ble gjeninnsatt som president.<\/p>\n<p>Trump og sentralbanksjefen krangler<\/p>\n<p>I juli kranglet de foran pressen, da Trump var p\u00e5 omvisning p\u00e5 byggeplassen for de nye lokalene til sentralbanken.<\/p>\n<p><strong>\u2013 Vanligvis ville jeg sparket en prosjektleder som overg\u00e5r budsjettet, sa Trump da, og gjentok at han \u00f8nsker at Powell senker renteniv\u00e5et.<\/strong><\/p>\n<p>Publisert<\/p>\n<p>12.01.2026, kl. 07.56<\/p>\n<p>Oppdatert<\/p>\n<p>12.01.2026, kl. 12.00<\/p>\n","protected":false},"excerpt":{"rendered":"Justisdepartementet i USA truer med \u00e5 tiltale sentralbanksjef Jerome Powell, sier han selv i en uttalelse natt til&hellip;\n","protected":false},"author":2,"featured_media":135514,"comment_status":"","ping_status":"","sticky":false,"template":"","format":"standard","meta":{"footnotes":""},"categories":[12],"tags":[20,21,24,25,15,22,23,13,30,28,29,14,16,26,27,42,43,44,45],"class_list":{"0":"post-135513","1":"post","2":"type-post","3":"status-publish","4":"format-standard","5":"has-post-thumbnail","7":"category-verden","8":"tag-breaking-news","9":"tag-breakingnews","10":"tag-featured-news","11":"tag-featurednews","12":"tag-headlines","13":"tag-latest-news","14":"tag-latestnews","15":"tag-news","16":"tag-no","17":"tag-norge","18":"tag-norway","19":"tag-nyheter","20":"tag-overskrifter","21":"tag-top-stories","22":"tag-topstories","23":"tag-verden","24":"tag-world","25":"tag-world-news","26":"tag-worldnews"},"share_on_mastodon":{"url":"https:\/\/pubeurope.com\/@no\/115882340119659369","error":""},"_links":{"self":[{"href":"https:\/\/www.europesays.com\/no\/wp-json\/wp\/v2\/posts\/135513","targetHints":{"allow":["GET"]}}],"collection":[{"href":"https:\/\/www.europesays.com\/no\/wp-json\/wp\/v2\/posts"}],"about":[{"href":"https:\/\/www.europesays.com\/no\/wp-json\/wp\/v2\/types\/post"}],"author":[{"embeddable":true,"href":"https:\/\/www.europesays.com\/no\/wp-json\/wp\/v2\/users\/2"}],"replies":[{"embeddable":true,"href":"https:\/\/www.europesays.com\/no\/wp-json\/wp\/v2\/comments?post=135513"}],"version-history":[{"count":0,"href":"https:\/\/www.europesays.com\/no\/wp-json\/wp\/v2\/posts\/135513\/revisions"}],"wp:featuredmedia":[{"embeddable":true,"href":"https:\/\/www.europesays.com\/no\/wp-json\/wp\/v2\/media\/135514"}],"wp:attachment":[{"href":"https:\/\/www.europesays.com\/no\/wp-json\/wp\/v2\/media?parent=135513"}],"wp:term":[{"taxonomy":"category","embeddable":true,"href":"https:\/\/www.europesays.com\/no\/wp-json\/wp\/v2\/categories?post=135513"},{"taxonomy":"post_tag","embeddable":true,"href":"https:\/\/www.europesays.com\/no\/wp-json\/wp\/v2\/tags?post=135513"}],"curies":[{"name":"wp","href":"https:\/\/api.w.org\/{rel}","templated":true}]}}