{"id":135515,"date":"2026-01-12T13:22:07","date_gmt":"2026-01-12T13:22:07","guid":{"rendered":"https:\/\/www.europesays.com\/no\/135515\/"},"modified":"2026-01-12T13:22:07","modified_gmt":"2026-01-12T13:22:07","slug":"forteller-om-sin-mobbing-for-a-hindre-andre-i-a-gjore-det-samme-nrk-norge-oversikt-over-nyheter-fra-ulike-deler-av-landet","status":"publish","type":"post","link":"https:\/\/www.europesays.com\/no\/135515\/","title":{"rendered":"Forteller om sin mobbing for \u00e5 hindre andre i \u00e5 gj\u00f8re det samme \u2013 NRK Norge \u2013 Oversikt over nyheter fra ulike deler av landet"},"content":{"rendered":"<p>Eddy Lyshaug angrer bittert p\u00e5 sin egen oppf\u00f8rsel i oppveksten.<\/p>\n<p><strong>\u2013 Mobbingen ble p\u00e5 en m\u00e5te bare en del av meg. Jeg var ekstremt kreativ, og den kreativiteten brukte jeg p\u00e5 \u00e5 finne p\u00e5 dritt, konstaterer han.<\/strong><\/p>\n<p>Ba om unnskyldning<\/p>\n<p>48-\u00e5ringen som sitter i sin m\u00f8rkmalte stue i Indre \u00d8stfold sier han har bedt flere av de han beskriver som sine mobbeofre om unnskyldning.<\/p>\n<p><strong>\u2013 Det har v\u00e6rt skummelt, men i etterkant veldig, veldig fint. Selv om jeg veit at de arrene jeg skapte i dem sitter der for alltid.<\/strong><\/p>\n<p>Eddy kjente ei jente som hadde store komplekser for h\u00e5ret.<\/p>\n<p>\u2013 Vi var venner p\u00e5 tomannsh\u00e5nd, men p\u00e5 skolen knipsa jeg capsen av henne, enn\u00e5 jeg visste hvordan hun hadde det. Hun forteller at jeg enten gjorde dette eller overs\u00e5 henne fullstendig.<\/p>\n<p>Da Eddy hadde v\u00e6rt p\u00e5 30 \u00e5rs gjenforening med klassen, fikk han melding fra en annen medelev.<\/p>\n<p>\u2013 Hun hadde h\u00f8rt jeg hadde endra meg, men turte likevel ikke komme p\u00e5 grunn av hvordan jeg hadde oppf\u00f8rt meg tidligere.<\/p>\n<p>\u2013 Kjemped\u00e5rlig samvittighet<\/p>\n<p>Eddys \u00f8yne er blitt blanke bak brilleglassene.<\/p>\n<p><strong>\u2013 Jeg skammer meg hver eneste dag og har kjemped\u00e5rlig samvittighet. Men jeg f\u00e5r jo ikke gjort noe med det, annet enn \u00e5 l\u00e6re av det og hjelpe andre n\u00e5.<\/strong><\/p>\n<p>Eddy har siden 2023 holdt foredrag p\u00e5 skoler og arbeidsplasser. Foredraget heter \u00abMobberen og mobbeofferet &#8211; ord kan drepe &#8211; ord kan hjelpe\u00bb. Eddy har flere r\u00e5d til potensielle mobbere:<\/p>\n<p>\u2013 Hvordan vil du at andre skal huske deg? V\u00e6r bevisst p\u00e5 hvordan du er og hvordan du f\u00e5r andre til \u00e5 f\u00f8le seg. Og v\u00e6r \u00e5pen om hvordan du har det.<\/p>\n<p><img decoding=\"async\"   src=\"data:image\/gif;base64,R0lGODlhAQABAIAAAAAAAP\/\/\/yH5BAEAAAAALAAAAAABAAEAAAIBRAA7\" loading=\"eager\" alt=\"en mann og en kvinne sitter ved et bord (Bildebeskrivelsen er laget av en KI-tjeneste)\" title=\"Foto: Tom Balgaard \/ NRK\"\/><\/p>\n<p class=\"\">Da Eddy Lyshaug fikk lese om hvordan Kathrine Edvardsen Neegaard ble mobba i \u00e5revis, inviterte han henne til skolen han jobba p\u00e5 \u2013 n\u00e5 holder de foredrag sammen. <\/p>\n<p>Foto: Tom Balgaard \/ NRK<\/p>\n<p>Eddy har selv jobba som l\u00e6rer og mener skolen og voksne m\u00e5 s\u00f8rge for trygghet i klasserommene og hjemme.<\/p>\n<p>\u2013 Hvorfor mobba du andre?<\/p>\n<p><strong>\u2013 Jeg var veldig stor for alderen, men veldig liten inni. Utrygg p\u00e5 alt. Mitt skjold blei \u00e5 v\u00e6re stygg i munnen og v\u00e6re fysisk. Jeg trykte andre ned for \u00e5 f\u00e5 det bedre sj\u00f8l.<\/strong><\/p>\n<p>Voksnes ansvar<\/p>\n<p>Psykologspesialist Erling Rognli applauderer Eddys \u00e5penhet.<\/p>\n<p>\u2013 Det er innmari flott at folk er modige og st\u00e5r fram, b\u00e5de om det \u00e5 bli mobba, men kanskje vel s\u00e5 viktig om det \u00e5 ha mobba noen, sier Rognli.<\/p>\n<p>Mobberen blir ofte omtalt helt abstrakt, og f\u00e5 vil innr\u00f8mme at de har mobba, p\u00e5peker Rognli.<\/p>\n<p><strong>\u2013 Dette er jo mennesker som har gjort ting de kanskje i voksen alder angrer p\u00e5.<\/strong><\/p>\n<p><img decoding=\"async\"   src=\"data:image\/gif;base64,R0lGODlhAQABAIAAAAAAAP\/\/\/yH5BAEAAAAALAAAAAABAAEAAAIBRAA7\" loading=\"eager\" alt=\"en mann med briller vendt mot en lysh\u00e5ret kvinne\" title=\"Foto: Tom Balgaard \/ NRK\"\/><\/p>\n<p class=\"\">Kontinuerlig innsats mot mobbing er n\u00f8dvendig fordi det hele tida kommer nye barn til, mener psykologspesialist Erling Rognli. <\/p>\n<p>Foto: Tom Balgaard \/ NRK<\/p>\n<p>\u2013 Hvorfor mobber noen mennesker andre?<\/p>\n<p>\u2013 Det ligger veldig dypt i mennesker \u00e5 v\u00e6re opptatt av sosial status. Og det \u00e5 dominere andre er en m\u00e5te \u00e5 f\u00e5 status p\u00e5 i mange sammenhenger.<\/p>\n<p>If\u00f8lge Rognli m\u00e5 innsatsen mot mobbing v\u00e6re kontinuerlig i skolene.<\/p>\n<p><strong>\u2013 Vi har lett for \u00e5 tenke at vi skal ta h\u00e5nd om mobbinga og bli kvitt det. Men s\u00e5 glemmer vi at det hele tida kommer nye barn inn i de sosiale fellesskapene som m\u00e5 l\u00e6res opp til \u00e5 oppf\u00f8re seg ordentlig mot andre.<\/strong><\/p>\n<p>H\u00f8flighet, respekt og omsorg<\/p>\n<p>Psykologspesialisten mener en m\u00e5 skille mellom det \u00e5 h\u00e5ndtere eksisterende mobbing og det \u00e5 hindre at mobbing begynner \u00e5 skje.<\/p>\n<p>\u2013 Ved eksisterende mobbing er det f\u00f8rst og fremst de voksne rundt barna som er n\u00f8dt til \u00e5 samarbeide, og ta tak i problemet. Alts\u00e5 foreldre og ofte l\u00e6rere.<\/p>\n<p>Fjor\u00e5rets tall viste at rundt <a href=\"https:\/\/www.nrk.no\/stor-oslo\/mobbetallene-gar-ned-i-hele-landet-1.17687024\" ec-id=\"pp:article:1.17687024\" ec-name=\"10 prosent av norske elever opplever mobbing.\" rel=\"nofollow noopener\" target=\"_blank\">10 prosent av norske elever opplever mobbing. <\/a><\/p>\n<p>Rognli presiserer at mobbing ogs\u00e5 skjer blant voksne og p\u00e5 arbeidsplasser.<\/p>\n<p>\u2013 Hvis jeg kommer med uh\u00f8flige kommentarer til en annen og alle rundt ler og syns jeg er kul, da er jo sjansen st\u00f8rre for at jeg gj\u00f8r det igjen, sier Rognli.<\/p>\n<p>Men: I en situasjon hvor det \u00e5 oppf\u00f8re seg d\u00e5rlig mot et annet menneske er et normbrudd, vil mobbing stikke seg mye mer ut og ofte bli m\u00f8tt med negative sanksjoner fra andre, forteller psykologspesialisten.<\/p>\n<p><strong>\u2013 Da er sjansen mindre for at den d\u00e5rlige oppf\u00f8rselen gjentar seg. H\u00f8flighet, respekt og omsorg er viktige sosiale normer som forebygger mobbing. <\/strong><\/p>\n<p>Opptrer sammen<\/p>\n<p>Ved siden av Eddy i den m\u00f8rkmalte stua sitter 11 \u00e5r yngre Kathrine Edvardsen Neegaard. Hun opptrer sammen med Eddy p\u00e5 skoler og arbeidsplasser.<\/p>\n<p>\u2013 Jeg gikk fra \u00e5 v\u00e6re ei blid og glad jente som gleda seg til \u00e5 begynne p\u00e5 skolen, til \u00e5 bli ei \u00abm\u00f8rk boble\u00bb som ikke ville leve lenger.<\/p>\n<p><img decoding=\"async\"   src=\"data:image\/gif;base64,R0lGODlhAQABAIAAAAAAAP\/\/\/yH5BAEAAAAALAAAAAABAAEAAAIBRAA7\" loading=\"eager\" alt=\"et n\u00e6rbilde av en persons arrete armer\" title=\"Foto: Tom Balgaard \/ NRK\"\/><\/p>\n<p class=\"\">Kathrine tok ut sorgen og frustrasjonen p\u00e5 seg selv. Underarmene er dekka av arr etter selvskadingen. <\/p>\n<p>Foto: Tom Balgaard \/ NRK<\/p>\n<p>Armene til 37-\u00e5ringen b\u00e6rer preg av smerten hun f\u00f8lte, arrene etter de mange kuttene ligger tett i tett.<\/p>\n<p>\u2013 Rispene og selvmordsfors\u00f8kene var rop om hjelp.<\/p>\n<p>Kathrine fikk beskjed om at mobbingen hun fortalte om ikke eksisterte, hun ville bare ha oppmerksomhet. I 2020 gikk hun til sak mot kommunen og fikk erstatning.<\/p>\n<p>\u2013 Jeg var ei guttejente og fikk h\u00f8re at jeg var stygg, og gjemte meg p\u00e5 do for \u00e5 unng\u00e5 hets og vold.<\/p>\n<p>Eddy leste om Kathrine i lokalavisa Smaalenene og inviterte Kathrine til skolen han jobba p\u00e5. N\u00e5 opptrer de sammen. Kathrine h\u00e5per de kan bidra til at noen f\u00e5r det bedre:<\/p>\n<p>\u2013 Jeg h\u00e5per vi kan sette et lite st\u00f8kk i de som mobber, og gi et lite h\u00e5p til de som blir mobba.<\/p>\n<p>Publisert<\/p>\n<p>12.01.2026, kl. 13.51<\/p>\n","protected":false},"excerpt":{"rendered":"Eddy Lyshaug angrer bittert p\u00e5 sin egen oppf\u00f8rsel i oppveksten. \u2013 Mobbingen ble p\u00e5 en m\u00e5te bare en&hellip;\n","protected":false},"author":2,"featured_media":135516,"comment_status":"","ping_status":"","sticky":false,"template":"","format":"standard","meta":{"footnotes":""},"categories":[10],"tags":[20,21,24,25,15,22,23,13,30,28,29,14,16,26,27],"class_list":{"0":"post-135515","1":"post","2":"type-post","3":"status-publish","4":"format-standard","5":"has-post-thumbnail","7":"category-norge","8":"tag-breaking-news","9":"tag-breakingnews","10":"tag-featured-news","11":"tag-featurednews","12":"tag-headlines","13":"tag-latest-news","14":"tag-latestnews","15":"tag-news","16":"tag-no","17":"tag-norge","18":"tag-norway","19":"tag-nyheter","20":"tag-overskrifter","21":"tag-top-stories","22":"tag-topstories"},"share_on_mastodon":{"url":"https:\/\/pubeurope.com\/@no\/115882344022690032","error":""},"_links":{"self":[{"href":"https:\/\/www.europesays.com\/no\/wp-json\/wp\/v2\/posts\/135515","targetHints":{"allow":["GET"]}}],"collection":[{"href":"https:\/\/www.europesays.com\/no\/wp-json\/wp\/v2\/posts"}],"about":[{"href":"https:\/\/www.europesays.com\/no\/wp-json\/wp\/v2\/types\/post"}],"author":[{"embeddable":true,"href":"https:\/\/www.europesays.com\/no\/wp-json\/wp\/v2\/users\/2"}],"replies":[{"embeddable":true,"href":"https:\/\/www.europesays.com\/no\/wp-json\/wp\/v2\/comments?post=135515"}],"version-history":[{"count":0,"href":"https:\/\/www.europesays.com\/no\/wp-json\/wp\/v2\/posts\/135515\/revisions"}],"wp:featuredmedia":[{"embeddable":true,"href":"https:\/\/www.europesays.com\/no\/wp-json\/wp\/v2\/media\/135516"}],"wp:attachment":[{"href":"https:\/\/www.europesays.com\/no\/wp-json\/wp\/v2\/media?parent=135515"}],"wp:term":[{"taxonomy":"category","embeddable":true,"href":"https:\/\/www.europesays.com\/no\/wp-json\/wp\/v2\/categories?post=135515"},{"taxonomy":"post_tag","embeddable":true,"href":"https:\/\/www.europesays.com\/no\/wp-json\/wp\/v2\/tags?post=135515"}],"curies":[{"name":"wp","href":"https:\/\/api.w.org\/{rel}","templated":true}]}}