{"id":135517,"date":"2026-01-12T13:23:08","date_gmt":"2026-01-12T13:23:08","guid":{"rendered":"https:\/\/www.europesays.com\/no\/135517\/"},"modified":"2026-01-12T13:23:08","modified_gmt":"2026-01-12T13:23:08","slug":"skal-fortsette-a-lete-nrk-rogaland-lokale-nyheter-tv-og-radio","status":"publish","type":"post","link":"https:\/\/www.europesays.com\/no\/135517\/","title":{"rendered":"\u2013 Skal fortsette \u00e5 lete \u2013 NRK Rogaland \u2013 Lokale nyheter, TV og radio"},"content":{"rendered":"<p>Mandag talte statsminister Jonas Gahr St\u00f8re (Ap) til Arbeiderpartiets sentralstyre. Budskapet var krystallklart: Regjeringen har ingen planer om \u00e5 sette proppen i oljekranene med det f\u00f8rste.<\/p>\n<p>\u2013 Budskapet fra meg i dag er tydelig: Olje- og gassindustrien skal vi ta vare p\u00e5. Vi skal fortsatt lete, produsere og levere til Europa, uttalte St\u00f8re, if\u00f8lge NTB.<\/p>\n<p>Bakgrunnen for den nye offensiven er de naturgitte forutsetningene p\u00e5 sokkelen.<a href=\"http:\/\/www.nrk.no\/rogaland\/rekordhoy-produksjon-i-olja-_-investerer-tungt-1.17719048\" ec-id=\"pp:article:1.17719048\" ec-name=\"Etter et rekord\u00e5r for oljeproduksjonen i 2025\" rel=\"nofollow noopener\" target=\"_blank\"> Etter et rekord\u00e5r for oljeproduksjonen i 2025<\/a>, er det ventet at pilene snart vil peke nedover.<\/p>\n<p>Regjeringen vil n\u00e5 legge frem en egen stortingsmelding som skal behandle de vanskelige veivalgene for ti\u00e5ret vi g\u00e5r inn i.<\/p>\n<p><strong>\u2013 Vi skal dempe fallet i produksjon p\u00e5 norsk sokkel, som kommer av naturlige \u00e5rsaker, sa St\u00f8re under talen.<\/strong><\/p>\n<p>Politisk drakamp<\/p>\n<p>Beskjeden fra statsministeren blir godt mottatt i H\u00f8yre, selv om partiet minner om at ideen opprinnelig kom fra dem.<\/p>\n<p>Energipolitisk talsperson Aleksander Stokkeb\u00f8 (H) forventer n\u00e5 arbeidsro for n\u00e6ringen.<\/p>\n<p>\u2013 Det er bra at Arbeiderpartiet stiller bak H\u00f8yres forslag om en ny petroleumsmelding. N\u00e5 forventer jeg at Ap-regjeringen slutter \u00e5 \u00e5pne for omkamper p\u00e5 venstresiden om Norges viktigste n\u00e6ring, sier Stokkeb\u00f8.<\/p>\n<p><img decoding=\"async\"   src=\"data:image\/gif;base64,R0lGODlhAQABAIAAAAAAAP\/\/\/yH5BAEAAAAALAAAAAABAAEAAAIBRAA7\" loading=\"eager\" alt=\"Aleksander Stokkeb\u00f8 snakker om kjernekraft p\u00e5 Worley Rosenberg\" title=\"Foto: Simon Elias Vik Bogen \/ NRK\"\/><\/p>\n<p class=\"\">Aleksander Stokkeb\u00f8 (H) h\u00e5per St\u00f8re mener alvor denne gangen. <\/p>\n<p>Foto: Simon Elias Vik Bogen \/ NRK<\/p>\n<p>Samtidig m\u00e5 St\u00f8re balansere mellom industriens behov og milj\u00f8kravene fra samarbeidspartnere.<\/p>\n<p>Som en del av budsjettforliket med MDG, er regjeringen p\u00e5lagt \u00e5 opprette en egen omstillingskommisjon. Mens MDG mener dette er starten p\u00e5 \u00absiste fase\u00bb for norsk sokkel, har St\u00f8re et annet fokus:<\/p>\n<p>\u2013 Omstillingskommisjonen skal bidra til et bedre kunnskapsgrunnlag for \u00e5 m\u00f8te de utfordringene vi st\u00e5r overfor, forklarte statsministeren.<\/p>\n<p>MDG kritiserer<\/p>\n<p>Partileder Arild Hermstad i MDG gjentar til NRK at Norge trenger en plan for sluttfasen til norsk oljealder.<\/p>\n<p><strong>\u2013 St\u00f8re kan ikke petroleumsmelde seg ut av virkeligheten. Regjeringens oljepolitikk m\u00e5 forholde seg til tiden vi lever i, og ikke til dr\u00f8mmer om en verden som ikke finnes lenger, sier han til NRK. <\/strong><\/p>\n<p><img decoding=\"async\"   src=\"data:image\/gif;base64,R0lGODlhAQABAIAAAAAAAP\/\/\/yH5BAEAAAAALAAAAAABAAEAAAIBRAA7\" loading=\"eager\" alt=\"en mann med armene i kors\" title=\"Foto: William Jobling \/ NRK\"\/><\/p>\n<p class=\"\">Arild Hermstad (MDG) er kritisk. \u2013 S\u00e5 lenge kraft, kapital og kompetanse sluses inn i oljen\u00e6ringen, som St\u00f8re tydeligvis vil fortsette med, blir det ingen gr\u00f8nn omstilling i Norge, sier han.\n<\/p>\n<p>Foto: William Jobling \/ NRK<\/p>\n<p>Han peker p\u00e5 at Europa flytter seg bort fra olje og gass og at vi st\u00e5r midt i en klimakrise, som han mener delvis skyldes norsk olje og gass.<\/p>\n<p>\u2013 L\u00f8sningen er \u00e5 slutte med fossil energi, og regjeringen burde lagt fram en petroleums-sluttmelding i stedet for en petroleumsmelding, sier Hermstad.<\/p>\n<p>I stedet for olje mener partilederen at Norge m\u00e5 satse mer p\u00e5 andre framtidsrettede n\u00e6ringer.<\/p>\n<p>SV-nestleder Lars Haltbrekken h\u00e5per petroleumsmeldingen blir starten p\u00e5 slutten for norsk oljeindustri. <\/p>\n<p>\u2013 Hvis vi skal ha en trygg omstilling til et fossilfritt samfunn, m\u00e5 vi s\u00f8rge for at dyktige oljearbeidere beholder jobbene sine, og at Norge omstilles. Vi skal skape og bevare arbeidsplasser, og s\u00f8rge for et rettferdig gr\u00f8nt skifte for Norge, sier han til NRK. <\/p>\n<p>\u2013 Norsk olje og gass er kritisk viktig<\/p>\n<p>Siden Russlands invasjon av Ukraina har Norges rolle som energileverand\u00f8r blitt sikkerhetspolitisk kritisk. Dette bakteppet preger regjeringens \u00f8nske om \u00e5 opprettholde trykket, samtidig som Equinor fortsetter \u00e5 dele ut milliardkontrakter for \u00e5 holde hjulene i gang.<\/p>\n<p>\u2013 En petroleumsmelding vil kunne sikre n\u00e6ringen viktig forutsigbarhet blant partiene som st\u00f8tter olje- og gassn\u00e6ringen, spesielt n\u00e5r n\u00e6ringen er utsatt for usikkerhet to ganger i \u00e5ret ved budsjettforhandlingene, sier Hildegunn T. Blindheim i Offshore Norge til NRK. <\/p>\n<p><img decoding=\"async\"   src=\"data:image\/gif;base64,R0lGODlhAQABAIAAAAAAAP\/\/\/yH5BAEAAAAALAAAAAABAAEAAAIBRAA7\" loading=\"eager\" alt=\"Adm.direkt\u00f8r - Offshore Norge\" title=\"Foto: William Jobling \/ NRK\"\/><\/p>\n<p class=\"\">Hildegunn T. Blindheim er administrerende direkt\u00f8r i Offshore Norge. Hun mener norsk olje og gass er kritisk viktig i den geopolitiske situasjonen vi st\u00e5r i. <\/p>\n<p>Foto: William Jobling \/ NRK<\/p>\n<p>Hun sier det er bra at forslaget fra Stortinget n\u00e5 blir en realitet.<\/p>\n<p>\u2013 Vi lever i en geopolitisk urolig tid, hvor leveranse av olje og gass fra norsk sokkel er kritisk viktig for Europas energisikkerhet, sier hun. <\/p>\n<p>Innstillingen fra energi- og milj\u00f8komiteen er ventet i slutten av januar, og vil gi de f\u00f8rste svarene p\u00e5 de politiske rammene for n\u00e6ringen frem mot 2030-tallet.<\/p>\n<p>Publisert<\/p>\n<p>12.01.2026, kl. 12.42<\/p>\n<p>Oppdatert<\/p>\n<p>12.01.2026, kl. 13.25<\/p>\n","protected":false},"excerpt":{"rendered":"Mandag talte statsminister Jonas Gahr St\u00f8re (Ap) til Arbeiderpartiets sentralstyre. Budskapet var krystallklart: Regjeringen har ingen planer om&hellip;\n","protected":false},"author":2,"featured_media":135518,"comment_status":"","ping_status":"","sticky":false,"template":"","format":"standard","meta":{"footnotes":""},"categories":[5],"tags":[20,21,24,25,15,19,22,23,17,18,13,30,28,29,14,16,26,27],"class_list":{"0":"post-135517","1":"post","2":"type-post","3":"status-publish","4":"format-standard","5":"has-post-thumbnail","7":"category-overskrifter","8":"tag-breaking-news","9":"tag-breakingnews","10":"tag-featured-news","11":"tag-featurednews","12":"tag-headlines","13":"tag-hovedoppslag","14":"tag-latest-news","15":"tag-latestnews","16":"tag-main-news","17":"tag-mainnews","18":"tag-news","19":"tag-no","20":"tag-norge","21":"tag-norway","22":"tag-nyheter","23":"tag-overskrifter","24":"tag-top-stories","25":"tag-topstories"},"share_on_mastodon":{"url":"https:\/\/pubeurope.com\/@no\/115882347912771821","error":""},"_links":{"self":[{"href":"https:\/\/www.europesays.com\/no\/wp-json\/wp\/v2\/posts\/135517","targetHints":{"allow":["GET"]}}],"collection":[{"href":"https:\/\/www.europesays.com\/no\/wp-json\/wp\/v2\/posts"}],"about":[{"href":"https:\/\/www.europesays.com\/no\/wp-json\/wp\/v2\/types\/post"}],"author":[{"embeddable":true,"href":"https:\/\/www.europesays.com\/no\/wp-json\/wp\/v2\/users\/2"}],"replies":[{"embeddable":true,"href":"https:\/\/www.europesays.com\/no\/wp-json\/wp\/v2\/comments?post=135517"}],"version-history":[{"count":0,"href":"https:\/\/www.europesays.com\/no\/wp-json\/wp\/v2\/posts\/135517\/revisions"}],"wp:featuredmedia":[{"embeddable":true,"href":"https:\/\/www.europesays.com\/no\/wp-json\/wp\/v2\/media\/135518"}],"wp:attachment":[{"href":"https:\/\/www.europesays.com\/no\/wp-json\/wp\/v2\/media?parent=135517"}],"wp:term":[{"taxonomy":"category","embeddable":true,"href":"https:\/\/www.europesays.com\/no\/wp-json\/wp\/v2\/categories?post=135517"},{"taxonomy":"post_tag","embeddable":true,"href":"https:\/\/www.europesays.com\/no\/wp-json\/wp\/v2\/tags?post=135517"}],"curies":[{"name":"wp","href":"https:\/\/api.w.org\/{rel}","templated":true}]}}