{"id":135519,"date":"2026-01-12T13:26:07","date_gmt":"2026-01-12T13:26:07","guid":{"rendered":"https:\/\/www.europesays.com\/no\/135519\/"},"modified":"2026-01-12T13:26:07","modified_gmt":"2026-01-12T13:26:07","slug":"msi-lanserer-oppdaterte-baerbare-og-handholdte-pc-er","status":"publish","type":"post","link":"https:\/\/www.europesays.com\/no\/135519\/","title":{"rendered":"MSI lanserer oppdaterte b\u00e6rbare og h\u00e5ndholdte PC-er &#8211;"},"content":{"rendered":"<p>MSI brukte CES 2026 til \u00e5 lansere sin nye overflod av Intel Core Ultra 3- og Nvidia-baserte b\u00e6rbare datamaskiner for b\u00e5de forretningsbruk, produktivitet og spill.<\/p>\n<p>Prestige-serien for forretningsbruk har f\u00e5tt en fullstendig overhaling med en ny og mer avrundet designfilosofi, slankere med aluminiumskropper og betydelig redusert vekt, sammen med en ny Action Touchpad og st\u00f8tte for MSI Nano Pen.<\/p>\n<p>&laquo;Den nydesignede Prestige-serien &#8211; med sitt helt nye designspr\u00e5k, glattere konturer og bedre h\u00e5ndverk &#8211; understreker MSIs engasjement for innovasjon i forretnings- og produktivitetssegmentet. Med unike funksjoner som Action Touchpad og MSI Nano Pen hjelper vi profesjonelle brukere med \u00e5 oppn\u00e5 st\u00f8rre produktivitet og kontroll uansett hvor de er.&raquo;<br \/>&#8211; Eric Kuo, Executive Vice President og General Manager for MSIs NB Business Unit.<\/p>\n<p>De andre seriene har f\u00e5tt b\u00e5de utvendige og innvendige oppgraderinger, nye termiske komponenter og chassis rundt, samt oppgraderinger av CPU og GPU, mens tilbakemeldinger fra brukerne har resultert i en ny I\/O-layout, og Stealth 16 AI+ ble tildelt en CES Innovation Award for sin kombinasjon av ytelse, st\u00f8rrelse og vekt, eller rettere sagt mangel p\u00e5 de to sistnevnte. Raider 16 Max HX har n\u00e5 en enorm str\u00f8mreserve p\u00e5 300 W, noe som gj\u00f8r det mulig \u00e5 bruke Nvidias RTX5090-grafikkort og toppmodellen av Intel Ultra-prosessoren og en 2,5K 240 Hz OLED-skjerm.<\/p>\n<p>For hverdagsbruk ble Modern S-serien avsl\u00f8rt med de nye Intel Core Ultra Series 3-prosessorene og en OLED-versjon, mens den h\u00e5ndholdte Claw fikk en oppgradering i Claw 8 AI+ Glacier Blue Edition med Intel Core Ultra 200V CPU og Arc Xe2-grafikk.<\/p>\n<p><img loading=\"lazy\" decoding=\"async\" id=\"img-1955563-4781233\" data-fullsize=\"\/media\/12\/msilaunchesupdated_4781233b.jpg\" data-lazy=\"\" src=\"https:\/\/www.gamereactor.nohttps:\/\/www.gamereactor.no\/media\/12\/msilaunchesupdated_4781233_650x.jpg\" width=\"650\" onclick=\"if (!window.__cfRLUnblockHandlers) return false; gallery_openmodal('1955563','4781233',false,'7e132d103ce54fda527e88a13a3d1540');\" height=\"433\" alt=\"MSI lanserer oppdaterte b\u00e6rbare og h\u00e5ndholdte PC-er\" class=\"rwd_col_content lazy\" data-cf-modified-0089c501cac6497c6ebb2fba-=\"\"\/>MSI<\/p>\n","protected":false},"excerpt":{"rendered":"MSI brukte CES 2026 til \u00e5 lansere sin nye overflod av Intel Core Ultra 3- og Nvidia-baserte b\u00e6rbare&hellip;\n","protected":false},"author":2,"featured_media":135520,"comment_status":"","ping_status":"","sticky":false,"template":"","format":"standard","meta":{"footnotes":""},"categories":[57],"tags":[30,28,29,65,63,64,66,70,69,67,68],"class_list":{"0":"post-135519","1":"post","2":"type-post","3":"status-publish","4":"format-standard","5":"has-post-thumbnail","7":"category-vitenskap-og-teknologi","8":"tag-no","9":"tag-norge","10":"tag-norway","11":"tag-science","12":"tag-science-and-technology","13":"tag-scienceandtechnology","14":"tag-technology","15":"tag-teknologi","16":"tag-vitenskap","17":"tag-vitenskap-og-teknologi","18":"tag-vitenskapteknologi"},"share_on_mastodon":{"url":"https:\/\/pubeurope.com\/@no\/115882359677032281","error":""},"_links":{"self":[{"href":"https:\/\/www.europesays.com\/no\/wp-json\/wp\/v2\/posts\/135519","targetHints":{"allow":["GET"]}}],"collection":[{"href":"https:\/\/www.europesays.com\/no\/wp-json\/wp\/v2\/posts"}],"about":[{"href":"https:\/\/www.europesays.com\/no\/wp-json\/wp\/v2\/types\/post"}],"author":[{"embeddable":true,"href":"https:\/\/www.europesays.com\/no\/wp-json\/wp\/v2\/users\/2"}],"replies":[{"embeddable":true,"href":"https:\/\/www.europesays.com\/no\/wp-json\/wp\/v2\/comments?post=135519"}],"version-history":[{"count":0,"href":"https:\/\/www.europesays.com\/no\/wp-json\/wp\/v2\/posts\/135519\/revisions"}],"wp:featuredmedia":[{"embeddable":true,"href":"https:\/\/www.europesays.com\/no\/wp-json\/wp\/v2\/media\/135520"}],"wp:attachment":[{"href":"https:\/\/www.europesays.com\/no\/wp-json\/wp\/v2\/media?parent=135519"}],"wp:term":[{"taxonomy":"category","embeddable":true,"href":"https:\/\/www.europesays.com\/no\/wp-json\/wp\/v2\/categories?post=135519"},{"taxonomy":"post_tag","embeddable":true,"href":"https:\/\/www.europesays.com\/no\/wp-json\/wp\/v2\/tags?post=135519"}],"curies":[{"name":"wp","href":"https:\/\/api.w.org\/{rel}","templated":true}]}}