{"id":135523,"date":"2026-01-12T13:30:20","date_gmt":"2026-01-12T13:30:20","guid":{"rendered":"https:\/\/www.europesays.com\/no\/135523\/"},"modified":"2026-01-12T13:30:20","modified_gmt":"2026-01-12T13:30:20","slug":"trafikk-farevarsel-gult-farevarsel-for-is-og-vind-i-vestland","status":"publish","type":"post","link":"https:\/\/www.europesays.com\/no\/135523\/","title":{"rendered":"Trafikk, Farevarsel | Gult farevarsel for is og vind i Vestland"},"content":{"rendered":"\n<p>\u2013 Det har sluddet litt og det er en overgang til plussgrader som gj\u00f8r at vi har sendt ut farevarselet for is, opplyser meteorolog Leonidas Tsopouridis.<\/p>\n<p><b>Varselet gjelder fra mandag morgen til onsdag formiddag. <\/b><\/p>\n<p>Isete veier<\/p>\n<p>Han forteller at det vil komme regn som vil fryse p\u00e5 kald bakke som kan f\u00f8re til is i veiene.<\/p>\n<p><b>\u2013 Dette kan skape lokalt vanskelige kj\u00f8reforhold, sier Tsopouridis.<\/b><\/p>\n<p>Han oppfordrer til \u00e5 beregne ekstra tid og bruke riktig dekk.<\/p>\n<p>\u2013 Hvis du skal ut \u00e5 g\u00e5 er det lurt med brodder sier meteorologen. Det kan med andre ord bli glatt.<\/p>\n<p>Nedb\u00f8ren skal gi seg i l\u00f8pet av morgentimene, opplyser Tsopouridis.<\/p>\n<p>\u2013 Vindkast opp mot 30 meter i sekundet<\/p>\n<p>Det skal bli mye vind og kraftige vindkast, sier Tsopouridis.<\/p>\n<p><b>\u2013 Litt etter klokken 0600 var det vindkast fra s\u00f8r\u00f8st opp mot 30 meter i sekundet. <\/b><\/p>\n<p>If\u00f8lge meteorologen skal det bl\u00e5se mye, opp mot 25 meter i sekunder de neste timene, f\u00f8r det avtar i 14-tiden.<\/p>\n<p>Meteorologisk Institutt oppfordrer til \u00e5 sikre l\u00f8se gjenstander som kan bl\u00e5se av g\u00e5rde. De opplyser at veier kan bli stengt som f\u00f8lge av veltede tr\u00e6r.<\/p>\n<p>  <a href=\"https:\/\/www.ba.no\/5-8-3278166\" class=\"related-teaser has-image default-story-teaser article--c-eRUmMG article--c-eRUmMG-jKCPdD-design-default\" rel=\"nofollow noopener\" target=\"_blank\"><\/p>\n<p>    <img decoding=\"async\" loading=\"lazy\"  src=\"https:\/\/www.europesays.com\/no\/wp-content\/uploads\/2026\/01\/1768224620_863_5_8_2452024_BA_nyhet_9__2___1_.jpg\" alt=\"\" class=\"brick-c-cFOWSL\" style=\"\"\/><\/p>\n<p>\n            Les ogs\u00e5<\/p>\n<p>              Kraftige vindkast: \u2013 Dette b\u00f8r folk absolutt v\u00e6re obs p\u00e5\n        <\/p>\n<p>  <\/a><br \/>\n  Opp mot syv grader<\/p>\n<p>Tsopouridis opplyser at v\u00e6rt skal bli ganske mye mildere enn det har v\u00e6rt den siste tiden. Han forteller at det n\u00e5 er 4.5 grader.<\/p>\n<p>\u2013 Det kan bli opp mot syv grader i morgen, som er en ganske stor forskjell fra kuldegradene vi hadde sist uke.<\/p>\n<p><b>Han forteller at det blir mildv\u00e6r fremover, med mindre vind enn i dag, men med regn. <\/b><\/p>\n","protected":false},"excerpt":{"rendered":"\u2013 Det har sluddet litt og det er en overgang til plussgrader som gj\u00f8r at vi har sendt&hellip;\n","protected":false},"author":2,"featured_media":135524,"comment_status":"","ping_status":"","sticky":false,"template":"","format":"standard","meta":{"footnotes":""},"categories":[10],"tags":[36,20,21,102,24,25,15,22,23,13,30,28,29,14,16,1510,26,27,224,553],"class_list":{"0":"post-135523","1":"post","2":"type-post","3":"status-publish","4":"format-standard","5":"has-post-thumbnail","7":"category-norge","8":"tag-art","9":"tag-breaking-news","10":"tag-breakingnews","11":"tag-farevarsel","12":"tag-featured-news","13":"tag-featurednews","14":"tag-headlines","15":"tag-latest-news","16":"tag-latestnews","17":"tag-news","18":"tag-no","19":"tag-norge","20":"tag-norway","21":"tag-nyheter","22":"tag-overskrifter","23":"tag-story","24":"tag-top-stories","25":"tag-topstories","26":"tag-trafikk","27":"tag-vaer"},"share_on_mastodon":{"url":"https:\/\/pubeurope.com\/@no\/115882375431553290","error":""},"_links":{"self":[{"href":"https:\/\/www.europesays.com\/no\/wp-json\/wp\/v2\/posts\/135523","targetHints":{"allow":["GET"]}}],"collection":[{"href":"https:\/\/www.europesays.com\/no\/wp-json\/wp\/v2\/posts"}],"about":[{"href":"https:\/\/www.europesays.com\/no\/wp-json\/wp\/v2\/types\/post"}],"author":[{"embeddable":true,"href":"https:\/\/www.europesays.com\/no\/wp-json\/wp\/v2\/users\/2"}],"replies":[{"embeddable":true,"href":"https:\/\/www.europesays.com\/no\/wp-json\/wp\/v2\/comments?post=135523"}],"version-history":[{"count":0,"href":"https:\/\/www.europesays.com\/no\/wp-json\/wp\/v2\/posts\/135523\/revisions"}],"wp:featuredmedia":[{"embeddable":true,"href":"https:\/\/www.europesays.com\/no\/wp-json\/wp\/v2\/media\/135524"}],"wp:attachment":[{"href":"https:\/\/www.europesays.com\/no\/wp-json\/wp\/v2\/media?parent=135523"}],"wp:term":[{"taxonomy":"category","embeddable":true,"href":"https:\/\/www.europesays.com\/no\/wp-json\/wp\/v2\/categories?post=135523"},{"taxonomy":"post_tag","embeddable":true,"href":"https:\/\/www.europesays.com\/no\/wp-json\/wp\/v2\/tags?post=135523"}],"curies":[{"name":"wp","href":"https:\/\/api.w.org\/{rel}","templated":true}]}}