{"id":135525,"date":"2026-01-12T13:32:07","date_gmt":"2026-01-12T13:32:07","guid":{"rendered":"https:\/\/www.europesays.com\/no\/135525\/"},"modified":"2026-01-12T13:32:07","modified_gmt":"2026-01-12T13:32:07","slug":"ikke-bra-av-meg","status":"publish","type":"post","link":"https:\/\/www.europesays.com\/no\/135525\/","title":{"rendered":"\u2013 Ikke bra av meg"},"content":{"rendered":"\n<p class=\"_lead_o9xde_2 _lead_xtcu6_50 layout-component text-serif-m layout-normal text-serif-l layout-component layout-wide layout-padded _wide_17hqh_1 layout-padded\">Diego Simeone angrer p\u00e5 at han ga Vinicius Junior en sleivete kommentar under semifinalen i supercupen nylig.<\/p>\n<p><img alt=\"Atletico Madrid-trener Diego Simeone beklaget kommentaren til Vinicius Junior sist uke.  Foto: Altaf Qadri \/ AP \/ NTB\" class=\"_image_qp4xg_65 layout-component layout-wide\" data-fullscreen- data-track-element-type=\"Article image fullscreen\" data-track-name=\"ImageFullscreen\" fetchpriority=\"high\" decoding=\"sync\" loading=\"eager\" height=\"2375\" itemprop=\"image\"  src=\"https:\/\/www.europesays.com\/no\/wp-content\/uploads\/2026\/01\/dc2bb6b9-d7c9-4f53-bf54-7dcf130e1078.jpeg\"  style=\"object-position:0% 0%\" width=\"3562\"\/>Atletico Madrid-trener Diego Simeone beklaget kommentaren til Vinicius Junior sist uke.  Foto: Altaf Qadri \/ AP \/ NTB<\/p>\n<ul aria-hidden=\"true\" class=\"_images_ntbth_112\">\n<li><a class=\"_link_ntbth_117\" href=\"https:\/\/www.vg.no\/forfatter\/ntb\" style=\"z-index:1\" title=\"NTB\" rel=\"nofollow noopener\" target=\"_blank\"><img alt=\"Bilde av NTB\" class=\"_image_ntbth_93\" fetchpriority=\"low\" loading=\"lazy\" decoding=\"async\" itemprop=\"image\"  src=\"https:\/\/www.europesays.com\/no\/wp-content\/uploads\/2026\/01\/1768224727_485_c33980b0-5d07-4027-84a1-813f90a7c8d6.png\"  width=\"480\"\/><\/a><\/li>\n<\/ul>\n<p> Oppdatert mandag 12. januar kl. 13:57     <\/p>\n<p class=\"_paragraph_o9xde_4 _paragraph_xtcu6_10 layout-component text-serif-m layout-normal text-serif-m layout-padded\">Situasjonen skjedde da Vinicius ble byttet ut i torsdagens kamp i Saudi-Arabia. TV-bildene viste at Atl\u00e9tico Madrid-trener Simeone ga Vinicius en beskjed da sistnevnte var p\u00e5 vei av banen. Den brasilianske kantspilleren tente til, og duoen utvekslet flere ord.<\/p>\n<p class=\"_paragraph_o9xde_4 _paragraph_xtcu6_10 layout-component text-serif-m layout-normal text-serif-m layout-padded\">Flere medier har i etterkant skrevet at Simeone skal ha sagt at \u00abReal Madrid s\u00e5 etter \u00e5 kvitte seg med Vinicius\u00bb.<\/p>\n<p class=\"_paragraph_o9xde_4 _paragraph_xtcu6_10 layout-component text-serif-m layout-normal text-serif-m layout-padded\">Brasilianeren svarte senere med en melding i sosiale medier, der beskjeden til Simeone var at \u00abdu har tapt enda en utslagskamp\u00bb. Real Madrid vant oppgj\u00f8ret 2-1. Alexander S\u00f8rloth scoret Atl\u00e9ticos m\u00e5l.<\/p>\n<p class=\"_paragraph_o9xde_4 _paragraph_xtcu6_10 layout-component text-serif-m layout-normal text-serif-m layout-padded\">Mandag tok Simeone ordet p\u00e5 en pressekonferanse f\u00f8r en cupkamp denne uken. Der viste han anger b\u00e5de overfor Vinicius og Real Madrids klubbpresident Florentino P\u00e9rez.<\/p>\n<p class=\"_paragraph_o9xde_4 _paragraph_xtcu6_10 layout-component text-serif-m layout-normal text-serif-m layout-padded\">\u2013 Jeg \u00f8nsker \u00e5 beklage overfor Florentino P\u00e9rez og Vinicius Junior for episoden. Det var ikke bra av meg \u00e5 sette meg selv i den posisjonen, og jeg aksepterer at jeg gjorde en feil, sa argentineren.<\/p>\n<p class=\"_paragraph_o9xde_4 _paragraph_xtcu6_10 layout-component text-serif-m layout-normal text-serif-m layout-padded\">\u2013 Real fortjente \u00e5 g\u00e5 videre, la han til.<\/p>\n<p class=\"_paragraph_o9xde_4 _paragraph_xtcu6_10 layout-component text-serif-m layout-normal text-serif-m layout-padded\">Barcelona ble supercupmester med 3-2-seier i s\u00f8ndagens finale.<\/p>\n","protected":false},"excerpt":{"rendered":"Diego Simeone angrer p\u00e5 at han ga Vinicius Junior en sleivete kommentar under semifinalen i supercupen nylig. Atletico&hellip;\n","protected":false},"author":2,"featured_media":135526,"comment_status":"","ping_status":"","sticky":false,"template":"","format":"standard","meta":{"footnotes":""},"categories":[59],"tags":[30,28,29,83,82],"class_list":{"0":"post-135525","1":"post","2":"type-post","3":"status-publish","4":"format-standard","5":"has-post-thumbnail","7":"category-sport","8":"tag-no","9":"tag-norge","10":"tag-norway","11":"tag-sport","12":"tag-sports"},"share_on_mastodon":{"url":"https:\/\/pubeurope.com\/@no\/115882383304489454","error":""},"_links":{"self":[{"href":"https:\/\/www.europesays.com\/no\/wp-json\/wp\/v2\/posts\/135525","targetHints":{"allow":["GET"]}}],"collection":[{"href":"https:\/\/www.europesays.com\/no\/wp-json\/wp\/v2\/posts"}],"about":[{"href":"https:\/\/www.europesays.com\/no\/wp-json\/wp\/v2\/types\/post"}],"author":[{"embeddable":true,"href":"https:\/\/www.europesays.com\/no\/wp-json\/wp\/v2\/users\/2"}],"replies":[{"embeddable":true,"href":"https:\/\/www.europesays.com\/no\/wp-json\/wp\/v2\/comments?post=135525"}],"version-history":[{"count":0,"href":"https:\/\/www.europesays.com\/no\/wp-json\/wp\/v2\/posts\/135525\/revisions"}],"wp:featuredmedia":[{"embeddable":true,"href":"https:\/\/www.europesays.com\/no\/wp-json\/wp\/v2\/media\/135526"}],"wp:attachment":[{"href":"https:\/\/www.europesays.com\/no\/wp-json\/wp\/v2\/media?parent=135525"}],"wp:term":[{"taxonomy":"category","embeddable":true,"href":"https:\/\/www.europesays.com\/no\/wp-json\/wp\/v2\/categories?post=135525"},{"taxonomy":"post_tag","embeddable":true,"href":"https:\/\/www.europesays.com\/no\/wp-json\/wp\/v2\/tags?post=135525"}],"curies":[{"name":"wp","href":"https:\/\/api.w.org\/{rel}","templated":true}]}}