{"id":135529,"date":"2026-01-12T13:36:07","date_gmt":"2026-01-12T13:36:07","guid":{"rendered":"https:\/\/www.europesays.com\/no\/135529\/"},"modified":"2026-01-12T13:36:07","modified_gmt":"2026-01-12T13:36:07","slug":"polen-ungarn-polsk-eksminister-zbigniew-ziobro-far-asyl-i-ungarn","status":"publish","type":"post","link":"https:\/\/www.europesays.com\/no\/135529\/","title":{"rendered":"Polen, Ungarn | Polsk eksminister Zbigniew Ziobro f\u00e5r asyl i Ungarn"},"content":{"rendered":"\n<p>Ungarns utenriksminister Peter Szijjarto bekrefter mandag at Ungarn har gitt \u00abasyl eller flyktningstatus til individer som risikerer politisk forf\u00f8lgelse i Polen\u00bb, men uten \u00e5 gi noen navn.<\/p>\n<p>Ziobro, som tilh\u00f8rer det polske partiet Lov og rettferdighet (PiS), er siktet i Polen for \u00e5 ha misbrukt sin makt og bedrevet organisert kriminell aktivitet, og for \u00e5 ha undersl\u00e5tt rundt 40 millioner euro \u00f8remerket ofre for kriminalitet.<\/p>\n<p><b>Les ogs\u00e5: <a class=\"simple-relation related-teaser article--c-eRUmMG article--c-eRUmMG-fZoQSp-design-nettavisen article--c-eRUmMG-gwthdJ-cv\" href=\"https:\/\/www.nettavisen.no\/russisk-ishockeyspiller-pagrepet-for-spionasje-i-polen\/s\/5-95-1196766\" rel=\"nofollow noopener\" target=\"_blank\">Russisk ishockeyspiller p\u00e5grepet for spionasje i Polen<\/a><\/b><\/p>\n<p>26 tiltalepunkter<\/p>\n<p>Han skal ha brukt pengene til \u00e5 kj\u00f8pe ulovlige israelske spionprogrammer, angivelig for \u00e5 overv\u00e5ke politiske motstandere.<\/p>\n<p>Den omfattende tiltalen er p\u00e5 hele 26 punkter, og Ziobro risikerer 25 \u00e5rs fengsel, if\u00f8lge AFP.<\/p>\n<p>Selv hevder Ziobro at han er utsatt for en politisk heksejakt og en \u00abpersonlig vendetta\u00bb av Polens statsminister Donald Tusk.<\/p>\n<p>Sto bak omstridte reformer<\/p>\n<p>Ziobro sto bak de omstridte lovendringene som kneblet b\u00e5de pressen og rettsvesenet i Polen midt p\u00e5 2010-tallet.<\/p>\n<p>Justisreformen ga regjeringspartiet makt til \u00e5 fjerne sittende dommere og h\u00e5ndplukke nye.<\/p>\n<p>EU-domstolen konkluderte i 2021 med at reformen er uforenlig med EUs regelverk og rettsstatsprinsippene og d\u00f8mte Polen til \u00e5 betale store dagb\u00f8ter.<\/p>\n<p>(\u00a9NTB)<\/p>\n","protected":false},"excerpt":{"rendered":"Ungarns utenriksminister Peter Szijjarto bekrefter mandag at Ungarn har gitt \u00abasyl eller flyktningstatus til individer som risikerer politisk&hellip;\n","protected":false},"author":2,"featured_media":135530,"comment_status":"","ping_status":"","sticky":false,"template":"","format":"standard","meta":{"footnotes":""},"categories":[12],"tags":[20,21,24,25,15,22,23,13,30,28,29,14,16,26,27,42,43,44,45],"class_list":{"0":"post-135529","1":"post","2":"type-post","3":"status-publish","4":"format-standard","5":"has-post-thumbnail","7":"category-verden","8":"tag-breaking-news","9":"tag-breakingnews","10":"tag-featured-news","11":"tag-featurednews","12":"tag-headlines","13":"tag-latest-news","14":"tag-latestnews","15":"tag-news","16":"tag-no","17":"tag-norge","18":"tag-norway","19":"tag-nyheter","20":"tag-overskrifter","21":"tag-top-stories","22":"tag-topstories","23":"tag-verden","24":"tag-world","25":"tag-world-news","26":"tag-worldnews"},"share_on_mastodon":{"url":"https:\/\/pubeurope.com\/@no\/115882399092906785","error":""},"_links":{"self":[{"href":"https:\/\/www.europesays.com\/no\/wp-json\/wp\/v2\/posts\/135529","targetHints":{"allow":["GET"]}}],"collection":[{"href":"https:\/\/www.europesays.com\/no\/wp-json\/wp\/v2\/posts"}],"about":[{"href":"https:\/\/www.europesays.com\/no\/wp-json\/wp\/v2\/types\/post"}],"author":[{"embeddable":true,"href":"https:\/\/www.europesays.com\/no\/wp-json\/wp\/v2\/users\/2"}],"replies":[{"embeddable":true,"href":"https:\/\/www.europesays.com\/no\/wp-json\/wp\/v2\/comments?post=135529"}],"version-history":[{"count":0,"href":"https:\/\/www.europesays.com\/no\/wp-json\/wp\/v2\/posts\/135529\/revisions"}],"wp:featuredmedia":[{"embeddable":true,"href":"https:\/\/www.europesays.com\/no\/wp-json\/wp\/v2\/media\/135530"}],"wp:attachment":[{"href":"https:\/\/www.europesays.com\/no\/wp-json\/wp\/v2\/media?parent=135529"}],"wp:term":[{"taxonomy":"category","embeddable":true,"href":"https:\/\/www.europesays.com\/no\/wp-json\/wp\/v2\/categories?post=135529"},{"taxonomy":"post_tag","embeddable":true,"href":"https:\/\/www.europesays.com\/no\/wp-json\/wp\/v2\/tags?post=135529"}],"curies":[{"name":"wp","href":"https:\/\/api.w.org\/{rel}","templated":true}]}}