{"id":135531,"date":"2026-01-12T13:37:23","date_gmt":"2026-01-12T13:37:23","guid":{"rendered":"https:\/\/www.europesays.com\/no\/135531\/"},"modified":"2026-01-12T13:37:23","modified_gmt":"2026-01-12T13:37:23","slug":"nyhende-ver-sender-ut-nytt-farevarsel","status":"publish","type":"post","link":"https:\/\/www.europesays.com\/no\/135531\/","title":{"rendered":"Nyhende, Ver | Sender ut nytt farevarsel"},"content":{"rendered":"\n<p>M\u00e5ndag f\u00f8remiddag sender meteorologane ut eit nytt farevarsel, denne gongen for is.<\/p>\n<p><b>Det er lokalt fare for is p\u00e5 grunn av regn som frys p\u00e5 kald bakke og overgang til mildv\u00ear. <\/b><\/p>\n<p>\u2013 I h\u00f8gda og enkelte stader i indre strok vil nedb\u00f8ren koma fyrst som sludd og sn\u00f8. Faren minkar fyrst i ytre strok, st\u00e5r det i meldinga.<\/p>\n<p>Dette f\u00f8rer til at det lokalt kan verta vanskelege k\u00f8yreforhold.<\/p>\n<p>\u2013 Rekn med ekstra tid til transport og k\u00f8yring. Bruk riktige dekk og k\u00f8yr etter forholda, oppmodar meteorologane.<\/p>\n<p>Dei \u00e5tvarar mot b\u00e5de v\u00e5t is i vegbanen, og h\u00e5lkef\u00f8re.<\/p>\n<p><b>Vakthavande meteorolog Leonidas Tsopouridis fortel at for Voss vert v\u00earet varierande framover.<\/b><\/p>\n<p>Gradene framover vil nemleg variera mellom \u00e5 vera p\u00e5 minus- og plussida. I tillegg vert det nedb\u00f8r.<\/p>\n<p>\u2013 Isvarselet som er sendt ut vil for Voss gjelda mest i morgon og onsdag, fortel Tsopouridis.<\/p>\n<p>\u2013 I morgon er det venta ein ny runde med nedb\u00f8r i l\u00f8pet av dagen. Som i dag kjem det nok fyrst som sn\u00f8, men s\u00e5 vert det gradvis overgang til plussgrader.<\/p>\n<p>Fr\u00e5 f\u00f8r av det farevarsel for b\u00e5de kraftige vindkast og betydeleg sn\u00f8skredfare.<\/p>\n<p>\u2013 For Voss sin del bl\u00e6s det ikkje s\u00e5 mykje, meir p\u00e5 fjella kring Voss.<\/p>\n<p>  <a href=\"https:\/\/www.avisa-hordaland.no\/5-132-1048596\" class=\"related-teaser has-image default-story-teaser article--c-eRUmMG article--c-eRUmMG-jKCPdD-design-default\" rel=\"nofollow noopener\" target=\"_blank\"><\/p>\n<p>    <img decoding=\"async\" loading=\"lazy\"  src=\"https:\/\/www.europesays.com\/no\/wp-content\/uploads\/2026\/01\/Skjermbilde+2026-01-12+080228.png\" alt=\"\" class=\"brick-c-cFOWSL\" style=\"\"\/><\/p>\n<p>\n            Les ogs\u00e5<\/p>\n<p>              Betydeleg fare for sn\u00f8skred\n        <\/p>\n<p>  <\/a><\/p>\n<p>  <a href=\"https:\/\/www.avisa-hordaland.no\/5-132-1048239\" class=\"related-teaser has-image default-story-teaser article--c-eRUmMG article--c-eRUmMG-jKCPdD-design-default\" rel=\"nofollow noopener\" target=\"_blank\"><\/p>\n<p>    <img decoding=\"async\" loading=\"lazy\"  src=\"https:\/\/www.europesays.com\/no\/wp-content\/uploads\/2026\/01\/5_132_356587_b7cd1cb6_20a1_4570_baa0_b9de165fb862.jpg\" alt=\"\" class=\"brick-c-cFOWSL\" style=\"\"\/><\/p>\n<p>\n            Les ogs\u00e5<\/p>\n<p>              Uv\u00ear i vente \u2013 BKK skjerpar beredskapen\n        <\/p>\n<p>  <\/a><\/p>\n","protected":false},"excerpt":{"rendered":"M\u00e5ndag f\u00f8remiddag sender meteorologane ut eit nytt farevarsel, denne gongen for is. Det er lokalt fare for is&hellip;\n","protected":false},"author":2,"featured_media":135524,"comment_status":"","ping_status":"","sticky":false,"template":"","format":"standard","meta":{"footnotes":""},"categories":[10],"tags":[36,20,21,24,25,15,22,23,13,30,28,29,4966,14,16,1510,26,27,8543,1847],"class_list":{"0":"post-135531","1":"post","2":"type-post","3":"status-publish","4":"format-standard","5":"has-post-thumbnail","7":"category-norge","8":"tag-art","9":"tag-breaking-news","10":"tag-breakingnews","11":"tag-featured-news","12":"tag-featurednews","13":"tag-headlines","14":"tag-latest-news","15":"tag-latestnews","16":"tag-news","17":"tag-no","18":"tag-norge","19":"tag-norway","20":"tag-nyhende","21":"tag-nyheter","22":"tag-overskrifter","23":"tag-story","24":"tag-top-stories","25":"tag-topstories","26":"tag-ver","27":"tag-voss"},"share_on_mastodon":{"url":"https:\/\/pubeurope.com\/@no\/115882402989982273","error":""},"_links":{"self":[{"href":"https:\/\/www.europesays.com\/no\/wp-json\/wp\/v2\/posts\/135531","targetHints":{"allow":["GET"]}}],"collection":[{"href":"https:\/\/www.europesays.com\/no\/wp-json\/wp\/v2\/posts"}],"about":[{"href":"https:\/\/www.europesays.com\/no\/wp-json\/wp\/v2\/types\/post"}],"author":[{"embeddable":true,"href":"https:\/\/www.europesays.com\/no\/wp-json\/wp\/v2\/users\/2"}],"replies":[{"embeddable":true,"href":"https:\/\/www.europesays.com\/no\/wp-json\/wp\/v2\/comments?post=135531"}],"version-history":[{"count":0,"href":"https:\/\/www.europesays.com\/no\/wp-json\/wp\/v2\/posts\/135531\/revisions"}],"wp:featuredmedia":[{"embeddable":true,"href":"https:\/\/www.europesays.com\/no\/wp-json\/wp\/v2\/media\/135524"}],"wp:attachment":[{"href":"https:\/\/www.europesays.com\/no\/wp-json\/wp\/v2\/media?parent=135531"}],"wp:term":[{"taxonomy":"category","embeddable":true,"href":"https:\/\/www.europesays.com\/no\/wp-json\/wp\/v2\/categories?post=135531"},{"taxonomy":"post_tag","embeddable":true,"href":"https:\/\/www.europesays.com\/no\/wp-json\/wp\/v2\/tags?post=135531"}],"curies":[{"name":"wp","href":"https:\/\/api.w.org\/{rel}","templated":true}]}}