{"id":135537,"date":"2026-01-12T13:46:09","date_gmt":"2026-01-12T13:46:09","guid":{"rendered":"https:\/\/www.europesays.com\/no\/135537\/"},"modified":"2026-01-12T13:46:09","modified_gmt":"2026-01-12T13:46:09","slug":"nokkelperson-i-foxtrot-nettverket-er-pagrepet","status":"publish","type":"post","link":"https:\/\/www.europesays.com\/no\/135537\/","title":{"rendered":"N\u00f8kkelperson i Foxtrot-nettverket er p\u00e5grepet"},"content":{"rendered":"\n<p class=\"_lead_o9xde_2 _lead_xtcu6_50 layout-component text-serif-m layout-normal text-serif-l layout-component layout-wide layout-padded _wide_17hqh_1 layout-padded\">Politiet kaller p\u00e5gripelsen av Ali Shehab for et strategisk gjennombrudd, skriver nyhetsbyr\u00e5et TT.<\/p>\n<ul aria-hidden=\"true\" class=\"_images_ntbth_112\">\n<li><a class=\"_link_ntbth_117\" href=\"https:\/\/www.vg.no\/forfatter\/bendik-hansen\" style=\"z-index:2\" title=\"Bendik Hansen\" rel=\"nofollow noopener\" target=\"_blank\"><img alt=\"Bilde av Bendik Hansen\" class=\"_image_ntbth_93\" fetchpriority=\"low\" loading=\"lazy\" decoding=\"async\" itemprop=\"image\"  src=\"https:\/\/www.europesays.com\/no\/wp-content\/uploads\/2026\/01\/1768225567_692_236bc5a3-2236-4046-b957-81f29d024aa6.jpeg\"  width=\"480\"\/><\/a><\/li>\n<li><a class=\"_link_ntbth_117\" href=\"https:\/\/www.vg.no\/forfatter\/ntb\" style=\"z-index:1\" title=\"NTB\" rel=\"nofollow noopener\" target=\"_blank\"><img alt=\"Bilde av NTB\" class=\"_image_ntbth_93\" fetchpriority=\"low\" loading=\"lazy\" decoding=\"async\" itemprop=\"image\"  src=\"https:\/\/www.europesays.com\/no\/wp-content\/uploads\/2026\/01\/1768225567_499_c33980b0-5d07-4027-84a1-813f90a7c8d6.png\"  width=\"480\"\/><\/a><\/li>\n<\/ul>\n<p> Oppdatert mandag 12. januar kl. 14:44     <\/p>\n<p class=\"_paragraph_o9xde_4 _paragraph_xtcu6_10 layout-component text-serif-m layout-normal text-serif-m layout-padded\">21 \u00e5r gamle Ali Shehab ble arrestert i Irak i desember, sier rikspolitisjef Petra Lundh og visepolitisjef Stefan Hector til nyhetsbyr\u00e5et TT. <\/p>\n<p class=\"_paragraph_o9xde_4 _paragraph_xtcu6_10 layout-component text-serif-m layout-normal text-serif-m layout-padded\">Det skriver <a href=\"https:\/\/www.expressen.se\/nyheter\/expressen-direkt\/?post=f1053e14-68f5-43cd-bd01-a099984d327f\" class=\"_link_o9xde_39\" rel=\"nofollow noopener\" target=\"_blank\">Expressen<\/a> og <a href=\"https:\/\/www.aftonbladet.se\/nyheter\/a\/Rr77qd\/aftonbladet-direkt?pinnedEntry=1438572\" class=\"_link_o9xde_39\" rel=\"nofollow noopener\" target=\"_blank\">Aftonbladet<\/a>. <\/p>\n<p class=\"_paragraph_o9xde_4 _paragraph_xtcu6_10 layout-component text-serif-m layout-normal text-serif-m layout-padded\">Shehab beskrives som en sentral akt\u00f8r og n\u00f8kkelfigur i det svenske kriminelle Foxtrot-nettverketFoxtrot-nettverketKriminelt nettverk som styres av Rawa Majid, ogs\u00e5 kjent som \u00abDen kurdiske reven\u00bb. Har fors\u00f8kt \u00e5 etablere seg som en hoved-distribut\u00f8r av narkotika i Sverige, noe som har f\u00f8rt til voldelige og eskalerende konflikter. . 21-\u00e5ringen har v\u00e6rt internasjonalt etterlyst i lang tid, og har st\u00e5tt p\u00e5 Europols \u00abMost wanted\u00bb-liste. <\/p>\n<p class=\"_paragraph_o9xde_4 _paragraph_xtcu6_10 layout-component text-serif-m layout-normal text-serif-m layout-padded\"><strong class=\"_strong_o9xde_25\">\u2013 Denne personen st\u00e5r den \u00f8verste lederen i Foxtrot veldig n\u00e6r, sier Lundh.<\/strong><\/p>\n<p class=\"_paragraph_o9xde_4 _paragraph_xtcu6_10 layout-component text-serif-m layout-normal text-serif-m layout-padded\">Videre sider hun:<\/p>\n<p class=\"_paragraph_o9xde_4 _paragraph_xtcu6_10 layout-component text-serif-m layout-normal text-serif-m layout-padded\">\u2013 Han er en person som beordrer mord. Han har v\u00e6rt i Irak og gitt disse ordrene.<\/p>\n<p class=\"_paragraph_o9xde_4 _paragraph_xtcu6_10 layout-component text-serif-m layout-normal text-serif-m layout-padded\">21-\u00e5ringen sitter varetektsfengslet \u00abin absentia\u00bb\u00abin absentia\u00bbBetyr at en person blir fengslet av retten f\u00f8r selve rettssaken, selv om vedkommende ikke er til stede eller ikke kan lokaliseres, alts\u00e5 &laquo;i frav\u00e6r av&raquo; den siktede, og brukes i saker hvor personen er mistenkt for alvorlig kriminalitet og ikke m\u00f8ter opp. i flere tingretter for et stort antall tilfeller av \u00e5 ha f\u00e5tt andre til \u00e5 ha beg\u00e5tt drap, drapsfors\u00f8k og sammensvergelser om drap. <\/p>\n<p class=\"_paragraph_o9xde_4 _paragraph_xtcu6_10 layout-component text-serif-m layout-normal text-serif-m layout-padded\">Dette gjelder <a href=\"https:\/\/www.vg.no\/nyheter\/i\/onPm7j\/15-aar-gamle-elias-ble-drept-i-farsta\" data-track-element-type=\"Link\" data-track-id=\"link:onPm7j\" class=\"_link_o9xde_39\" rel=\"nofollow noopener\" target=\"_blank\">masseskytingen i Farsta i 2023<\/a>, og den i <a href=\"https:\/\/www.vg.no\/nyheter\/i\/lw7bvk\/aftonbladet-flere-personer-skadet-etter-smell-i-gavle-i-sverige\" data-track-element-type=\"Link\" data-track-id=\"link:lw7bvk\" class=\"_link_o9xde_39\" rel=\"nofollow noopener\" target=\"_blank\">G\u00e4vla i oktober<\/a> i fjor. <\/p>\n<p class=\"_paragraph_o9xde_4 _paragraph_xtcu6_10 layout-component text-serif-m layout-normal text-serif-m layout-padded\">Shehab er imidlertid arrestert i Irak for forbrytelser beg\u00e5tt i landet. Han er statsborger av b\u00e5de <a href=\"https:\/\/www.vg.no\/tag\/sverige?utm_source=vg-article&amp;utm_medium=auto-tagger&amp;utm_campaign=vrAlpw\" class=\"_link_o9xde_39\" rel=\"nofollow noopener\" target=\"_blank\">Sverige<\/a> og Irak, noe som if\u00f8lge nyhetsbyr\u00e5et gj\u00f8r det vanskelig \u00e5 utlevere ham. <\/p>\n<p>Aftenposten: Kobles til norsk 16-\u00e5ring<\/p>\n<p class=\"_paragraph_o9xde_4 _paragraph_xtcu6_10 layout-component text-serif-m layout-normal text-serif-m layout-padded\"><a href=\"https:\/\/www.aftenposten.no\/norge\/i\/Mnxwvm\/her-er-foxtrot-toppen-sammen-med-rawa-majid-naa-kobles-han-ogsaa-til-16-aaring-fra-stavanger\" class=\"_link_o9xde_39\" rel=\"nofollow noopener\" target=\"_blank\">Aftenposten<\/a> har tidligere koblet Shehab til en norsk 16-\u00e5ring, som norsk politi mener er \u00aben viktig brikke i en voldsspiral\u00bb. <\/p>\n<p class=\"_paragraph_o9xde_4 _paragraph_xtcu6_10 layout-component text-serif-m layout-normal text-serif-m layout-padded\">Nordmannen skal ha sendt oppdrag til andre ungdommer om \u00e5 drepe. Det har imidlertid v\u00e6rt ukjent hvem som var 16-\u00e5ringens \u00aboppdragsgiver\u00bb, if\u00f8lge avisen. <\/p>\n<p class=\"_paragraph_o9xde_4 _paragraph_xtcu6_10 layout-component text-serif-m layout-normal text-serif-m layout-padded\">21-\u00e5ringens identitet har tidligere v\u00e6rt skjermet av politiet og svensk rettsvesen fordi svenske myndigheter har fryktet at det kan komme hevnaksjoner. If\u00f8lge SVT anses Shehab \u00e5 v\u00e6re en n\u00e6r venn av Foxtrot-leder Rawa Majid.<\/p>\n<p class=\"_paragraph_o9xde_4 _paragraph_xtcu6_10 layout-component text-serif-m layout-normal text-serif-m layout-padded\">Den norske 16-\u00e5ringens forsvarer \u00f8nsker ikke \u00e5 svare p\u00e5 Aftenpostens sp\u00f8rsm\u00e5l om hans klient er blitt konfrontert med sitt forhold til 21-\u00e5ringen i avh\u00f8r. <\/p>\n<p class=\"_paragraph_o9xde_4 _paragraph_xtcu6_10 layout-component text-serif-m layout-normal layout-padded\"><strong class=\"_strong_o9xde_25\">Les ogs\u00e5:<\/strong> <a href=\"https:\/\/www.vg.no\/i\/jQ6Qvw\" data-track-element-type=\"Link\" data-track-id=\"link:jQ6Qvw\" class=\"_link_o9xde_39\" rel=\"nofollow noopener\" target=\"_blank\">Tidligere Foxtrot\u00ad-medlem kastet ut av Norge<\/a><\/p>\n<p>Sveriges statsminister med advarsel<\/p>\n<p class=\"_paragraph_o9xde_4 _paragraph_xtcu6_10 layout-component text-serif-m layout-normal text-serif-m layout-padded\">Sveriges statsminister Ulf Kristersson sier i en uttalelse at arrestasjonen er et resultatat av hardt arbeid fra svensk politi, p\u00e5talemyndighet og et forsterket samarbeid med Irak, skriver <a href=\"https:\/\/www.svt.se\/nyheter\/inrikes\/polisen-nyckelperson-i-foxtrot-gripen\" class=\"_link_o9xde_39\" rel=\"nofollow noopener\" target=\"_blank\">SVT<\/a>. <\/p>\n<p class=\"_paragraph_o9xde_4 _paragraph_xtcu6_10 layout-component text-serif-m layout-normal text-serif-m layout-padded\">\u2013 Til dere som gjemmer dere fra svensk rettsvesen i utlandet, vil jeg si: Dere er ikke trygge noe sted. En etter en blir svenske alvorlige kriminelle arrestert i andre land. Siden 2022 har antallet personer som er arrestert i utlandet doblet seg. Det er 280 personer bare i fjor, sier Kristersson.<\/p>\n<p>    <img decoding=\"async\" alt=\"Tips oss illustrasjon\" src=\"https:\/\/www.europesays.com\/no\/wp-content\/uploads\/2025\/10\/pssst-small.webp.webp\"\/>    <\/p>\n<p class=\"title-serif-s\">Har du tips?<\/p>\n<p class=\"text-sans-m\">Send oss informasjon, bilder eller video.<\/p>\n<p>  <a href=\"https:\/\/www.vg.no\/tips-oss\" rel=\"nofollow noopener\" target=\"_blank\"> Tips oss <\/a>      <\/p>\n","protected":false},"excerpt":{"rendered":"Politiet kaller p\u00e5gripelsen av Ali Shehab for et strategisk gjennombrudd, skriver nyhetsbyr\u00e5et TT. Oppdatert mandag 12. januar kl.&hellip;\n","protected":false},"author":2,"featured_media":135538,"comment_status":"","ping_status":"","sticky":false,"template":"","format":"standard","meta":{"footnotes":""},"categories":[12],"tags":[20,21,24,25,6439,15,15563,22,23,13,30,28,29,14,16,1359,26,27,42,43,44,45],"class_list":{"0":"post-135537","1":"post","2":"type-post","3":"status-publish","4":"format-standard","5":"has-post-thumbnail","7":"category-verden","8":"tag-breaking-news","9":"tag-breakingnews","10":"tag-featured-news","11":"tag-featurednews","12":"tag-foxtrot-nettverket","13":"tag-headlines","14":"tag-irak","15":"tag-latest-news","16":"tag-latestnews","17":"tag-news","18":"tag-no","19":"tag-norge","20":"tag-norway","21":"tag-nyheter","22":"tag-overskrifter","23":"tag-sverige","24":"tag-top-stories","25":"tag-topstories","26":"tag-verden","27":"tag-world","28":"tag-world-news","29":"tag-worldnews"},"share_on_mastodon":{"url":"","error":""},"_links":{"self":[{"href":"https:\/\/www.europesays.com\/no\/wp-json\/wp\/v2\/posts\/135537","targetHints":{"allow":["GET"]}}],"collection":[{"href":"https:\/\/www.europesays.com\/no\/wp-json\/wp\/v2\/posts"}],"about":[{"href":"https:\/\/www.europesays.com\/no\/wp-json\/wp\/v2\/types\/post"}],"author":[{"embeddable":true,"href":"https:\/\/www.europesays.com\/no\/wp-json\/wp\/v2\/users\/2"}],"replies":[{"embeddable":true,"href":"https:\/\/www.europesays.com\/no\/wp-json\/wp\/v2\/comments?post=135537"}],"version-history":[{"count":0,"href":"https:\/\/www.europesays.com\/no\/wp-json\/wp\/v2\/posts\/135537\/revisions"}],"wp:featuredmedia":[{"embeddable":true,"href":"https:\/\/www.europesays.com\/no\/wp-json\/wp\/v2\/media\/135538"}],"wp:attachment":[{"href":"https:\/\/www.europesays.com\/no\/wp-json\/wp\/v2\/media?parent=135537"}],"wp:term":[{"taxonomy":"category","embeddable":true,"href":"https:\/\/www.europesays.com\/no\/wp-json\/wp\/v2\/categories?post=135537"},{"taxonomy":"post_tag","embeddable":true,"href":"https:\/\/www.europesays.com\/no\/wp-json\/wp\/v2\/tags?post=135537"}],"curies":[{"name":"wp","href":"https:\/\/api.w.org\/{rel}","templated":true}]}}